{"id":87116,"date":"2025-04-16T08:22:50","date_gmt":"2025-04-16T11:22:50","guid":{"rendered":"https:\/\/blogdoeloiltoncajuhy.com.br\/site\/?p=87116"},"modified":"2025-04-16T08:22:52","modified_gmt":"2025-04-16T11:22:52","slug":"programa-qualifica-bahia-segue-promovendo-qualificacao-profissional-no-territorio-piemonte-norte-do-itapicuru","status":"publish","type":"post","link":"https:\/\/blogdoeloiltoncajuhy.com.br\/site\/programa-qualifica-bahia-segue-promovendo-qualificacao-profissional-no-territorio-piemonte-norte-do-itapicuru\/","title":{"rendered":"Programa Qualifica Bahia segue promovendo qualifica\u00e7\u00e3o profissional no Territ\u00f3rio Piemonte Norte do Itapicuru"},"content":{"rendered":"\n<p><strong>Blog do Eloilton Cajuhy &#8211; BEC<\/strong><\/p>\n\n\n\n<figure class=\"wp-block-image aligncenter size-full\"><a href=\"https:\/\/i0.wp.com\/blogdoeloiltoncajuhy.com.br\/site\/wp-content\/uploads\/2025\/04\/Bobo_Qualifica-Bahia-01.jpeg?ssl=1\"><img data-recalc-dims=\"1\" fetchpriority=\"high\" decoding=\"async\" width=\"760\" height=\"570\" src=\"https:\/\/i0.wp.com\/blogdoeloiltoncajuhy.com.br\/site\/wp-content\/uploads\/2025\/04\/Bobo_Qualifica-Bahia-01.jpeg?resize=760%2C570&#038;ssl=1\" alt=\"\" class=\"wp-image-87117\" srcset=\"https:\/\/i0.wp.com\/blogdoeloiltoncajuhy.com.br\/site\/wp-content\/uploads\/2025\/04\/Bobo_Qualifica-Bahia-01.jpeg?w=760&amp;ssl=1 760w, https:\/\/i0.wp.com\/blogdoeloiltoncajuhy.com.br\/site\/wp-content\/uploads\/2025\/04\/Bobo_Qualifica-Bahia-01.jpeg?resize=300%2C225&amp;ssl=1 300w\" sizes=\"(max-width: 760px) 100vw, 760px\" \/><\/a><figcaption class=\"wp-element-caption\"><sub>Foto: Divulga\u00e7\u00e3o<\/sub><\/figcaption><\/figure>\n\n\n\n<p>O Programa Qualifica Bahia, realizado pelo Governo do Estado por meio da Secretaria do Trabalho, Emprego, Renda e Esporte da Bahia &#8211; SETRE, com apoio da Tareco e Mariola, segue transformando vidas e impulsionando o desenvolvimento regional por meio da qualifica\u00e7\u00e3o profissional. At\u00e9 o m\u00eas de maio, cerca de 280 pessoas ter\u00e3o conclu\u00eddo os cursos oferecidos gratuitamente no Territ\u00f3rio do Piemonte Norte do Itapicuru.<\/p>\n\n\n\n<p>Atendendo a uma solicita\u00e7\u00e3o do deputado estadual Bob\u00f4, o programa vem fortalecendo a qualifica\u00e7\u00e3o da m\u00e3o de obra local nas \u00e1reas de com\u00e9rcio, mec\u00e2nica automotiva, montagem de m\u00f3veis, auxiliar administrativo, gastronomia, beleza, constru\u00e7\u00e3o civil e turismo, beneficiando munic\u00edpios como: Senhor do Bonfim, Andorinha, Ant\u00f4nio Gon\u00e7alves, Jaguarari e Pindoba\u00e7u. A a\u00e7\u00e3o teve como objetivo capacitar pessoas para o mercado de trabalho, promovendo novas oportunidades de gera\u00e7\u00e3o de emprego e renda.<\/p>\n\n\n\n<p><strong><mark style=\"background-color:rgba(0, 0, 0, 0)\" class=\"has-inline-color has-black-color\">Cursos j\u00e1 conclu\u00eddos:<\/mark><\/strong><br>\u2022 Jaguarari \u2013 Mec\u00e2nico de manuten\u00e7\u00e3o de autom\u00f3veis, Monitor de Turismo e Cozinheiro geral<br>\u2022 Pindoba\u00e7u \u2013 Auxiliar administrativo<br>\u2022 Senhor do Bonfim &#8211; Montador de m\u00f3veis e artefatos de madeira (Miss\u00e3o do Sahy) e Auxiliar administrativo (Igara)<\/p>\n\n\n\n<p><\/p>\n\n\n\n<figure class=\"wp-block-image aligncenter size-full\"><a href=\"https:\/\/i0.wp.com\/blogdoeloiltoncajuhy.com.br\/site\/wp-content\/uploads\/2025\/04\/Bobo_Qualifica-Bahia-02.jpeg?ssl=1\"><img data-recalc-dims=\"1\" decoding=\"async\" width=\"760\" height=\"571\" src=\"https:\/\/i0.wp.com\/blogdoeloiltoncajuhy.com.br\/site\/wp-content\/uploads\/2025\/04\/Bobo_Qualifica-Bahia-02.jpeg?resize=760%2C571&#038;ssl=1\" alt=\"\" class=\"wp-image-87118\" srcset=\"https:\/\/i0.wp.com\/blogdoeloiltoncajuhy.com.br\/site\/wp-content\/uploads\/2025\/04\/Bobo_Qualifica-Bahia-02.jpeg?w=760&amp;ssl=1 760w, https:\/\/i0.wp.com\/blogdoeloiltoncajuhy.com.br\/site\/wp-content\/uploads\/2025\/04\/Bobo_Qualifica-Bahia-02.jpeg?resize=300%2C225&amp;ssl=1 300w\" sizes=\"(max-width: 760px) 100vw, 760px\" \/><\/a><figcaption class=\"wp-element-caption\"><sub>Foto: Divulga\u00e7\u00e3o<\/sub><\/figcaption><\/figure>\n\n\n\n<p>\u201cSabemos da grande import\u00e2ncia desse programa, por isso temos buscado levar os cursos de qualifica\u00e7\u00e3o profissional ao maior n\u00famero de munic\u00edpios poss\u00edvel. Isso mostra o compromisso do governador Jer\u00f4nimo com quem mais precisa, abrindo as portas para novas oportunidades de trabalho. Somente no Territ\u00f3rio Piemonte Norte do Itapicuru, cinco munic\u00edpios receberam os cursos do Qualifica Bahia\u201d, destacou o deputado estadual Bob\u00f4.<\/p>\n\n\n\n<p><strong><mark style=\"background-color:rgba(0, 0, 0, 0)\" class=\"has-inline-color has-black-color\">Cinco turmas seguem em atividade marcando o encerramento do cronograma do primeiro semestre de 2025:<\/mark><\/strong><\/p>\n\n\n\n<p>\u2022 Andorinha \u2013 Padeiro e Confeiteiro (sede e zona rural)<br>\u2022 Senhor do Bonfim \u2013 Manipula\u00e7\u00e3o e Higieniza\u00e7\u00e3o de Carnes e Derivados (Igara), Prepara\u00e7\u00e3o de Acaraj\u00e9 e Abar\u00e1, Operador de Trator e Escavadeira (Tijua\u00e7u), Promotor de Vendas (Alto da Maravilha &#8211; CSU)<br>\u2022 Pindoba\u00e7u \u2013 Produ\u00e7\u00e3o de Doces e Salgados<\/p>\n\n\n\n<p>A expectativa \u00e9 a de que novas turmas sejam iniciadas no segundo semestre deste ano, ampliando ainda mais o alcance do Programa Qualifica Bahia.<\/p>\n\n\n\n<figure class=\"wp-block-image aligncenter size-full\"><a href=\"https:\/\/i0.wp.com\/blogdoeloiltoncajuhy.com.br\/site\/wp-content\/uploads\/2025\/04\/Bobo_Qualifica-Bahia-03.jpeg?ssl=1\"><img data-recalc-dims=\"1\" decoding=\"async\" width=\"760\" height=\"570\" src=\"https:\/\/i0.wp.com\/blogdoeloiltoncajuhy.com.br\/site\/wp-content\/uploads\/2025\/04\/Bobo_Qualifica-Bahia-03.jpeg?resize=760%2C570&#038;ssl=1\" alt=\"\" class=\"wp-image-87119\" srcset=\"https:\/\/i0.wp.com\/blogdoeloiltoncajuhy.com.br\/site\/wp-content\/uploads\/2025\/04\/Bobo_Qualifica-Bahia-03.jpeg?w=760&amp;ssl=1 760w, https:\/\/i0.wp.com\/blogdoeloiltoncajuhy.com.br\/site\/wp-content\/uploads\/2025\/04\/Bobo_Qualifica-Bahia-03.jpeg?resize=300%2C225&amp;ssl=1 300w\" sizes=\"(max-width: 760px) 100vw, 760px\" \/><\/a><figcaption class=\"wp-element-caption\"><sub>Foto: Divulga\u00e7\u00e3o<\/sub><\/figcaption><\/figure>\n\n\n\n<p><a href=\"https:\/\/whatsapp.com\/channel\/0029VaAT7tDLI8Yfj5y9Z50Z\"><strong><mark style=\"background-color:rgba(0, 0, 0, 0)\" class=\"has-inline-color has-vivid-red-color\">Siga nosso canal no WhatsApp e veja mais not\u00edcias<\/mark><\/strong><\/a><\/p>\n","protected":false},"excerpt":{"rendered":"<p>Blog do Eloilton Cajuhy &#8211; BEC O Programa Qualifica Bahia, realizado pelo Governo do Estado por meio da Secretaria do Trabalho, Emprego, Renda e Esporte da Bahia &#8211; SETRE, com apoio da Tareco e Mariola, segue transformando vidas e impulsionando o desenvolvimento regional por meio da qualifica\u00e7\u00e3o profissional. At\u00e9 o m\u00eas de maio, cerca de [&hellip;]<\/p>\n","protected":false},"author":2,"featured_media":87119,"comment_status":"open","ping_status":"open","sticky":false,"template":"","format":"standard","meta":{"_acf_changed":false,"_monsterinsights_skip_tracking":false,"_monsterinsights_sitenote_active":false,"_monsterinsights_sitenote_note":"","_monsterinsights_sitenote_category":0,"_jetpack_memberships_contains_paid_content":false,"footnotes":"","jetpack_publicize_message":"","jetpack_publicize_feature_enabled":true,"jetpack_social_post_already_shared":false,"jetpack_social_options":{"image_generator_settings":{"template":"highway","enabled":false},"version":2}},"categories":[32],"tags":[],"class_list":["post-87116","post","type-post","status-publish","format-standard","has-post-thumbnail","hentry","category-emprego"],"acf":[],"jetpack_publicize_connections":[],"jetpack_featured_media_url":"https:\/\/i0.wp.com\/blogdoeloiltoncajuhy.com.br\/site\/wp-content\/uploads\/2025\/04\/Bobo_Qualifica-Bahia-03.jpeg?fit=760%2C570&ssl=1","jetpack_sharing_enabled":true,"publishpress_future_workflow_manual_trigger":{"enabledWorkflows":[]},"_links":{"self":[{"href":"https:\/\/blogdoeloiltoncajuhy.com.br\/site\/wp-json\/wp\/v2\/posts\/87116","targetHints":{"allow":["GET"]}}],"collection":[{"href":"https:\/\/blogdoeloiltoncajuhy.com.br\/site\/wp-json\/wp\/v2\/posts"}],"about":[{"href":"https:\/\/blogdoeloiltoncajuhy.com.br\/site\/wp-json\/wp\/v2\/types\/post"}],"author":[{"embeddable":true,"href":"https:\/\/blogdoeloiltoncajuhy.com.br\/site\/wp-json\/wp\/v2\/users\/2"}],"replies":[{"embeddable":true,"href":"https:\/\/blogdoeloiltoncajuhy.com.br\/site\/wp-json\/wp\/v2\/comments?post=87116"}],"version-history":[{"count":1,"href":"https:\/\/blogdoeloiltoncajuhy.com.br\/site\/wp-json\/wp\/v2\/posts\/87116\/revisions"}],"predecessor-version":[{"id":87120,"href":"https:\/\/blogdoeloiltoncajuhy.com.br\/site\/wp-json\/wp\/v2\/posts\/87116\/revisions\/87120"}],"wp:featuredmedia":[{"embeddable":true,"href":"https:\/\/blogdoeloiltoncajuhy.com.br\/site\/wp-json\/wp\/v2\/media\/87119"}],"wp:attachment":[{"href":"https:\/\/blogdoeloiltoncajuhy.com.br\/site\/wp-json\/wp\/v2\/media?parent=87116"}],"wp:term":[{"taxonomy":"category","embeddable":true,"href":"https:\/\/blogdoeloiltoncajuhy.com.br\/site\/wp-json\/wp\/v2\/categories?post=87116"},{"taxonomy":"post_tag","embeddable":true,"href":"https:\/\/blogdoeloiltoncajuhy.com.br\/site\/wp-json\/wp\/v2\/tags?post=87116"}],"curies":[{"name":"wp","href":"https:\/\/api.w.org\/{rel}","templated":true}]}}