{"id":87080,"date":"2025-04-14T15:07:15","date_gmt":"2025-04-14T18:07:15","guid":{"rendered":"https:\/\/blogdoeloiltoncajuhy.com.br\/site\/?p=87080"},"modified":"2025-04-14T15:07:17","modified_gmt":"2025-04-14T18:07:17","slug":"governo-lula-preve-salario-minimo-de-r-1-627-em-2026","status":"publish","type":"post","link":"https:\/\/blogdoeloiltoncajuhy.com.br\/site\/governo-lula-preve-salario-minimo-de-r-1-627-em-2026\/","title":{"rendered":"Governo Lula prev\u00ea sal\u00e1rio m\u00ednimo de R$ 1.627 em 2026"},"content":{"rendered":"\n<p class=\"has-medium-font-size\"><strong>Estimativa subiu devido \u00e0 infla\u00e7\u00e3o maior; ganho real foi limitado a at\u00e9 2,5% por lei aprovada ano passado.<\/strong><\/p>\n\n\n\n<p><strong>Por Folha de S.Paulo<\/strong><\/p>\n\n\n\n<figure class=\"wp-block-image aligncenter size-full\"><a href=\"https:\/\/i0.wp.com\/blogdoeloiltoncajuhy.com.br\/site\/wp-content\/uploads\/2025\/04\/Presidente-Luiz-Inacio-Lula-da-Silva-PT-Foto-Bruno-Santos-Folhapress.jpg?ssl=1\"><img data-recalc-dims=\"1\" fetchpriority=\"high\" decoding=\"async\" width=\"740\" height=\"493\" src=\"https:\/\/i0.wp.com\/blogdoeloiltoncajuhy.com.br\/site\/wp-content\/uploads\/2025\/04\/Presidente-Luiz-Inacio-Lula-da-Silva-PT-Foto-Bruno-Santos-Folhapress.jpg?resize=740%2C493&#038;ssl=1\" alt=\"\" class=\"wp-image-87081\" srcset=\"https:\/\/i0.wp.com\/blogdoeloiltoncajuhy.com.br\/site\/wp-content\/uploads\/2025\/04\/Presidente-Luiz-Inacio-Lula-da-Silva-PT-Foto-Bruno-Santos-Folhapress.jpg?w=740&amp;ssl=1 740w, https:\/\/i0.wp.com\/blogdoeloiltoncajuhy.com.br\/site\/wp-content\/uploads\/2025\/04\/Presidente-Luiz-Inacio-Lula-da-Silva-PT-Foto-Bruno-Santos-Folhapress.jpg?resize=300%2C200&amp;ssl=1 300w\" sizes=\"(max-width: 740px) 100vw, 740px\" \/><\/a><figcaption class=\"wp-element-caption\"><sub>O presidente Luiz In\u00e1cio Lula da Silva (PT), em evento da ind\u00fastria da constru\u00e7\u00e3o, em S\u00e3o Paulo &#8211; Foto: Bruno Santos\/Folhapress<\/sub><\/figcaption><\/figure>\n\n\n\n<p>O governo de Luiz In\u00e1cio Lula da Silva (PT) prev\u00ea um sal\u00e1rio m\u00ednimo de R$ 1.627 em 2026, segundo t\u00e9cnicos do governo ouvidos pela Folha.<\/p>\n\n\n\n<p>O valor constar\u00e1 no PLDO (projeto de Lei de Diretrizes Or\u00e7ament\u00e1rias) de 2026, a ser enviado ao Congresso Nacional nesta ter\u00e7a-feira (15).<\/p>\n\n\n\n<p>Se confirmado no futuro, representar\u00e1 um aumento de 7,18% em rela\u00e7\u00e3o ao piso atual, que \u00e9 de R$ 1.518.<\/p>\n\n\n\n<p><a href=\"https:\/\/whatsapp.com\/channel\/0029VaAT7tDLI8Yfj5y9Z50Z\"><strong><mark style=\"background-color:rgba(0, 0, 0, 0)\" class=\"has-inline-color has-vivid-red-color\">Siga nosso canal no WhatsApp e veja mais not\u00edcias<\/mark><\/strong><\/a><\/p>\n\n\n\n<p>Um dos t\u00e9cnicos diz, por\u00e9m, que o governo j\u00e1 tem atualiza\u00e7\u00f5es que indicam a possibilidade de um sal\u00e1rio m\u00ednimo at\u00e9 maior, de R$ 1.630 no ano que vem. Mas os minist\u00e9rios t\u00eam trabalhado com o valor menor (R$ 1.627) para fechar suas estimativas setoriais.<\/p>\n\n\n\n<p>A proje\u00e7\u00e3o segue a f\u00f3rmula de corre\u00e7\u00e3o da pol\u00edtica de valoriza\u00e7\u00e3o, que inclui reajuste pela infla\u00e7\u00e3o de 12 meses at\u00e9 novembro do ano anterior mais a varia\u00e7\u00e3o do PIB (Produto Interno Bruto) de dois anos antes (neste caso, 2024).<\/p>\n\n\n\n<p>No ano passado, a economia cresceu 3,4%, segundo o IBGE (Instituto Brasileiro de Geografia e Estat\u00edstica). No entanto, o ganho real a ser incorporado ser\u00e1 menor, de at\u00e9 2,5%, gra\u00e7as \u00e0 limita\u00e7\u00e3o aprovada no fim do ano passado pelo Legislativo, no \u00e2mbito do pacote de medidas de conten\u00e7\u00e3o de gastos do ministro Fernando Haddad (Fazenda).<\/p>\n\n\n\n<p>Como o sal\u00e1rio m\u00ednimo \u00e9 baliza para uma s\u00e9rie de despesas obrigat\u00f3rias do Poder Executivo, como benef\u00edcios previdenci\u00e1rios e assistenciais, o governo decidiu limitar o ganho real ao mesmo ritmo de expans\u00e3o do arcabou\u00e7o fiscal, que fica entre 0,6% e 2,5% acima da infla\u00e7\u00e3o ao ano. Para o ano que vem, o percentual ser\u00e1 definido de acordo com o aumento da arrecada\u00e7\u00e3o acumulado em 12 meses at\u00e9 junho de 2025.<\/p>\n\n\n\n<p>Na grade de par\u00e2metros de mar\u00e7o, havia a previs\u00e3o de que a expans\u00e3o do arcabou\u00e7o fosse levemente menor que os 2,5%. Por isso, a proje\u00e7\u00e3o de sal\u00e1rio m\u00ednimo havia ficado em R$ 1.627.<\/p>\n\n\n\n<p>O piso nacional \u00e9 o valor m\u00ednimo pago em aposentadorias e pens\u00f5es do INSS (Instituto Nacional do Seguro Social) e BPCs (Benef\u00edcios de Presta\u00e7\u00e3o Continuada).<\/p>\n\n\n\n<p>A limita\u00e7\u00e3o do ganho real foi adotada para tentar evitar que o crescimento acelerado desses gastos pudesse gerar press\u00e3o sobre a\u00e7\u00f5es discricion\u00e1rias (como custeio e investimentos), colocando em risco a sustentabilidade da regra.<\/p>\n\n\n\n<p>A previs\u00e3o de sal\u00e1rio m\u00ednimo para 2026 ainda pode mudar ao longo do ano, conforme varia\u00e7\u00f5es na estimativa para a infla\u00e7\u00e3o ou no ritmo de expans\u00e3o do arcabou\u00e7o no ano que vem. Uma nova avalia\u00e7\u00e3o ser\u00e1 encaminhada com a proposta or\u00e7ament\u00e1ria, em 31 de agosto.<\/p>\n","protected":false},"excerpt":{"rendered":"<p>Estimativa subiu devido \u00e0 infla\u00e7\u00e3o maior; ganho real foi limitado a at\u00e9 2,5% por lei aprovada ano passado. Por Folha de S.Paulo O governo de Luiz In\u00e1cio Lula da Silva (PT) prev\u00ea um sal\u00e1rio m\u00ednimo de R$ 1.627 em 2026, segundo t\u00e9cnicos do governo ouvidos pela Folha. O valor constar\u00e1 no PLDO (projeto de Lei [&hellip;]<\/p>\n","protected":false},"author":2,"featured_media":87081,"comment_status":"open","ping_status":"open","sticky":false,"template":"","format":"standard","meta":{"_acf_changed":false,"_monsterinsights_skip_tracking":false,"_monsterinsights_sitenote_active":false,"_monsterinsights_sitenote_note":"","_monsterinsights_sitenote_category":0,"_jetpack_memberships_contains_paid_content":false,"footnotes":"","jetpack_publicize_message":"","jetpack_publicize_feature_enabled":true,"jetpack_social_post_already_shared":true,"jetpack_social_options":{"image_generator_settings":{"template":"highway","default_image_id":0,"font":"","enabled":false},"version":2}},"categories":[31],"tags":[],"class_list":["post-87080","post","type-post","status-publish","format-standard","has-post-thumbnail","hentry","category-economia"],"acf":[],"jetpack_publicize_connections":[],"jetpack_featured_media_url":"https:\/\/i0.wp.com\/blogdoeloiltoncajuhy.com.br\/site\/wp-content\/uploads\/2025\/04\/Presidente-Luiz-Inacio-Lula-da-Silva-PT-Foto-Bruno-Santos-Folhapress.jpg?fit=740%2C493&ssl=1","jetpack_sharing_enabled":true,"publishpress_future_workflow_manual_trigger":{"enabledWorkflows":[]},"_links":{"self":[{"href":"https:\/\/blogdoeloiltoncajuhy.com.br\/site\/wp-json\/wp\/v2\/posts\/87080","targetHints":{"allow":["GET"]}}],"collection":[{"href":"https:\/\/blogdoeloiltoncajuhy.com.br\/site\/wp-json\/wp\/v2\/posts"}],"about":[{"href":"https:\/\/blogdoeloiltoncajuhy.com.br\/site\/wp-json\/wp\/v2\/types\/post"}],"author":[{"embeddable":true,"href":"https:\/\/blogdoeloiltoncajuhy.com.br\/site\/wp-json\/wp\/v2\/users\/2"}],"replies":[{"embeddable":true,"href":"https:\/\/blogdoeloiltoncajuhy.com.br\/site\/wp-json\/wp\/v2\/comments?post=87080"}],"version-history":[{"count":1,"href":"https:\/\/blogdoeloiltoncajuhy.com.br\/site\/wp-json\/wp\/v2\/posts\/87080\/revisions"}],"predecessor-version":[{"id":87082,"href":"https:\/\/blogdoeloiltoncajuhy.com.br\/site\/wp-json\/wp\/v2\/posts\/87080\/revisions\/87082"}],"wp:featuredmedia":[{"embeddable":true,"href":"https:\/\/blogdoeloiltoncajuhy.com.br\/site\/wp-json\/wp\/v2\/media\/87081"}],"wp:attachment":[{"href":"https:\/\/blogdoeloiltoncajuhy.com.br\/site\/wp-json\/wp\/v2\/media?parent=87080"}],"wp:term":[{"taxonomy":"category","embeddable":true,"href":"https:\/\/blogdoeloiltoncajuhy.com.br\/site\/wp-json\/wp\/v2\/categories?post=87080"},{"taxonomy":"post_tag","embeddable":true,"href":"https:\/\/blogdoeloiltoncajuhy.com.br\/site\/wp-json\/wp\/v2\/tags?post=87080"}],"curies":[{"name":"wp","href":"https:\/\/api.w.org\/{rel}","templated":true}]}}