{"id":87077,"date":"2025-04-14T14:34:53","date_gmt":"2025-04-14T17:34:53","guid":{"rendered":"https:\/\/blogdoeloiltoncajuhy.com.br\/site\/?p=87077"},"modified":"2025-04-14T14:34:55","modified_gmt":"2025-04-14T17:34:55","slug":"enem-2025-candidatos-ja-podem-solicitar-isencao-da-taxa-de-inscricao","status":"publish","type":"post","link":"https:\/\/blogdoeloiltoncajuhy.com.br\/site\/enem-2025-candidatos-ja-podem-solicitar-isencao-da-taxa-de-inscricao\/","title":{"rendered":"Enem 2025: candidatos j\u00e1 podem solicitar isen\u00e7\u00e3o da taxa de inscri\u00e7\u00e3o"},"content":{"rendered":"\n<p><strong>Por CNN Brasil<\/strong><\/p>\n\n\n\n<figure class=\"wp-block-image aligncenter size-full\"><a href=\"https:\/\/i0.wp.com\/blogdoeloiltoncajuhy.com.br\/site\/wp-content\/uploads\/2025\/04\/Enem-Cursos-Concursos-Reproducao.jpeg?ssl=1\"><img data-recalc-dims=\"1\" fetchpriority=\"high\" decoding=\"async\" width=\"768\" height=\"432\" src=\"https:\/\/i0.wp.com\/blogdoeloiltoncajuhy.com.br\/site\/wp-content\/uploads\/2025\/04\/Enem-Cursos-Concursos-Reproducao.jpeg?resize=768%2C432&#038;ssl=1\" alt=\"\" class=\"wp-image-87078\" srcset=\"https:\/\/i0.wp.com\/blogdoeloiltoncajuhy.com.br\/site\/wp-content\/uploads\/2025\/04\/Enem-Cursos-Concursos-Reproducao.jpeg?w=768&amp;ssl=1 768w, https:\/\/i0.wp.com\/blogdoeloiltoncajuhy.com.br\/site\/wp-content\/uploads\/2025\/04\/Enem-Cursos-Concursos-Reproducao.jpeg?resize=300%2C169&amp;ssl=1 300w\" sizes=\"(max-width: 768px) 100vw, 768px\" \/><\/a><figcaption class=\"wp-element-caption\"><sub>Enem 2025: candidatos j\u00e1 podem solicitar isen\u00e7\u00e3o da taxa de inscri\u00e7\u00e3o &#8211; Foto: Reprodu\u00e7\u00e3o<\/sub><\/figcaption><\/figure>\n\n\n\n<p>Quem pretende prestar o Enem (Exame Nacional do Ensino M\u00e9dio) em 2025 j\u00e1 pode solicitar a isen\u00e7\u00e3o da taxa de inscri\u00e7\u00e3o. O pedido pode ser feito pela P\u00e1gina do Participante at\u00e9 o dia 25 de abril. O resultado dos pedidos ser\u00e1 divulgado em 12 de maio.<\/p>\n\n\n\n<p><a href=\"https:\/\/whatsapp.com\/channel\/0029VaAT7tDLI8Yfj5y9Z50Z\"><strong><mark style=\"background-color:rgba(0, 0, 0, 0)\" class=\"has-inline-color has-vivid-red-color\">Siga nosso canal no WhatsApp e veja mais not\u00edcias<\/mark><\/strong><\/a><\/p>\n\n\n\n<p>T\u00eam direito \u00e0 isen\u00e7\u00e3o os candidatos: Matriculados no 3\u00ba ano do ensino m\u00e9dio em escola p\u00fablica em 2025; Que fizeram todo o ensino m\u00e9dio em escola p\u00fablica ou como bolsista integral em escola privada e que possuam renda igual ou inferior a um sal\u00e1rio m\u00ednimo e meio; Que est\u00e3o em situa\u00e7\u00e3o de vulnerabilidade socioecon\u00f4mica por serem de fam\u00edlia de baixa renda &#8211; com registro no Cad\u00danico (Cadastro \u00danico para Programas Sociais) do Governo Federal.<\/p>\n\n\n\n<h4 class=\"wp-block-heading\"><strong><mark style=\"background-color:rgba(0, 0, 0, 0)\" class=\"has-inline-color has-black-color\">Prazo para justificativa<\/mark><\/strong><\/h4>\n\n\n\n<p>Tamb\u00e9m come\u00e7a nesta segunda-feira (14) o prazo para justificar a aus\u00eancia no Enem 2024. Isso \u00e9 necess\u00e1rio nos casos em que o candidato foi contemplado com a isen\u00e7\u00e3o, mas n\u00e3o compareceu aos dois dias do exame. Os candidatos que n\u00e3o justificarem ou tiverem o pedido negado dever\u00e3o realizar o pagamento da taxa de inscri\u00e7\u00e3o. Em 2024, o valor foi de R$ 85.<\/p>\n\n\n\n<p>Assim como no caso do pedido de isen\u00e7\u00e3o, a justificativa dever\u00e1 ser enviada por meio da P\u00e1gina do Participante. O prazo final ser\u00e1 no dia 25 de abril. O resultado ser\u00e1 divulgado em 12 de maio.<\/p>\n\n\n\n<p><strong><mark style=\"background-color:rgba(0, 0, 0, 0)\" class=\"has-inline-color has-black-color\">Veja o cronograma:<\/mark><\/strong><\/p>\n\n\n\n<ul class=\"wp-block-list\">\n<li><strong>Solicita\u00e7\u00e3o de isen\u00e7\u00e3o da taxa\/justificativa de aus\u00eancia:<\/strong> 14 a 25 de abril<\/li>\n<\/ul>\n\n\n\n<ul class=\"wp-block-list\">\n<li><strong>Resultado das solicita\u00e7\u00f5es de isen\u00e7\u00e3o da taxa\/justificativa de aus\u00eancia:<\/strong> 12 de maio<\/li>\n<\/ul>\n\n\n\n<ul class=\"wp-block-list\">\n<li><strong>Per\u00edodo de recursos:<\/strong> 12 a 16 de maio<\/li>\n<\/ul>\n\n\n\n<ul class=\"wp-block-list\">\n<li><strong>Resultado dos recursos:<\/strong> 22 de maio<\/li>\n<\/ul>\n","protected":false},"excerpt":{"rendered":"<p>Por CNN Brasil Quem pretende prestar o Enem (Exame Nacional do Ensino M\u00e9dio) em 2025 j\u00e1 pode solicitar a isen\u00e7\u00e3o da taxa de inscri\u00e7\u00e3o. O pedido pode ser feito pela P\u00e1gina do Participante at\u00e9 o dia 25 de abril. O resultado dos pedidos ser\u00e1 divulgado em 12 de maio. Siga nosso canal no WhatsApp e [&hellip;]<\/p>\n","protected":false},"author":2,"featured_media":87078,"comment_status":"open","ping_status":"open","sticky":false,"template":"","format":"standard","meta":{"_acf_changed":false,"_monsterinsights_skip_tracking":false,"_monsterinsights_sitenote_active":false,"_monsterinsights_sitenote_note":"","_monsterinsights_sitenote_category":0,"_jetpack_memberships_contains_paid_content":false,"footnotes":"","jetpack_publicize_message":"","jetpack_publicize_feature_enabled":true,"jetpack_social_post_already_shared":true,"jetpack_social_options":{"image_generator_settings":{"template":"highway","default_image_id":0,"font":"","enabled":false},"version":2}},"categories":[14],"tags":[],"class_list":["post-87077","post","type-post","status-publish","format-standard","has-post-thumbnail","hentry","category-educacao"],"acf":[],"jetpack_publicize_connections":[],"jetpack_featured_media_url":"https:\/\/i0.wp.com\/blogdoeloiltoncajuhy.com.br\/site\/wp-content\/uploads\/2025\/04\/Enem-Cursos-Concursos-Reproducao.jpeg?fit=768%2C432&ssl=1","jetpack_sharing_enabled":true,"publishpress_future_workflow_manual_trigger":{"enabledWorkflows":[]},"_links":{"self":[{"href":"https:\/\/blogdoeloiltoncajuhy.com.br\/site\/wp-json\/wp\/v2\/posts\/87077","targetHints":{"allow":["GET"]}}],"collection":[{"href":"https:\/\/blogdoeloiltoncajuhy.com.br\/site\/wp-json\/wp\/v2\/posts"}],"about":[{"href":"https:\/\/blogdoeloiltoncajuhy.com.br\/site\/wp-json\/wp\/v2\/types\/post"}],"author":[{"embeddable":true,"href":"https:\/\/blogdoeloiltoncajuhy.com.br\/site\/wp-json\/wp\/v2\/users\/2"}],"replies":[{"embeddable":true,"href":"https:\/\/blogdoeloiltoncajuhy.com.br\/site\/wp-json\/wp\/v2\/comments?post=87077"}],"version-history":[{"count":1,"href":"https:\/\/blogdoeloiltoncajuhy.com.br\/site\/wp-json\/wp\/v2\/posts\/87077\/revisions"}],"predecessor-version":[{"id":87079,"href":"https:\/\/blogdoeloiltoncajuhy.com.br\/site\/wp-json\/wp\/v2\/posts\/87077\/revisions\/87079"}],"wp:featuredmedia":[{"embeddable":true,"href":"https:\/\/blogdoeloiltoncajuhy.com.br\/site\/wp-json\/wp\/v2\/media\/87078"}],"wp:attachment":[{"href":"https:\/\/blogdoeloiltoncajuhy.com.br\/site\/wp-json\/wp\/v2\/media?parent=87077"}],"wp:term":[{"taxonomy":"category","embeddable":true,"href":"https:\/\/blogdoeloiltoncajuhy.com.br\/site\/wp-json\/wp\/v2\/categories?post=87077"},{"taxonomy":"post_tag","embeddable":true,"href":"https:\/\/blogdoeloiltoncajuhy.com.br\/site\/wp-json\/wp\/v2\/tags?post=87077"}],"curies":[{"name":"wp","href":"https:\/\/api.w.org\/{rel}","templated":true}]}}