{"id":87061,"date":"2025-04-14T08:01:53","date_gmt":"2025-04-14T11:01:53","guid":{"rendered":"https:\/\/blogdoeloiltoncajuhy.com.br\/site\/?p=87061"},"modified":"2025-06-03T19:20:57","modified_gmt":"2025-06-03T22:20:57","slug":"ze-vaqueiro-xand-aviao-mari-fernandez-flavio-jose-e-dorgival-dantas-sao-confirmados-no-sao-joao-de-senhor-do-bonfim","status":"publish","type":"post","link":"https:\/\/blogdoeloiltoncajuhy.com.br\/site\/ze-vaqueiro-xand-aviao-mari-fernandez-flavio-jose-e-dorgival-dantas-sao-confirmados-no-sao-joao-de-senhor-do-bonfim\/","title":{"rendered":"Z\u00e9 Vaqueiro, Xand Avi\u00e3o, Mari Fernandez, Fl\u00e1vio Jos\u00e9 e Dorgival Dantas s\u00e3o confirmados no S\u00e3o Jo\u00e3o de Senhor do Bonfim"},"content":{"rendered":"\n<p class=\"has-medium-font-size\"><strong>Festa tem como tema &#8220;S\u00e3o Jo\u00e3o, Minha Paix\u00e3o&#8221; e acontece entre os dias 19 e 24 de junho.<\/strong><\/p>\n\n\n\n<p><strong>Blog do Eloilton Cajuhy &#8211; BEC<\/strong><\/p>\n\n\n\n<figure class=\"wp-block-image aligncenter size-full\"><a href=\"https:\/\/i0.wp.com\/blogdoeloiltoncajuhy.com.br\/site\/wp-content\/uploads\/2025\/04\/Ze-Vaqueiro-Xand-Aviao-Mari-Fernandez-Flavio-Jose-e-Dorgival-Dantas-%E2%80%94-Foto-Divulgacao-Erickson-Nogueira-g1-Alisson-Moviarte-Divulgacao.jpeg?ssl=1\"><img data-recalc-dims=\"1\" fetchpriority=\"high\" decoding=\"async\" width=\"800\" height=\"501\" src=\"https:\/\/i0.wp.com\/blogdoeloiltoncajuhy.com.br\/site\/wp-content\/uploads\/2025\/04\/Ze-Vaqueiro-Xand-Aviao-Mari-Fernandez-Flavio-Jose-e-Dorgival-Dantas-%E2%80%94-Foto-Divulgacao-Erickson-Nogueira-g1-Alisson-Moviarte-Divulgacao.jpeg?resize=800%2C501&#038;ssl=1\" alt=\"\" class=\"wp-image-87062\" srcset=\"https:\/\/i0.wp.com\/blogdoeloiltoncajuhy.com.br\/site\/wp-content\/uploads\/2025\/04\/Ze-Vaqueiro-Xand-Aviao-Mari-Fernandez-Flavio-Jose-e-Dorgival-Dantas-%E2%80%94-Foto-Divulgacao-Erickson-Nogueira-g1-Alisson-Moviarte-Divulgacao.jpeg?w=984&amp;ssl=1 984w, https:\/\/i0.wp.com\/blogdoeloiltoncajuhy.com.br\/site\/wp-content\/uploads\/2025\/04\/Ze-Vaqueiro-Xand-Aviao-Mari-Fernandez-Flavio-Jose-e-Dorgival-Dantas-%E2%80%94-Foto-Divulgacao-Erickson-Nogueira-g1-Alisson-Moviarte-Divulgacao.jpeg?resize=300%2C188&amp;ssl=1 300w, https:\/\/i0.wp.com\/blogdoeloiltoncajuhy.com.br\/site\/wp-content\/uploads\/2025\/04\/Ze-Vaqueiro-Xand-Aviao-Mari-Fernandez-Flavio-Jose-e-Dorgival-Dantas-%E2%80%94-Foto-Divulgacao-Erickson-Nogueira-g1-Alisson-Moviarte-Divulgacao.jpeg?resize=768%2C481&amp;ssl=1 768w\" sizes=\"(max-width: 800px) 100vw, 800px\" \/><\/a><figcaption class=\"wp-element-caption\"><sub>Z\u00e9 Vaqueiro, Xand Avi\u00e3o, Mari Fernandez, Fl\u00e1vio Jos\u00e9 e Dorgival Dantas s\u00e3o confirmados no S\u00e3o Jo\u00e3o de Senhor do Bonfim \u2014 Foto: Divulga\u00e7\u00e3o; Erickson Nogueira\/g1; Alisson Moviarte\/Divulga\u00e7\u00e3o<\/sub><\/figcaption><\/figure>\n\n\n\n<p>Os cantores Z\u00e9 Vaqueiro, Xand Avi\u00e3o, Mari Fernandez, Fl\u00e1vio Jos\u00e9 e Dorgival Dantas foram confirmados como atra\u00e7\u00f5es do S\u00e3o Jo\u00e3o de Senhor do Bonfim. A festa tem como tema &#8220;S\u00e3o Jo\u00e3o, Minha Paix\u00e3o&#8221; e acontece entre os dias 19 e 24 de junho.<\/p>\n\n\n\n<p>A programa\u00e7\u00e3o, divulgada pela prefeitura no s\u00e1bado (12), conta ainda com shows em celebra\u00e7\u00e3o ao anivers\u00e1rio da cidade, em 28 de maio, bem como a Santo Ant\u00f4nio de Quic\u00e9, no dia 7 de junho, e ao Santo Ant\u00f4nio de Igara, em 14 de junho.<\/p>\n\n\n\n<p><a href=\"https:\/\/whatsapp.com\/channel\/0029VaAT7tDLI8Yfj5y9Z50Z\"><strong><mark style=\"background-color:rgba(0, 0, 0, 0)\" class=\"has-inline-color has-vivid-red-color\">Siga nosso canal no WhatsApp e veja mais not\u00edcias<\/mark><\/strong><\/a><\/p>\n\n\n\n<h4 class=\"wp-block-heading\"><strong><mark style=\"background-color:rgba(0, 0, 0, 0)\" class=\"has-inline-color has-black-color\">Confira a programa\u00e7\u00e3o:<\/mark><\/strong><\/h4>\n\n\n\n<p><strong><mark style=\"background-color:rgba(0, 0, 0, 0)\" class=\"has-inline-color has-black-color\">Quarta-feira, 28 de maio \u2013 Anivers\u00e1rio da Cidade<\/mark><\/strong><\/p>\n\n\n\n<ul class=\"wp-block-list\">\n<li>Alcymar Monteiro<\/li>\n<\/ul>\n\n\n\n<p><strong><mark style=\"background-color:rgba(0, 0, 0, 0)\" class=\"has-inline-color has-black-color\">S\u00e1bado, 7 de junho \u2013 Santo Ant\u00f4nio de Quic\u00e9<\/mark><\/strong><\/p>\n\n\n\n<ul class=\"wp-block-list\">\n<li>Toca do Vale<\/li>\n<\/ul>\n\n\n\n<p><strong><mark style=\"background-color:rgba(0, 0, 0, 0)\" class=\"has-inline-color has-black-color\">S\u00e1bado, 14 de junho \u2013 Santo Ant\u00f4nio de Igara<\/mark><\/strong><\/p>\n\n\n\n<ul class=\"wp-block-list\">\n<li>Lim\u00e3o com Mel<\/li>\n<\/ul>\n\n\n\n<p><strong><mark style=\"background-color:rgba(0, 0, 0, 0)\" class=\"has-inline-color has-black-color\">Quinta-feira, 19 de junho \u2013 Espa\u00e7o Gonzag\u00e3o (Parque da Cidade)<\/mark><\/strong><\/p>\n\n\n\n<ul class=\"wp-block-list\">\n<li>Atra\u00e7\u00e3o Bonfinense<\/li>\n\n\n\n<li>Eric Land<\/li>\n\n\n\n<li>Natanzinho Lima<\/li>\n\n\n\n<li>Henry Freitas<\/li>\n<\/ul>\n\n\n\n<p><strong><mark style=\"background-color:rgba(0, 0, 0, 0)\" class=\"has-inline-color has-black-color\">Sexta-feira, 20 de junho \u2013 Espa\u00e7o Gonzag\u00e3o (Parque da Cidade)<\/mark><\/strong><\/p>\n\n\n\n<ul class=\"wp-block-list\">\n<li>Atra\u00e7\u00e3o Bonfinense<\/li>\n\n\n\n<li>Z\u00e9 Vaqueiro<\/li>\n\n\n\n<li>L\u00e9o Foguete<\/li>\n\n\n\n<li>Lara Am\u00e9lia<\/li>\n<\/ul>\n\n\n\n<p><strong><mark style=\"background-color:rgba(0, 0, 0, 0)\" class=\"has-inline-color has-black-color\">S\u00e1bado, 21 de junho \u2013 Espa\u00e7o Gonzag\u00e3o (Parque da Cidade)<\/mark><\/strong><\/p>\n\n\n\n<ul class=\"wp-block-list\">\n<li>Atra\u00e7\u00e3o Bonfinense<\/li>\n\n\n\n<li>Seu Desejo<\/li>\n\n\n\n<li>\u00c1vine Vinny \u2060<\/li>\n\n\n\n<li>Xandy Avi\u00e3o<\/li>\n<\/ul>\n\n\n\n<p><strong><mark style=\"background-color:rgba(0, 0, 0, 0)\" class=\"has-inline-color has-black-color\">S\u00e1bado, 21 de junho \u2013 Espa\u00e7o Assis do Acordeon (Pra\u00e7a Nova)<\/mark><\/strong><\/p>\n\n\n\n<ul class=\"wp-block-list\">\n<li>Santana<\/li>\n\n\n\n<li>Sandrinho do Acordeon<\/li>\n<\/ul>\n\n\n\n<p><strong><mark style=\"background-color:rgba(0, 0, 0, 0)\" class=\"has-inline-color has-black-color\">Domingo, 22 de junho \u2013 Espa\u00e7o Gonzag\u00e3o (Parque da Cidade)<\/mark><\/strong><\/p>\n\n\n\n<ul class=\"wp-block-list\">\n<li>Atra\u00e7\u00e3o Bonfinense<\/li>\n\n\n\n<li>Calcinha Preta \u2060<\/li>\n\n\n\n<li>Jonas Esticado<\/li>\n\n\n\n<li>Mari Fernandez<\/li>\n<\/ul>\n\n\n\n<p><strong><mark style=\"background-color:rgba(0, 0, 0, 0)\" class=\"has-inline-color has-black-color\">Domingo, 22 de junho \u2013 Espa\u00e7o Assis do Acordeon (Pra\u00e7a Nova)<\/mark><\/strong><\/p>\n\n\n\n<ul class=\"wp-block-list\">\n<li>Samuel Bernardo<\/li>\n\n\n\n<li>Cicinho de Assis<\/li>\n<\/ul>\n\n\n\n<p><strong><mark style=\"background-color:rgba(0, 0, 0, 0)\" class=\"has-inline-color has-black-color\">Segunda-feira, 23 de junho \u2013 Espa\u00e7o Gonzag\u00e3o (Parque da Cidade)<\/mark><\/strong><\/p>\n\n\n\n<ul class=\"wp-block-list\">\n<li>Atra\u00e7\u00e3o Bonfinense<\/li>\n\n\n\n<li>Pablo<\/li>\n\n\n\n<li>Vitor Fernandes\u2060<\/li>\n\n\n\n<li>Murilo Huff<\/li>\n\n\n\n<li>Ful\u00f4 de Mandacaru \u2060<\/li>\n<\/ul>\n\n\n\n<p><strong><mark style=\"background-color:rgba(0, 0, 0, 0)\" class=\"has-inline-color has-black-color\">Segunda-feira, 23 de junho \u2013 Espa\u00e7o Assis do Acordeon (Pra\u00e7a Nova)<\/mark><\/strong><\/p>\n\n\n\n<ul class=\"wp-block-list\">\n<li>Dois Amores<\/li>\n\n\n\n<li>Dudu Negreiro<\/li>\n\n\n\n<li>Fl\u00e1vio Jos\u00e9<\/li>\n<\/ul>\n\n\n\n<p><strong><mark style=\"background-color:rgba(0, 0, 0, 0)\" class=\"has-inline-color has-black-color\">Ter\u00e7a-feira, 24 de junho \u2013 Espa\u00e7o Assis do Acordeon (Pra\u00e7a Nova)<\/mark><\/strong><\/p>\n\n\n\n<ul class=\"wp-block-list\">\n<li>Henrique Sanfoneiro<\/li>\n\n\n\n<li>Eline Martins<\/li>\n\n\n\n<li>Dorgival Dantas<\/li>\n<\/ul>\n","protected":false},"excerpt":{"rendered":"<p>Festa tem como tema &#8220;S\u00e3o Jo\u00e3o, Minha Paix\u00e3o&#8221; e acontece entre os dias 19 e 24 de junho. Blog do Eloilton Cajuhy &#8211; BEC Os cantores Z\u00e9 Vaqueiro, Xand Avi\u00e3o, Mari Fernandez, Fl\u00e1vio Jos\u00e9 e Dorgival Dantas foram confirmados como atra\u00e7\u00f5es do S\u00e3o Jo\u00e3o de Senhor do Bonfim. A festa tem como tema &#8220;S\u00e3o Jo\u00e3o, [&hellip;]<\/p>\n","protected":false},"author":2,"featured_media":87062,"comment_status":"open","ping_status":"open","sticky":false,"template":"","format":"standard","meta":{"_acf_changed":false,"_monsterinsights_skip_tracking":false,"_monsterinsights_sitenote_active":false,"_monsterinsights_sitenote_note":"","_monsterinsights_sitenote_category":0,"_jetpack_memberships_contains_paid_content":false,"footnotes":"","jetpack_publicize_message":"","jetpack_publicize_feature_enabled":true,"jetpack_social_post_already_shared":true,"jetpack_social_options":{"image_generator_settings":{"template":"highway","enabled":false},"version":2}},"categories":[4],"tags":[],"class_list":["post-87061","post","type-post","status-publish","format-standard","has-post-thumbnail","hentry","category-local"],"acf":[],"jetpack_publicize_connections":[],"jetpack_featured_media_url":"https:\/\/i0.wp.com\/blogdoeloiltoncajuhy.com.br\/site\/wp-content\/uploads\/2025\/04\/Ze-Vaqueiro-Xand-Aviao-Mari-Fernandez-Flavio-Jose-e-Dorgival-Dantas-%E2%80%94-Foto-Divulgacao-Erickson-Nogueira-g1-Alisson-Moviarte-Divulgacao.jpeg?fit=984%2C616&ssl=1","jetpack_sharing_enabled":true,"publishpress_future_workflow_manual_trigger":{"enabledWorkflows":[]},"_links":{"self":[{"href":"https:\/\/blogdoeloiltoncajuhy.com.br\/site\/wp-json\/wp\/v2\/posts\/87061","targetHints":{"allow":["GET"]}}],"collection":[{"href":"https:\/\/blogdoeloiltoncajuhy.com.br\/site\/wp-json\/wp\/v2\/posts"}],"about":[{"href":"https:\/\/blogdoeloiltoncajuhy.com.br\/site\/wp-json\/wp\/v2\/types\/post"}],"author":[{"embeddable":true,"href":"https:\/\/blogdoeloiltoncajuhy.com.br\/site\/wp-json\/wp\/v2\/users\/2"}],"replies":[{"embeddable":true,"href":"https:\/\/blogdoeloiltoncajuhy.com.br\/site\/wp-json\/wp\/v2\/comments?post=87061"}],"version-history":[{"count":4,"href":"https:\/\/blogdoeloiltoncajuhy.com.br\/site\/wp-json\/wp\/v2\/posts\/87061\/revisions"}],"predecessor-version":[{"id":88049,"href":"https:\/\/blogdoeloiltoncajuhy.com.br\/site\/wp-json\/wp\/v2\/posts\/87061\/revisions\/88049"}],"wp:featuredmedia":[{"embeddable":true,"href":"https:\/\/blogdoeloiltoncajuhy.com.br\/site\/wp-json\/wp\/v2\/media\/87062"}],"wp:attachment":[{"href":"https:\/\/blogdoeloiltoncajuhy.com.br\/site\/wp-json\/wp\/v2\/media?parent=87061"}],"wp:term":[{"taxonomy":"category","embeddable":true,"href":"https:\/\/blogdoeloiltoncajuhy.com.br\/site\/wp-json\/wp\/v2\/categories?post=87061"},{"taxonomy":"post_tag","embeddable":true,"href":"https:\/\/blogdoeloiltoncajuhy.com.br\/site\/wp-json\/wp\/v2\/tags?post=87061"}],"curies":[{"name":"wp","href":"https:\/\/api.w.org\/{rel}","templated":true}]}}