{"id":87056,"date":"2025-04-12T13:48:46","date_gmt":"2025-04-12T16:48:46","guid":{"rendered":"https:\/\/blogdoeloiltoncajuhy.com.br\/site\/?p=87056"},"modified":"2025-04-12T13:48:48","modified_gmt":"2025-04-12T16:48:48","slug":"bonfinense-beto-jambeiro-estara-no-programa-de-ana-maria-braga-em-competicao-pelos-60-anos-da-globo","status":"publish","type":"post","link":"https:\/\/blogdoeloiltoncajuhy.com.br\/site\/bonfinense-beto-jambeiro-estara-no-programa-de-ana-maria-braga-em-competicao-pelos-60-anos-da-globo\/","title":{"rendered":"Bonfinense Beto Jambeiro estar\u00e1 no programa de Ana Maria Braga em competi\u00e7\u00e3o pelos 60 anos da Globo"},"content":{"rendered":"\n<p><strong>Por Minha Cidade Senhor do Bonfim<\/strong><\/p>\n\n\n\n<figure class=\"wp-block-image aligncenter size-full\"><a href=\"https:\/\/i0.wp.com\/blogdoeloiltoncajuhy.com.br\/site\/wp-content\/uploads\/2025\/04\/Beto-Jambeiro-120425.jpg?ssl=1\"><img data-recalc-dims=\"1\" fetchpriority=\"high\" decoding=\"async\" width=\"740\" height=\"556\" src=\"https:\/\/i0.wp.com\/blogdoeloiltoncajuhy.com.br\/site\/wp-content\/uploads\/2025\/04\/Beto-Jambeiro-120425.jpg?resize=740%2C556&#038;ssl=1\" alt=\"\" class=\"wp-image-87057\" srcset=\"https:\/\/i0.wp.com\/blogdoeloiltoncajuhy.com.br\/site\/wp-content\/uploads\/2025\/04\/Beto-Jambeiro-120425.jpg?w=740&amp;ssl=1 740w, https:\/\/i0.wp.com\/blogdoeloiltoncajuhy.com.br\/site\/wp-content\/uploads\/2025\/04\/Beto-Jambeiro-120425.jpg?resize=300%2C225&amp;ssl=1 300w\" sizes=\"(max-width: 740px) 100vw, 740px\" \/><\/a><figcaption class=\"wp-element-caption\"><sub>Beto Jambeiro exibe o trof\u00e9u M\u00e9rito Lojista recebido em 2023 &#8211; Foto: Reprodu\u00e7\u00e3o \/ Facebook <\/sub><\/figcaption><\/figure>\n\n\n\n<p>Na pr\u00f3xima ter\u00e7a-feira, 15 de abril, o confeiteiro bonfinense Beto Jambeiro ser\u00e1 um dos convidados do <strong><mark style=\"background-color:rgba(0, 0, 0, 0)\" class=\"has-inline-color has-black-color\">Mais Voc\u00ea, apresentado por Ana Maria Braga<\/mark><\/strong>, para participar de uma competi\u00e7\u00e3o que escolher\u00e1 o <strong><mark style=\"background-color:rgba(0, 0, 0, 0)\" class=\"has-inline-color has-black-color\">bolo oficial das comemora\u00e7\u00f5es dos 60 anos da TV Globo<\/mark><\/strong>.<\/p>\n\n\n\n<p>Reconhecido pelo talento e criatividade na confeitaria, Beto Jambeiro foi selecionado para representar a Bahia e Senhor do Bonfim, em uma disputa que reunir\u00e1 confeiteiros de diversas partes do pa\u00eds. A proposta \u00e9 elaborar um bolo tem\u00e1tico que simbolize as seis d\u00e9cadas da maior emissora do Brasil.<\/p>\n\n\n\n<p>A participa\u00e7\u00e3o de Beto Jambeiro no programa \u00e9 motivo de orgulho para todos os bonfinenses, que acompanham sua trajet\u00f3ria de sucesso e dedica\u00e7\u00e3o ao of\u00edcio. O programa vai ao ar na manh\u00e3 de ter\u00e7a, e toda a cidade est\u00e1 na torcida para que o talento bonfinense brilhe mais uma vez.<\/p>\n\n\n\n<p>Boa sorte, Beto!<\/p>\n\n\n\n<figure class=\"wp-block-image aligncenter size-full\"><a href=\"https:\/\/i0.wp.com\/blogdoeloiltoncajuhy.com.br\/site\/wp-content\/uploads\/2025\/04\/Beto-Jambeiro-120425-2.jpg?ssl=1\"><img data-recalc-dims=\"1\" decoding=\"async\" width=\"570\" height=\"760\" src=\"https:\/\/i0.wp.com\/blogdoeloiltoncajuhy.com.br\/site\/wp-content\/uploads\/2025\/04\/Beto-Jambeiro-120425-2.jpg?resize=570%2C760&#038;ssl=1\" alt=\"\" class=\"wp-image-87058\" srcset=\"https:\/\/i0.wp.com\/blogdoeloiltoncajuhy.com.br\/site\/wp-content\/uploads\/2025\/04\/Beto-Jambeiro-120425-2.jpg?w=570&amp;ssl=1 570w, https:\/\/i0.wp.com\/blogdoeloiltoncajuhy.com.br\/site\/wp-content\/uploads\/2025\/04\/Beto-Jambeiro-120425-2.jpg?resize=225%2C300&amp;ssl=1 225w\" sizes=\"(max-width: 570px) 100vw, 570px\" \/><\/a><figcaption class=\"wp-element-caption\"><sub>Reprodu\u00e7\u00e3o \/ Facebook<\/sub><\/figcaption><\/figure>\n\n\n\n<p><a href=\"https:\/\/whatsapp.com\/channel\/0029VaAT7tDLI8Yfj5y9Z50Z\"><strong><mark style=\"background-color:rgba(0, 0, 0, 0)\" class=\"has-inline-color has-vivid-red-color\">Siga nosso canal no WhatsApp e veja mais not\u00edcias<\/mark><\/strong><\/a><\/p>\n","protected":false},"excerpt":{"rendered":"<p>Por Minha Cidade Senhor do Bonfim Na pr\u00f3xima ter\u00e7a-feira, 15 de abril, o confeiteiro bonfinense Beto Jambeiro ser\u00e1 um dos convidados do Mais Voc\u00ea, apresentado por Ana Maria Braga, para participar de uma competi\u00e7\u00e3o que escolher\u00e1 o bolo oficial das comemora\u00e7\u00f5es dos 60 anos da TV Globo. Reconhecido pelo talento e criatividade na confeitaria, Beto [&hellip;]<\/p>\n","protected":false},"author":2,"featured_media":87058,"comment_status":"open","ping_status":"open","sticky":false,"template":"","format":"standard","meta":{"_acf_changed":false,"_monsterinsights_skip_tracking":false,"_monsterinsights_sitenote_active":false,"_monsterinsights_sitenote_note":"","_monsterinsights_sitenote_category":0,"_jetpack_memberships_contains_paid_content":false,"footnotes":"","jetpack_publicize_message":"","jetpack_publicize_feature_enabled":true,"jetpack_social_post_already_shared":true,"jetpack_social_options":{"image_generator_settings":{"template":"highway","default_image_id":0,"font":"","enabled":false},"version":2}},"categories":[4],"tags":[],"class_list":["post-87056","post","type-post","status-publish","format-standard","has-post-thumbnail","hentry","category-local"],"acf":[],"jetpack_publicize_connections":[],"jetpack_featured_media_url":"https:\/\/i0.wp.com\/blogdoeloiltoncajuhy.com.br\/site\/wp-content\/uploads\/2025\/04\/Beto-Jambeiro-120425-2.jpg?fit=570%2C760&ssl=1","jetpack_sharing_enabled":true,"publishpress_future_workflow_manual_trigger":{"enabledWorkflows":[]},"_links":{"self":[{"href":"https:\/\/blogdoeloiltoncajuhy.com.br\/site\/wp-json\/wp\/v2\/posts\/87056","targetHints":{"allow":["GET"]}}],"collection":[{"href":"https:\/\/blogdoeloiltoncajuhy.com.br\/site\/wp-json\/wp\/v2\/posts"}],"about":[{"href":"https:\/\/blogdoeloiltoncajuhy.com.br\/site\/wp-json\/wp\/v2\/types\/post"}],"author":[{"embeddable":true,"href":"https:\/\/blogdoeloiltoncajuhy.com.br\/site\/wp-json\/wp\/v2\/users\/2"}],"replies":[{"embeddable":true,"href":"https:\/\/blogdoeloiltoncajuhy.com.br\/site\/wp-json\/wp\/v2\/comments?post=87056"}],"version-history":[{"count":1,"href":"https:\/\/blogdoeloiltoncajuhy.com.br\/site\/wp-json\/wp\/v2\/posts\/87056\/revisions"}],"predecessor-version":[{"id":87059,"href":"https:\/\/blogdoeloiltoncajuhy.com.br\/site\/wp-json\/wp\/v2\/posts\/87056\/revisions\/87059"}],"wp:featuredmedia":[{"embeddable":true,"href":"https:\/\/blogdoeloiltoncajuhy.com.br\/site\/wp-json\/wp\/v2\/media\/87058"}],"wp:attachment":[{"href":"https:\/\/blogdoeloiltoncajuhy.com.br\/site\/wp-json\/wp\/v2\/media?parent=87056"}],"wp:term":[{"taxonomy":"category","embeddable":true,"href":"https:\/\/blogdoeloiltoncajuhy.com.br\/site\/wp-json\/wp\/v2\/categories?post=87056"},{"taxonomy":"post_tag","embeddable":true,"href":"https:\/\/blogdoeloiltoncajuhy.com.br\/site\/wp-json\/wp\/v2\/tags?post=87056"}],"curies":[{"name":"wp","href":"https:\/\/api.w.org\/{rel}","templated":true}]}}