{"id":87050,"date":"2025-04-12T09:27:36","date_gmt":"2025-04-12T12:27:36","guid":{"rendered":"https:\/\/blogdoeloiltoncajuhy.com.br\/site\/?p=87050"},"modified":"2025-04-12T09:27:38","modified_gmt":"2025-04-12T12:27:38","slug":"minha-esposa-falou-traz-que-eu-cuido-gari-quer-adotar-bebe-que-encontrou-no-lixo-batizada-pela-equipe-de-vitoria","status":"publish","type":"post","link":"https:\/\/blogdoeloiltoncajuhy.com.br\/site\/minha-esposa-falou-traz-que-eu-cuido-gari-quer-adotar-bebe-que-encontrou-no-lixo-batizada-pela-equipe-de-vitoria\/","title":{"rendered":"&#8216;Minha esposa falou: traz que eu cuido!&#8217;: gari quer adotar beb\u00ea que encontrou no lixo, batizada pela equipe de Vit\u00f3ria"},"content":{"rendered":"\n<p class=\"has-medium-font-size\"><strong>Samuel da Silva dos Santos aparece com a crian\u00e7a no colo na imagem que viralizou, e j\u00e1 procura saber sobre os tr\u00e2mites para obter a guarda da rec\u00e9m-nascida.<\/strong><\/p>\n\n\n\n<p><strong>Por Felipe Gelani\/O Globo \u2014 Rio de Janeiro<\/strong><\/p>\n\n\n\n<figure class=\"wp-block-image aligncenter size-full\"><a href=\"https:\/\/i0.wp.com\/blogdoeloiltoncajuhy.com.br\/site\/wp-content\/uploads\/2025\/04\/Samuel-ja-visitou-Vitoria-no-hospital-%E2%80%94-Foto-Divulgacao-Comlurb.jpeg?ssl=1\"><img data-recalc-dims=\"1\" fetchpriority=\"high\" decoding=\"async\" width=\"333\" height=\"740\" src=\"https:\/\/i0.wp.com\/blogdoeloiltoncajuhy.com.br\/site\/wp-content\/uploads\/2025\/04\/Samuel-ja-visitou-Vitoria-no-hospital-%E2%80%94-Foto-Divulgacao-Comlurb.jpeg?resize=333%2C740&#038;ssl=1\" alt=\"\" class=\"wp-image-87051\" srcset=\"https:\/\/i0.wp.com\/blogdoeloiltoncajuhy.com.br\/site\/wp-content\/uploads\/2025\/04\/Samuel-ja-visitou-Vitoria-no-hospital-%E2%80%94-Foto-Divulgacao-Comlurb.jpeg?w=333&amp;ssl=1 333w, https:\/\/i0.wp.com\/blogdoeloiltoncajuhy.com.br\/site\/wp-content\/uploads\/2025\/04\/Samuel-ja-visitou-Vitoria-no-hospital-%E2%80%94-Foto-Divulgacao-Comlurb.jpeg?resize=135%2C300&amp;ssl=1 135w\" sizes=\"(max-width: 333px) 100vw, 333px\" \/><\/a><figcaption class=\"wp-element-caption\"><sub>Samuel j\u00e1 visitou Vit\u00f3ria no hospital \u2014 Foto: Divulga\u00e7\u00e3o\/Comlurb<\/sub><\/figcaption><\/figure>\n\n\n\n<p>Um dos tr\u00eas garis da Comlurb respons\u00e1veis por resgatar a beb\u00ea rec\u00e9m-nascida encontrada no lixo na madrugada de ter\u00e7a-feira, dia 1\u00ba, quer adotar a menina, que j\u00e1 foi batizada pelo grupo com o sugestivo nome de Vit\u00f3ria. A crian\u00e7a foi encontrada na Rua Ouro Preto, entre Quintino e Cascadura, na Zona Norte do Rio de Janeiro, na madrugada.<\/p>\n\n\n\n<p>Samuel da Silva dos Santos conta que se emocionou ao encontrar a menina, que julgou ser uma boneca.<\/p>\n\n\n\n<p>\u2014 Retirei uma caixa de papel\u00e3o de cima da menina e pensei que era um Beb\u00ea Reborn (brinquedo de boneca realista que faz sucesso entre as crian\u00e7as). J\u00e1 estava pensando em dar para a minha filha. Ia ser uma briga com as primas. A\u00ed peguei a m\u00e3o dela e a senti mole demais. Segurei um pouco mais e ela chorou. A\u00ed o cora\u00e7\u00e3o parou. Foi aquele \u00f3dio. Quem fez isso com a crian\u00e7a? Se a gente viesse no ritmo fren\u00e9tico que normalmente fazemos, n\u00e3o a ter\u00edamos encontrado \u2014 relatou.<\/p>\n\n\n\n<p><a href=\"https:\/\/whatsapp.com\/channel\/0029VaAT7tDLI8Yfj5y9Z50Z\"><strong><mark style=\"background-color:rgba(0, 0, 0, 0)\" class=\"has-inline-color has-vivid-red-color\">Siga nosso canal no WhatsApp e veja mais not\u00edcias<\/mark><\/strong><\/a><\/p>\n\n\n\n<p>O gari, que aparece no v\u00eddeo que viralizou com a menina no colo, diz que foi quando ele a pegou no colo que ela abriu os olhos.<\/p>\n\n\n\n<p>\u2014 Foi a\u00ed que ela chorou. A\u00ed, pronto. Desmanchou os cora\u00e7\u00f5es dos brutos \u2014 relata.<\/p>\n\n\n\n<p>Pai de tr\u00eas filhos, Samuel e a mulher entraram em acordo imediatamente: assim que ele contou para a mulher o que tinha ocorrido, ela manifestou vontade de cuidar da menina.<\/p>\n\n\n\n<p>\u2014 Quero adot\u00e1-la. Temos que passar por v\u00e1rios procedimentos para isso. Somos trabalhadores, n\u00e3o \u00e9 assim de imediato. Quando falei com a minha esposa, ela disse: \u201cTraz para mim que eu cuido!\u201d. Eu disse para ela que n\u00e3o \u00e9 assim que funciona \u2014 relembra ele, que j\u00e1 foi visitar a pequena no hospital.<\/p>\n\n\n\n<p>J\u00e1 Anderson Mendes Nunes, outro dos garis que fazia parte da equipe que encontrou a menina, diz que tamb\u00e9m pensou em adot\u00e1-la, e que, seja como for, ela estar\u00e1 cheia de padrinhos na companhia de limpeza. Ele diz que esta foi a situa\u00e7\u00e3o mais inusitada que j\u00e1 viveu na profiss\u00e3o.<\/p>\n\n\n\n<p>\u2014 Quando encontramos a crian\u00e7a, foi uma coisa de Deus mesmo; foi a m\u00e3o de Deus na situa\u00e7\u00e3o. J\u00e1 vi situa\u00e7\u00f5es nos jornais, mas voc\u00ea nunca espera que v\u00e1 acontecer com voc\u00ea. Ela ter respondido com vida, com sa\u00fade\u2026 Foi muito emocionante. A gente s\u00f3 tem a agradecer, pois o Senhor n\u00e3o permitiu que nada acontecesse com a Vit\u00f3ria. Ela \u00e9 nossa mascote agora \u2014 disse.<\/p>\n\n\n\n<h4 class=\"wp-block-heading\"><strong><mark style=\"background-color:rgba(0, 0, 0, 0)\" class=\"has-inline-color has-black-color\">Invers\u00e3o da rota foi providencial<\/mark><\/strong><\/h4>\n\n\n\n<p>Ele salienta, inclusive, que a equipe s\u00f3 encontrou a menina porque, por sorte, justamente nesse dia, resolveu inverter o itiner\u00e1rio da coleta de lixo.<\/p>\n\n\n\n<p>\u2014 Normalmente come\u00e7amos esse roteiro de forma bem diferente, e pegamos essas ruas \u00e0s 11h, n\u00e3o \u00e0s 3h. Come\u00e7amos pela parte de baixo dessa vez. Quando entramos nessa rua come\u00e7ou a bater um cansa\u00e7o, e ainda faltavam cinco ruas. Avan\u00e7\u00e1vamos devagar. Paramos na Ouro Preto e a encontramos.<\/p>\n\n\n\n<p>Os dois garis dizem que colegas da Comlurb j\u00e1 est\u00e3o perguntando quando ser\u00e1 o batizado.<\/p>\n\n\n\n<p>\u2014 O pessoal todo j\u00e1 perguntando que roupa vestir, mas eu disse que nem adotei a crian\u00e7a ainda. \u201cQuando eu pegar, voc\u00eas fazem um ch\u00e1 de panela\u201d, disse para eles. Aqui na Comlurb somos uma fam\u00edlia que trabalha junta h\u00e1 mais de dez anos. Ela vai ser da nossa fam\u00edlia. Quero conseguir a guarda para contar a hist\u00f3ria dela. Vou fazer de tudo para que ela fique perto da gente, e, quando ela for maior de idade, vou mostrar o v\u00eddeo dela pequenininha, falar que ela nasceu duas vezes \u2014 revela Samuel, emocionado.<\/p>\n\n\n\n<p>A dire\u00e7\u00e3o do Hospital Maternidade Herculano Pinheiro informou que a beb\u00ea est\u00e1 internada em Unidade Intermedi\u00e1ria, com quadro de sa\u00fade est\u00e1vel, e segue recebendo os cuidados indicados pelas equipes m\u00e9dica e multiprofissional da unidade. De acordo com a Secretaria de Sa\u00fade, o Conselho Tutelar e a Vara da Inf\u00e2ncia j\u00e1 foram comunicados sobre o caso.<\/p>\n\n\n\n<p>A Pol\u00edcia Civil, informou que o caso foi registrado na 40\u00aa DP (Hon\u00f3rio Gurgel) e encaminhado \u00e0 29\u00aa DP (Madureira), que d\u00e1 prosseguimento as investiga\u00e7\u00f5es.<\/p>\n\n\n\n<p>O Tribunal de Justi\u00e7a informou que a Vara da Inf\u00e2ncia e da Juventude de Madureira foi informada pelo Conselho Tutelar do encontro do beb\u00ea pelos funcion\u00e1rios da Comlurb e que a crian\u00e7a deve permanecer internada na unidade de sa\u00fade para onde foi encaminhada at\u00e9 atingir o peso ideal de alta. Depois disso, a Vara da Inf\u00e2ncia e Juventude vai providenciar o acolhimento da crian\u00e7a numa unidade de acolhimento e, tamb\u00e9m, far\u00e1 a busca ativa por familiares.<\/p>\n\n\n\n<p>Acrescentou que, por determina\u00e7\u00e3o legal, antes de se encaminhar uma crian\u00e7a ou adolescente \u00e0 ado\u00e7\u00e3o, \u00e9 necess\u00e1rio esgotar as possibilidades de (re)inser\u00e7\u00e3o familiar.<\/p>\n","protected":false},"excerpt":{"rendered":"<p>Samuel da Silva dos Santos aparece com a crian\u00e7a no colo na imagem que viralizou, e j\u00e1 procura saber sobre os tr\u00e2mites para obter a guarda da rec\u00e9m-nascida. Por Felipe Gelani\/O Globo \u2014 Rio de Janeiro Um dos tr\u00eas garis da Comlurb respons\u00e1veis por resgatar a beb\u00ea rec\u00e9m-nascida encontrada no lixo na madrugada de ter\u00e7a-feira, [&hellip;]<\/p>\n","protected":false},"author":2,"featured_media":87051,"comment_status":"open","ping_status":"open","sticky":false,"template":"","format":"standard","meta":{"_acf_changed":false,"_monsterinsights_skip_tracking":false,"_monsterinsights_sitenote_active":false,"_monsterinsights_sitenote_note":"","_monsterinsights_sitenote_category":0,"_jetpack_memberships_contains_paid_content":false,"footnotes":"","jetpack_publicize_message":"","jetpack_publicize_feature_enabled":true,"jetpack_social_post_already_shared":true,"jetpack_social_options":{"image_generator_settings":{"template":"highway","default_image_id":0,"font":"","enabled":false},"version":2}},"categories":[5],"tags":[],"class_list":["post-87050","post","type-post","status-publish","format-standard","has-post-thumbnail","hentry","category-cotidiano"],"acf":[],"jetpack_publicize_connections":[],"jetpack_featured_media_url":"https:\/\/i0.wp.com\/blogdoeloiltoncajuhy.com.br\/site\/wp-content\/uploads\/2025\/04\/Samuel-ja-visitou-Vitoria-no-hospital-%E2%80%94-Foto-Divulgacao-Comlurb.jpeg?fit=333%2C740&ssl=1","jetpack_sharing_enabled":true,"publishpress_future_workflow_manual_trigger":{"enabledWorkflows":[]},"_links":{"self":[{"href":"https:\/\/blogdoeloiltoncajuhy.com.br\/site\/wp-json\/wp\/v2\/posts\/87050","targetHints":{"allow":["GET"]}}],"collection":[{"href":"https:\/\/blogdoeloiltoncajuhy.com.br\/site\/wp-json\/wp\/v2\/posts"}],"about":[{"href":"https:\/\/blogdoeloiltoncajuhy.com.br\/site\/wp-json\/wp\/v2\/types\/post"}],"author":[{"embeddable":true,"href":"https:\/\/blogdoeloiltoncajuhy.com.br\/site\/wp-json\/wp\/v2\/users\/2"}],"replies":[{"embeddable":true,"href":"https:\/\/blogdoeloiltoncajuhy.com.br\/site\/wp-json\/wp\/v2\/comments?post=87050"}],"version-history":[{"count":1,"href":"https:\/\/blogdoeloiltoncajuhy.com.br\/site\/wp-json\/wp\/v2\/posts\/87050\/revisions"}],"predecessor-version":[{"id":87052,"href":"https:\/\/blogdoeloiltoncajuhy.com.br\/site\/wp-json\/wp\/v2\/posts\/87050\/revisions\/87052"}],"wp:featuredmedia":[{"embeddable":true,"href":"https:\/\/blogdoeloiltoncajuhy.com.br\/site\/wp-json\/wp\/v2\/media\/87051"}],"wp:attachment":[{"href":"https:\/\/blogdoeloiltoncajuhy.com.br\/site\/wp-json\/wp\/v2\/media?parent=87050"}],"wp:term":[{"taxonomy":"category","embeddable":true,"href":"https:\/\/blogdoeloiltoncajuhy.com.br\/site\/wp-json\/wp\/v2\/categories?post=87050"},{"taxonomy":"post_tag","embeddable":true,"href":"https:\/\/blogdoeloiltoncajuhy.com.br\/site\/wp-json\/wp\/v2\/tags?post=87050"}],"curies":[{"name":"wp","href":"https:\/\/api.w.org\/{rel}","templated":true}]}}