{"id":87047,"date":"2025-04-12T09:02:56","date_gmt":"2025-04-12T12:02:56","guid":{"rendered":"https:\/\/blogdoeloiltoncajuhy.com.br\/site\/?p=87047"},"modified":"2025-04-12T09:02:57","modified_gmt":"2025-04-12T12:02:57","slug":"mec-oferece-cursos-gratuitos-de-ingles-espanhol-e-frances-saiba-como-se-inscrever","status":"publish","type":"post","link":"https:\/\/blogdoeloiltoncajuhy.com.br\/site\/mec-oferece-cursos-gratuitos-de-ingles-espanhol-e-frances-saiba-como-se-inscrever\/","title":{"rendered":"MEC oferece cursos gratuitos de ingl\u00eas, espanhol e franc\u00eas; saiba como se inscrever"},"content":{"rendered":"\n<p><strong>Por Catraca Livre<\/strong><\/p>\n\n\n\n<figure class=\"wp-block-image aligncenter size-full is-resized\"><a href=\"https:\/\/i0.wp.com\/blogdoeloiltoncajuhy.com.br\/site\/wp-content\/uploads\/2025\/04\/Cursos_Foto-Dario-Gaoria-istock.jpeg?ssl=1\"><img data-recalc-dims=\"1\" fetchpriority=\"high\" decoding=\"async\" width=\"768\" height=\"512\" src=\"https:\/\/i0.wp.com\/blogdoeloiltoncajuhy.com.br\/site\/wp-content\/uploads\/2025\/04\/Cursos_Foto-Dario-Gaoria-istock.jpeg?resize=768%2C512&#038;ssl=1\" alt=\"\" class=\"wp-image-87048\" style=\"width:594px;height:auto\" srcset=\"https:\/\/i0.wp.com\/blogdoeloiltoncajuhy.com.br\/site\/wp-content\/uploads\/2025\/04\/Cursos_Foto-Dario-Gaoria-istock.jpeg?w=768&amp;ssl=1 768w, https:\/\/i0.wp.com\/blogdoeloiltoncajuhy.com.br\/site\/wp-content\/uploads\/2025\/04\/Cursos_Foto-Dario-Gaoria-istock.jpeg?resize=300%2C200&amp;ssl=1 300w\" sizes=\"(max-width: 768px) 100vw, 768px\" \/><\/a><figcaption class=\"wp-element-caption\"><sub>Cursos s\u00e3o voltados para diferentes n\u00edveis &#8211; Foto: Dario Gaona\/istock<\/sub><\/figcaption><\/figure>\n\n\n\n<p>O Minist\u00e9rio da Educa\u00e7\u00e3o (MEC) est\u00e1 com inscri\u00e7\u00f5es abertas para cursos gratuitos de idiomas na modalidade de ensino a dist\u00e2ncia. Por meio da plataforma Aprenda Mais, interessados podem aprender ingl\u00eas, espanhol, franc\u00eas e at\u00e9 aperfei\u00e7oar a l\u00edngua portuguesa, de forma acess\u00edvel e flex\u00edvel. Os cursos s\u00e3o ideais para quem deseja aprimorar compet\u00eancias lingu\u00edsticas, fortalecer o curr\u00edculo ou conquistar horas complementares na faculdade.<\/p>\n\n\n\n<p><a href=\"https:\/\/whatsapp.com\/channel\/0029VaAT7tDLI8Yfj5y9Z50Z\"><strong><mark style=\"background-color:rgba(0, 0, 0, 0)\" class=\"has-inline-color has-vivid-red-color\">Siga nosso canal no WhatsApp e veja mais not\u00edcias<\/mark><\/strong><\/a><\/p>\n\n\n\n<h4 class=\"wp-block-heading\"><strong><mark style=\"background-color:rgba(0, 0, 0, 0)\" class=\"has-inline-color has-black-color\">Cursos abertos para o p\u00fablico geral<\/mark><\/strong><\/h4>\n\n\n\n<p>Os cursos n\u00e3o exigem processo seletivo, ou seja, qualquer pessoa pode se inscrever, independentemente da idade ou n\u00edvel de escolaridade. Embora o foco principal seja em estudantes do ensino m\u00e9dio e superior, as vagas est\u00e3o abertas ao p\u00fablico em geral. A carga hor\u00e1ria m\u00e9dia \u00e9 de 40 horas, com materiais adaptados para diferentes n\u00edveis de conhecimento e estilos de aprendizagem.<\/p>\n\n\n\n<p>As aulas s\u00e3o totalmente online e autoinstrucionais, ou seja, voc\u00ea pode estudar no seu ritmo, com flexibilidade de hor\u00e1rios. A \u00fanica exig\u00eancia \u00e9 que o curso seja finalizado at\u00e9 31 de julho.<\/p>\n\n\n\n<p>Ao final, os participantes recebem certificado gratuito, o que pode fazer diferen\u00e7a em processos seletivos acad\u00eamicos e profissionais.<\/p>\n\n\n\n<h4 class=\"wp-block-heading\"><strong><mark style=\"background-color:rgba(0, 0, 0, 0)\" class=\"has-inline-color has-black-color\">Como se inscrever?<\/mark><\/strong><\/h4>\n\n\n\n<p>Para se inscrever, basta acessar a plataforma Aprenda Mais e escolher a op\u00e7\u00e3o Idiomas, L\u00ednguas e Literatura. L\u00e1, \u00e9 poss\u00edvel selecionar o curso desejado e preencher os dados de cadastro. Ap\u00f3s a confirma\u00e7\u00e3o da inscri\u00e7\u00e3o, o estudante recebe um e-mail com mais informa\u00e7\u00f5es e acesso ao material did\u00e1tico.<\/p>\n\n\n\n<p class=\"has-black-color has-text-color has-link-color wp-elements-dd494465ad5c638ad975e2165bb99aee\"><strong>Entre os cursos dispon\u00edveis:<\/strong><\/p>\n\n\n\n<ul class=\"wp-block-list\">\n<li><strong><mark style=\"background-color:rgba(0, 0, 0, 0)\" class=\"has-inline-color has-black-color\">Ingl\u00eas:<\/mark><\/strong> com m\u00f3dulos do b\u00e1sico ao intermedi\u00e1rio, voltados para situa\u00e7\u00f5es do cotidiano e contexto acad\u00eamico.<\/li>\n\n\n\n<li><strong><mark style=\"background-color:rgba(0, 0, 0, 0)\" class=\"has-inline-color has-black-color\">Espanhol:<\/mark><\/strong> foco em vocabul\u00e1rio, leitura, escuta e estrutura gramatical.<\/li>\n\n\n\n<li><strong><mark style=\"background-color:rgba(0, 0, 0, 0)\" class=\"has-inline-color has-black-color\">Franc\u00eas:<\/mark><\/strong> ideal para quem est\u00e1 come\u00e7ando ou deseja revisar fundamentos do idioma.<\/li>\n\n\n\n<li><strong><mark style=\"background-color:rgba(0, 0, 0, 0)\" class=\"has-inline-color has-black-color\">Portugu\u00eas para estrangeiros:<\/mark><\/strong> voltado a refugiados, brasileiros naturalizados e pessoas que desejam refor\u00e7ar a profici\u00eancia na l\u00edngua.<\/li>\n<\/ul>\n","protected":false},"excerpt":{"rendered":"<p>Por Catraca Livre O Minist\u00e9rio da Educa\u00e7\u00e3o (MEC) est\u00e1 com inscri\u00e7\u00f5es abertas para cursos gratuitos de idiomas na modalidade de ensino a dist\u00e2ncia. Por meio da plataforma Aprenda Mais, interessados podem aprender ingl\u00eas, espanhol, franc\u00eas e at\u00e9 aperfei\u00e7oar a l\u00edngua portuguesa, de forma acess\u00edvel e flex\u00edvel. Os cursos s\u00e3o ideais para quem deseja aprimorar compet\u00eancias [&hellip;]<\/p>\n","protected":false},"author":2,"featured_media":87048,"comment_status":"open","ping_status":"open","sticky":false,"template":"","format":"standard","meta":{"_acf_changed":false,"_monsterinsights_skip_tracking":false,"_monsterinsights_sitenote_active":false,"_monsterinsights_sitenote_note":"","_monsterinsights_sitenote_category":0,"_jetpack_memberships_contains_paid_content":false,"footnotes":"","jetpack_publicize_message":"","jetpack_publicize_feature_enabled":true,"jetpack_social_post_already_shared":true,"jetpack_social_options":{"image_generator_settings":{"template":"highway","default_image_id":0,"font":"","enabled":false},"version":2}},"categories":[32],"tags":[],"class_list":["post-87047","post","type-post","status-publish","format-standard","has-post-thumbnail","hentry","category-emprego"],"acf":[],"jetpack_publicize_connections":[],"jetpack_featured_media_url":"https:\/\/i0.wp.com\/blogdoeloiltoncajuhy.com.br\/site\/wp-content\/uploads\/2025\/04\/Cursos_Foto-Dario-Gaoria-istock.jpeg?fit=768%2C512&ssl=1","jetpack_sharing_enabled":true,"publishpress_future_workflow_manual_trigger":{"enabledWorkflows":[]},"_links":{"self":[{"href":"https:\/\/blogdoeloiltoncajuhy.com.br\/site\/wp-json\/wp\/v2\/posts\/87047","targetHints":{"allow":["GET"]}}],"collection":[{"href":"https:\/\/blogdoeloiltoncajuhy.com.br\/site\/wp-json\/wp\/v2\/posts"}],"about":[{"href":"https:\/\/blogdoeloiltoncajuhy.com.br\/site\/wp-json\/wp\/v2\/types\/post"}],"author":[{"embeddable":true,"href":"https:\/\/blogdoeloiltoncajuhy.com.br\/site\/wp-json\/wp\/v2\/users\/2"}],"replies":[{"embeddable":true,"href":"https:\/\/blogdoeloiltoncajuhy.com.br\/site\/wp-json\/wp\/v2\/comments?post=87047"}],"version-history":[{"count":1,"href":"https:\/\/blogdoeloiltoncajuhy.com.br\/site\/wp-json\/wp\/v2\/posts\/87047\/revisions"}],"predecessor-version":[{"id":87049,"href":"https:\/\/blogdoeloiltoncajuhy.com.br\/site\/wp-json\/wp\/v2\/posts\/87047\/revisions\/87049"}],"wp:featuredmedia":[{"embeddable":true,"href":"https:\/\/blogdoeloiltoncajuhy.com.br\/site\/wp-json\/wp\/v2\/media\/87048"}],"wp:attachment":[{"href":"https:\/\/blogdoeloiltoncajuhy.com.br\/site\/wp-json\/wp\/v2\/media?parent=87047"}],"wp:term":[{"taxonomy":"category","embeddable":true,"href":"https:\/\/blogdoeloiltoncajuhy.com.br\/site\/wp-json\/wp\/v2\/categories?post=87047"},{"taxonomy":"post_tag","embeddable":true,"href":"https:\/\/blogdoeloiltoncajuhy.com.br\/site\/wp-json\/wp\/v2\/tags?post=87047"}],"curies":[{"name":"wp","href":"https:\/\/api.w.org\/{rel}","templated":true}]}}