{"id":87034,"date":"2025-04-11T00:10:00","date_gmt":"2025-04-11T03:10:00","guid":{"rendered":"https:\/\/blogdoeloiltoncajuhy.com.br\/site\/?p=87034"},"modified":"2025-04-10T18:46:26","modified_gmt":"2025-04-10T21:46:26","slug":"relator-do-novo-codigo-eleitoral-no-senado-se-reunira-com-as-bancadas-partidarias-para-discutir-versao-final-do-projeto","status":"publish","type":"post","link":"https:\/\/blogdoeloiltoncajuhy.com.br\/site\/relator-do-novo-codigo-eleitoral-no-senado-se-reunira-com-as-bancadas-partidarias-para-discutir-versao-final-do-projeto\/","title":{"rendered":"Relator do novo C\u00f3digo Eleitoral no Senado se reunir\u00e1 com as bancadas partid\u00e1rias para discutir vers\u00e3o final do projeto"},"content":{"rendered":"\n<p class=\"has-medium-font-size\"><strong>Entre os principais pontos est\u00e3o a amplia\u00e7\u00e3o das auditorias das urnas eletr\u00f4nicas e o impulsionamento das pr\u00e9-candidaturas.<\/strong><\/p>\n\n\n\n<p><strong>Blog do Eloilton Cajuhy \u2013 BEC<\/strong><\/p>\n\n\n\n<figure class=\"wp-block-image aligncenter size-full\"><a href=\"https:\/\/i0.wp.com\/blogdoeloiltoncajuhy.com.br\/site\/wp-content\/uploads\/2025\/04\/Senador-Marcelo-Castro-Foto-Andressa-Anholete-Agencia-Senado.jpeg?ssl=1\"><img data-recalc-dims=\"1\" fetchpriority=\"high\" decoding=\"async\" width=\"675\" height=\"450\" src=\"https:\/\/i0.wp.com\/blogdoeloiltoncajuhy.com.br\/site\/wp-content\/uploads\/2025\/04\/Senador-Marcelo-Castro-Foto-Andressa-Anholete-Agencia-Senado.jpeg?resize=675%2C450&#038;ssl=1\" alt=\"\" class=\"wp-image-87035\" srcset=\"https:\/\/i0.wp.com\/blogdoeloiltoncajuhy.com.br\/site\/wp-content\/uploads\/2025\/04\/Senador-Marcelo-Castro-Foto-Andressa-Anholete-Agencia-Senado.jpeg?w=675&amp;ssl=1 675w, https:\/\/i0.wp.com\/blogdoeloiltoncajuhy.com.br\/site\/wp-content\/uploads\/2025\/04\/Senador-Marcelo-Castro-Foto-Andressa-Anholete-Agencia-Senado.jpeg?resize=300%2C200&amp;ssl=1 300w\" sizes=\"(max-width: 675px) 100vw, 675px\" \/><\/a><figcaption class=\"wp-element-caption\"><sub>Foto: Andressa Anholete\/Ag\u00eancia Senado<\/sub><\/figcaption><\/figure>\n\n\n\n<p>Em reuni\u00e3o com o presidente do Senado, Davi Alcolumbre, os l\u00edderes partid\u00e1rios sugeriram que o relator do novo C\u00f3digo Eleitoral, senador Marcelo Castro, do MDB do Piau\u00ed, tenha encontros com cada uma das bancadas partid\u00e1rias para discutir aperfei\u00e7oamentos ao projeto, que vai reunir em uma \u00fanica legisla\u00e7\u00e3o sete leis, como a dos Partidos Pol\u00edticos e da Inelegibilidade, al\u00e9m das resolu\u00e7\u00f5es do Tribunal Superior Eleitoral.<\/p>\n\n\n\n<p><a href=\"https:\/\/whatsapp.com\/channel\/0029VaAT7tDLI8Yfj5y9Z50Z\"><strong><mark style=\"background-color:rgba(0, 0, 0, 0)\" class=\"has-inline-color has-vivid-red-color\">Siga nosso canal no WhatsApp e veja mais not\u00edcias<\/mark><\/strong><\/a><\/p>\n\n\n\n<p>Entre os principais pontos do projeto est\u00e1 a auditoria ampliada das urnas eletr\u00f4nicas, que poder\u00e1 ser feita pelo Congresso Nacional, Minist\u00e9rio P\u00fablico Federal e entidades privadas sem fins lucrativos. Marcelo Castro afirmou que a proposta tamb\u00e9m estabelece que 20% das vagas nas C\u00e2maras Municipais e Distrital, das Assembleias Legislativas e da C\u00e2mara dos Deputados sejam reservadas para as mulheres.<\/p>\n\n\n\n<blockquote class=\"wp-block-quote is-layout-flow wp-block-quote-is-layout-flow\">\n<p><strong><mark style=\"background-color:rgba(0, 0, 0, 0)\" class=\"has-inline-color has-black-color\">N\u00f3s achamos que isso \u00e9 um avan\u00e7o muito grande porque verdadeiramente a participa\u00e7\u00e3o feminina no Brasil \u00e9 muito \u00ednfima, \u00e9 muito muito pequena, e a gente precisa aumentar o espa\u00e7o de poder para mulher. N\u00e3o se justifica as mulheres hoje terem sucesso em todas as \u00e1reas, principalmente nas universidades, nos concursos p\u00fablicos e quando chega na pol\u00edtica, a participa\u00e7\u00e3o \u00e9 \u00ednfima. Hoje, n\u00f3s temos no Brasil mais de 700 munic\u00edpios que n\u00e3o t\u00eam uma mulher na C\u00e2mara de Vereadores.<\/mark><\/strong><\/p>\n<\/blockquote>\n\n\n\n<p>O novo C\u00f3digo Eleitoral tamb\u00e9m autoriza os candidatos e partidos a impulsionarem conte\u00fado em meio digital para a divulga\u00e7\u00e3o de pr\u00e9-campanha e permite a chamada propaganda eleitoral negativa, desde que n\u00e3o ocorra a dissemina\u00e7\u00e3o de not\u00edcias falsas. Marcelo Castro tamb\u00e9m \u00e9 relator da proposta de emenda \u00e0 Constitui\u00e7\u00e3o que unifica as elei\u00e7\u00f5es municipais e gerais e acaba com a reelei\u00e7\u00e3o para os cargos de prefeito, governador e presidente da Rep\u00fablica, que ter\u00e3o um mandato de cinco anos. Ele citou que o candidato \u00e0 reelei\u00e7\u00e3o j\u00e1 sai em vantagem na disputa pelo uso da m\u00e1quina p\u00fablica.<\/p>\n\n\n\n<p>&#8220;N\u00e3o estou dizendo que s\u00e3o todos, mas em regra geral, todos os prefeitos, todos os governadores, todos os presidentes da Rep\u00fablica que v\u00e3o para a reelei\u00e7\u00e3o, em regra, abusam do poder: poder pol\u00edtico, poder econ\u00f4mico e isso faz mal \u00e0 democracia. O melhor para o nosso sistema democr\u00e1tico \u00e9 a gente n\u00e3o ter essa elei\u00e7\u00e3o e colocar o mandato de 5 anos porque todos acham que n\u00e3o tendo reelei\u00e7\u00e3o seria o mais razo\u00e1vel. Alguns defendem 6 anos, mas eu acho que cinco anos estariam de bom tamanho&#8221;, disse Castro.<\/p>\n\n\n\n<p>Marcelo Castro defende que o novo C\u00f3digo Eleitoral e o fim da reelei\u00e7\u00e3o sejam votados juntos por serem regras que se complementam. Mas considera a aprecia\u00e7\u00e3o em separado devido \u00e0s pol\u00eamicas. As duas propostas est\u00e3o na Comiss\u00e3o de Constitui\u00e7\u00e3o e Justi\u00e7a. Se aprovadas, v\u00e3o seguir para o Plen\u00e1rio.<\/p>\n","protected":false},"excerpt":{"rendered":"<p>Entre os principais pontos est\u00e3o a amplia\u00e7\u00e3o das auditorias das urnas eletr\u00f4nicas e o impulsionamento das pr\u00e9-candidaturas. Blog do Eloilton Cajuhy \u2013 BEC Em reuni\u00e3o com o presidente do Senado, Davi Alcolumbre, os l\u00edderes partid\u00e1rios sugeriram que o relator do novo C\u00f3digo Eleitoral, senador Marcelo Castro, do MDB do Piau\u00ed, tenha encontros com cada uma [&hellip;]<\/p>\n","protected":false},"author":2,"featured_media":87035,"comment_status":"open","ping_status":"open","sticky":false,"template":"","format":"standard","meta":{"_acf_changed":false,"_monsterinsights_skip_tracking":false,"_monsterinsights_sitenote_active":false,"_monsterinsights_sitenote_note":"","_monsterinsights_sitenote_category":0,"_jetpack_memberships_contains_paid_content":false,"footnotes":"","jetpack_publicize_message":"","jetpack_publicize_feature_enabled":true,"jetpack_social_post_already_shared":true,"jetpack_social_options":{"image_generator_settings":{"template":"highway","enabled":false},"version":2}},"categories":[3],"tags":[],"class_list":["post-87034","post","type-post","status-publish","format-standard","has-post-thumbnail","hentry","category-politica"],"acf":[],"jetpack_publicize_connections":[],"jetpack_featured_media_url":"https:\/\/i0.wp.com\/blogdoeloiltoncajuhy.com.br\/site\/wp-content\/uploads\/2025\/04\/Senador-Marcelo-Castro-Foto-Andressa-Anholete-Agencia-Senado.jpeg?fit=675%2C450&ssl=1","jetpack_sharing_enabled":true,"publishpress_future_workflow_manual_trigger":{"enabledWorkflows":[]},"_links":{"self":[{"href":"https:\/\/blogdoeloiltoncajuhy.com.br\/site\/wp-json\/wp\/v2\/posts\/87034","targetHints":{"allow":["GET"]}}],"collection":[{"href":"https:\/\/blogdoeloiltoncajuhy.com.br\/site\/wp-json\/wp\/v2\/posts"}],"about":[{"href":"https:\/\/blogdoeloiltoncajuhy.com.br\/site\/wp-json\/wp\/v2\/types\/post"}],"author":[{"embeddable":true,"href":"https:\/\/blogdoeloiltoncajuhy.com.br\/site\/wp-json\/wp\/v2\/users\/2"}],"replies":[{"embeddable":true,"href":"https:\/\/blogdoeloiltoncajuhy.com.br\/site\/wp-json\/wp\/v2\/comments?post=87034"}],"version-history":[{"count":2,"href":"https:\/\/blogdoeloiltoncajuhy.com.br\/site\/wp-json\/wp\/v2\/posts\/87034\/revisions"}],"predecessor-version":[{"id":87037,"href":"https:\/\/blogdoeloiltoncajuhy.com.br\/site\/wp-json\/wp\/v2\/posts\/87034\/revisions\/87037"}],"wp:featuredmedia":[{"embeddable":true,"href":"https:\/\/blogdoeloiltoncajuhy.com.br\/site\/wp-json\/wp\/v2\/media\/87035"}],"wp:attachment":[{"href":"https:\/\/blogdoeloiltoncajuhy.com.br\/site\/wp-json\/wp\/v2\/media?parent=87034"}],"wp:term":[{"taxonomy":"category","embeddable":true,"href":"https:\/\/blogdoeloiltoncajuhy.com.br\/site\/wp-json\/wp\/v2\/categories?post=87034"},{"taxonomy":"post_tag","embeddable":true,"href":"https:\/\/blogdoeloiltoncajuhy.com.br\/site\/wp-json\/wp\/v2\/tags?post=87034"}],"curies":[{"name":"wp","href":"https:\/\/api.w.org\/{rel}","templated":true}]}}