{"id":87025,"date":"2025-04-10T15:15:30","date_gmt":"2025-04-10T18:15:30","guid":{"rendered":"https:\/\/blogdoeloiltoncajuhy.com.br\/site\/?p=87025"},"modified":"2025-04-10T15:15:32","modified_gmt":"2025-04-10T18:15:32","slug":"governo-vai-propor-isencao-de-energia-para-ate-60-milhoes-de-pessoas","status":"publish","type":"post","link":"https:\/\/blogdoeloiltoncajuhy.com.br\/site\/governo-vai-propor-isencao-de-energia-para-ate-60-milhoes-de-pessoas\/","title":{"rendered":"Governo vai propor isen\u00e7\u00e3o de energia para at\u00e9 60 milh\u00f5es de pessoas"},"content":{"rendered":"\n<p class=\"has-medium-font-size\"><strong>Projeto de lei ser\u00e1 encaminhado ao Congresso, disse ministro.<\/strong><\/p>\n\n\n\n<p><strong>Por Vitor Abdala\/Ag\u00eancia Brasil<\/strong><\/p>\n\n\n\n<figure class=\"wp-block-image aligncenter size-full\"><a href=\"https:\/\/i0.wp.com\/blogdoeloiltoncajuhy.com.br\/site\/wp-content\/uploads\/2025\/04\/Conta-de-luz_energia-Foto-Marcello-Casal-Jr-Agencia-Brasil.jpeg?ssl=1\"><img data-recalc-dims=\"1\" fetchpriority=\"high\" decoding=\"async\" width=\"720\" height=\"431\" src=\"https:\/\/i0.wp.com\/blogdoeloiltoncajuhy.com.br\/site\/wp-content\/uploads\/2025\/04\/Conta-de-luz_energia-Foto-Marcello-Casal-Jr-Agencia-Brasil.jpeg?resize=720%2C431&#038;ssl=1\" alt=\"\" class=\"wp-image-87026\" srcset=\"https:\/\/i0.wp.com\/blogdoeloiltoncajuhy.com.br\/site\/wp-content\/uploads\/2025\/04\/Conta-de-luz_energia-Foto-Marcello-Casal-Jr-Agencia-Brasil.jpeg?w=720&amp;ssl=1 720w, https:\/\/i0.wp.com\/blogdoeloiltoncajuhy.com.br\/site\/wp-content\/uploads\/2025\/04\/Conta-de-luz_energia-Foto-Marcello-Casal-Jr-Agencia-Brasil.jpeg?resize=300%2C180&amp;ssl=1 300w\" sizes=\"(max-width: 720px) 100vw, 720px\" \/><\/a><figcaption class=\"wp-element-caption\"><sub>Foto: Marcello Casal Jr\/Ag\u00eancia Brasil<\/sub><\/figcaption><\/figure>\n\n\n\n<p>O governo federal deve enviar ao Congresso Nacional, ainda neste semestre, um projeto de lei de reforma do setor el\u00e9trico brasileiro. Entre as propostas, est\u00e1 a amplia\u00e7\u00e3o da tarifa social, que hoje oferece descontos no pagamento da conta de energia para ind\u00edgenas, quilombolas, idosos que recebem Benef\u00edcio de Presta\u00e7\u00e3o Continuada (BPC) e fam\u00edlias inscritas no Cadastro \u00danico (Cad\u00danico) do governo federal com renda at\u00e9 meio sal\u00e1rio \u00fanico.<\/p>\n\n\n\n<blockquote class=\"wp-block-quote is-layout-flow wp-block-quote-is-layout-flow\">\n<p><strong><mark style=\"background-color:rgba(0, 0, 0, 0)\" class=\"has-inline-color has-black-color\">A ideia \u00e9 que haja uma isen\u00e7\u00e3o de pagamento de tarifa de energia el\u00e9trica para essas popula\u00e7\u00f5es caso elas consumam at\u00e9 80 kWh por m\u00eas, o que chegaria a 60 milh\u00f5es de pessoas no pa\u00eds.<\/mark><\/strong><\/p>\n<\/blockquote>\n\n\n\n<p>Atualmente, a isen\u00e7\u00e3o completa do pagamento em caso de consumo de at\u00e9 50 kWh vale para ind\u00edgenas e quilombolas, enquanto os idosos com BPC e as fam\u00edlias do Cad\u00danico t\u00eam direito a descontos escalonados de at\u00e9 65%, caso o consumo seja menor que 220kWh.<\/p>\n\n\n\n<p>&#8220;Mais de 60 milh\u00f5es de brasileiras e brasileiros ser\u00e3o beneficiados com a gratuidade de energia do consumo at\u00e9 80 gigawatt por m\u00eas. Isso representa o consumo de uma fam\u00edlia que tem uma geladeira, um chuveiro el\u00e9trico, ferro de passar, carregador de celular, televis\u00e3o, l\u00e2mpadas para seis c\u00f4modos\u201d, disse o ministro de Minas e Energia, Alexandre Silveira, em evento no Rio de Janeiro.<\/p>\n\n\n\n<p>O ministro n\u00e3o explicou sobre o que ser\u00e1 feito em rela\u00e7\u00e3o aos descontos escalonados que hoje s\u00e3o aplicados para consumos at\u00e9 220 kWh. Segundo ele, a ideia \u00e9 subsidiar a pol\u00edtica atrav\u00e9s da corre\u00e7\u00e3o de &#8220;distor\u00e7\u00f5es internas do setor\u201d.<\/p>\n\n\n\n<p>\u201cSe voc\u00ea v\u00ea o projeto como um todo, voc\u00ea vai ver que estamos fazendo ali uma completa e poss\u00edvel justi\u00e7a tarif\u00e1ria, corrigindo as distor\u00e7\u00f5es dentro do setor. E isso n\u00e3o impacta praticamente o restante dos consumidores\u201d.<\/p>\n\n\n\n<p>Uma das distor\u00e7\u00f5es, de acordo com Silveira, \u00e9 o pagamento sobre a seguran\u00e7a energ\u00e9tica.<\/p>\n\n\n\n<blockquote class=\"wp-block-quote is-layout-flow wp-block-quote-is-layout-flow\">\n<p><strong><mark style=\"background-color:rgba(0, 0, 0, 0)\" class=\"has-inline-color has-black-color\">&#8220;O pobre paga mais que o rico na quest\u00e3o, em especial, da seguran\u00e7a energ\u00e9tica, para se pagar Angra 1 e 2 e as t\u00e9rmicas. S\u00f3 o pobre paga. Boa parte do mercado livre n\u00e3o paga por essa seguran\u00e7a energ\u00e9tica ou paga pouco. Ent\u00e3o, estamos reequilibrando essa quest\u00e3o do pagamento por parte do pobre, do mercado regulado e da classe m\u00e9dia&#8221;.<\/mark><\/strong><\/p>\n<\/blockquote>\n\n\n\n<p>Outra proposta do projeto de lei, que dever\u00e1 ser encaminhada \u00e0 Casa Civil da Presid\u00eancia ainda este m\u00eas \u00e9 dar mais liberdade de escolha para o consumidor, inclusive residencial, em rela\u00e7\u00e3o \u00e0 origem da energia que ele ir\u00e1 consumir.<\/p>\n\n\n\n<p>\u201cO cara vai poder comprar energia como compra em Portugal ou na Espanha. Ele escolhe a fonte energ\u00e9tica que ele quer comprar, pelo celular. Ele vai poder escolher a fonte, o pre\u00e7o e ele vai poder pagar da forma que ele quiser. Pode pagar tanto atrav\u00e9s da distribuidora quanto pode emitir um boleto direto ou pagar pela internet\u201d.<\/p>\n","protected":false},"excerpt":{"rendered":"<p>Projeto de lei ser\u00e1 encaminhado ao Congresso, disse ministro. Por Vitor Abdala\/Ag\u00eancia Brasil O governo federal deve enviar ao Congresso Nacional, ainda neste semestre, um projeto de lei de reforma do setor el\u00e9trico brasileiro. Entre as propostas, est\u00e1 a amplia\u00e7\u00e3o da tarifa social, que hoje oferece descontos no pagamento da conta de energia para ind\u00edgenas, [&hellip;]<\/p>\n","protected":false},"author":2,"featured_media":87026,"comment_status":"open","ping_status":"open","sticky":false,"template":"","format":"standard","meta":{"_acf_changed":false,"_monsterinsights_skip_tracking":false,"_monsterinsights_sitenote_active":false,"_monsterinsights_sitenote_note":"","_monsterinsights_sitenote_category":0,"_jetpack_memberships_contains_paid_content":false,"footnotes":"","jetpack_publicize_message":"","jetpack_publicize_feature_enabled":true,"jetpack_social_post_already_shared":true,"jetpack_social_options":{"image_generator_settings":{"template":"highway","default_image_id":0,"font":"","enabled":false},"version":2}},"categories":[31],"tags":[],"class_list":["post-87025","post","type-post","status-publish","format-standard","has-post-thumbnail","hentry","category-economia"],"acf":[],"jetpack_publicize_connections":[],"jetpack_featured_media_url":"https:\/\/i0.wp.com\/blogdoeloiltoncajuhy.com.br\/site\/wp-content\/uploads\/2025\/04\/Conta-de-luz_energia-Foto-Marcello-Casal-Jr-Agencia-Brasil.jpeg?fit=720%2C431&ssl=1","jetpack_sharing_enabled":true,"publishpress_future_workflow_manual_trigger":{"enabledWorkflows":[]},"_links":{"self":[{"href":"https:\/\/blogdoeloiltoncajuhy.com.br\/site\/wp-json\/wp\/v2\/posts\/87025","targetHints":{"allow":["GET"]}}],"collection":[{"href":"https:\/\/blogdoeloiltoncajuhy.com.br\/site\/wp-json\/wp\/v2\/posts"}],"about":[{"href":"https:\/\/blogdoeloiltoncajuhy.com.br\/site\/wp-json\/wp\/v2\/types\/post"}],"author":[{"embeddable":true,"href":"https:\/\/blogdoeloiltoncajuhy.com.br\/site\/wp-json\/wp\/v2\/users\/2"}],"replies":[{"embeddable":true,"href":"https:\/\/blogdoeloiltoncajuhy.com.br\/site\/wp-json\/wp\/v2\/comments?post=87025"}],"version-history":[{"count":1,"href":"https:\/\/blogdoeloiltoncajuhy.com.br\/site\/wp-json\/wp\/v2\/posts\/87025\/revisions"}],"predecessor-version":[{"id":87027,"href":"https:\/\/blogdoeloiltoncajuhy.com.br\/site\/wp-json\/wp\/v2\/posts\/87025\/revisions\/87027"}],"wp:featuredmedia":[{"embeddable":true,"href":"https:\/\/blogdoeloiltoncajuhy.com.br\/site\/wp-json\/wp\/v2\/media\/87026"}],"wp:attachment":[{"href":"https:\/\/blogdoeloiltoncajuhy.com.br\/site\/wp-json\/wp\/v2\/media?parent=87025"}],"wp:term":[{"taxonomy":"category","embeddable":true,"href":"https:\/\/blogdoeloiltoncajuhy.com.br\/site\/wp-json\/wp\/v2\/categories?post=87025"},{"taxonomy":"post_tag","embeddable":true,"href":"https:\/\/blogdoeloiltoncajuhy.com.br\/site\/wp-json\/wp\/v2\/tags?post=87025"}],"curies":[{"name":"wp","href":"https:\/\/api.w.org\/{rel}","templated":true}]}}