{"id":87019,"date":"2025-04-10T14:15:35","date_gmt":"2025-04-10T17:15:35","guid":{"rendered":"https:\/\/blogdoeloiltoncajuhy.com.br\/site\/?p=87019"},"modified":"2025-04-10T14:15:36","modified_gmt":"2025-04-10T17:15:36","slug":"jovem-e-preso-suspeito-de-forjar-sequestro-para-incriminar-sogro-apos-homem-encontrar-video-intimo-feito-pelo-rapaz-e-a-filha","status":"publish","type":"post","link":"https:\/\/blogdoeloiltoncajuhy.com.br\/site\/jovem-e-preso-suspeito-de-forjar-sequestro-para-incriminar-sogro-apos-homem-encontrar-video-intimo-feito-pelo-rapaz-e-a-filha\/","title":{"rendered":"Jovem \u00e9 preso suspeito de forjar sequestro para incriminar sogro ap\u00f3s homem encontrar v\u00eddeo \u00edntimo feito pelo rapaz e a filha"},"content":{"rendered":"\n<p class=\"has-medium-font-size\"><strong>Caso aconteceu na cidade de Senhor do Bonfim. Suspeito alegou que praticou crime por vingan\u00e7a, porque foi amea\u00e7ado de morte pelo sogro.<\/strong><\/p>\n\n\n\n<p><strong>Por g1 BA e TV S\u00e3o Francisco<\/strong><\/p>\n\n\n\n<figure class=\"wp-block-image aligncenter size-full\"><a href=\"https:\/\/i0.wp.com\/blogdoeloiltoncajuhy.com.br\/site\/wp-content\/uploads\/2025\/04\/Jovem-e-preso-suspeito-de-forjar-sequestro-para-incriminar-sogro-em-Bonfim-%E2%80%94-Foto-Reproducao-Redes-Sociais.png?ssl=1\"><img data-recalc-dims=\"1\" fetchpriority=\"high\" decoding=\"async\" width=\"393\" height=\"501\" src=\"https:\/\/i0.wp.com\/blogdoeloiltoncajuhy.com.br\/site\/wp-content\/uploads\/2025\/04\/Jovem-e-preso-suspeito-de-forjar-sequestro-para-incriminar-sogro-em-Bonfim-%E2%80%94-Foto-Reproducao-Redes-Sociais.png?resize=393%2C501&#038;ssl=1\" alt=\"\" class=\"wp-image-87020\" srcset=\"https:\/\/i0.wp.com\/blogdoeloiltoncajuhy.com.br\/site\/wp-content\/uploads\/2025\/04\/Jovem-e-preso-suspeito-de-forjar-sequestro-para-incriminar-sogro-em-Bonfim-%E2%80%94-Foto-Reproducao-Redes-Sociais.png?w=393&amp;ssl=1 393w, https:\/\/i0.wp.com\/blogdoeloiltoncajuhy.com.br\/site\/wp-content\/uploads\/2025\/04\/Jovem-e-preso-suspeito-de-forjar-sequestro-para-incriminar-sogro-em-Bonfim-%E2%80%94-Foto-Reproducao-Redes-Sociais.png?resize=235%2C300&amp;ssl=1 235w\" sizes=\"(max-width: 393px) 100vw, 393px\" \/><\/a><figcaption class=\"wp-element-caption\"><sub>Jovem preso suspeito de forjar sequestro para incriminar sogro \u2014 Foto: Reprodu\u00e7\u00e3o\/Redes Sociais<\/sub><\/figcaption><\/figure>\n\n\n\n<p>Um jovem de 18 anos foi preso suspeito de forjar o pr\u00f3prio sequestro para incriminar o sogro, na cidade de Senhor do Bonfim. Segundo a Pol\u00edcia Civil, o homem teria amea\u00e7ado o rapaz de morte ap\u00f3s encontrar um v\u00eddeo \u00edntimo feito pelo suspeito e a filha dele nas redes sociais.<\/p>\n\n\n\n<p>De acordo com a pol\u00edcia, <strong><mark style=\"background-color:rgba(0, 0, 0, 0)\" class=\"has-inline-color has-black-color\">Guilherme Graceno dos Santos<\/mark><\/strong> procurou a delegacia da cidade para registrar um boletim de ocorr\u00eancia, na quarta-feira (9). Durante o depoimento, ele disse que tinha sido libertado de um cativeiro, onde estava h\u00e1 cerca de cinco dias.<\/p>\n\n\n\n<p>Ainda de acordo com o suspeito, ele teria sido sequestrado por homens armados no Centro da cidade, ficou amarrado no local sob a mira de armas de fogo e somente na quarta-feira teria sido libertado pela namorada.<\/p>\n\n\n\n<p><a href=\"https:\/\/whatsapp.com\/channel\/0029VaAT7tDLI8Yfj5y9Z50Z\"><strong><mark style=\"background-color:rgba(0, 0, 0, 0)\" class=\"has-inline-color has-vivid-red-color\">Siga nosso canal no WhatsApp e veja mais not\u00edcias<\/mark><\/strong><\/a><\/p>\n\n\n\n<p>Ap\u00f3s o depoimento, a pol\u00edcia iniciou as investiga\u00e7\u00f5es para identificar e prender os envolvidos no crime. No entanto, ao chegar em uma casa abandonada, no distrito de Quic\u00e9, apontada como o cativeiro, a pol\u00edcia n\u00e3o encontrou sinais de habita\u00e7\u00e3o recente.<\/p>\n\n\n\n<p>Al\u00e9m disso, Guilherme Graceno aparentava estar bem nutrido, hidratado e orientado emocionalmente, ao contr\u00e1rio do que ocorre com a maioria das pessoas que s\u00e3o sequestradas.<\/p>\n\n\n\n<p>A Pol\u00edcia Civil informou que o jovem foi ouvido mais uma vez e confessou que inventou o crime por vingan\u00e7a. A fam\u00edlia do suspeito chegou a registrar um boletim de ocorr\u00eancia por causa do desaparecimento dele na segunda-feira (7), e fez divulga\u00e7\u00f5es nas redes sociais.<\/p>\n\n\n\n<p>O jovem vai responder pelo crime de denuncia\u00e7\u00e3o caluniosa.<\/p>\n\n\n\n<p>Em nota, a defesa de Guilherme Graceno disse que acompanha as investiga\u00e7\u00f5es e que todos os esclarecimentos ser\u00e3o realizados nos autos do processo, em momento oportuno.<\/p>\n","protected":false},"excerpt":{"rendered":"<p>Caso aconteceu na cidade de Senhor do Bonfim. Suspeito alegou que praticou crime por vingan\u00e7a, porque foi amea\u00e7ado de morte pelo sogro. Por g1 BA e TV S\u00e3o Francisco Um jovem de 18 anos foi preso suspeito de forjar o pr\u00f3prio sequestro para incriminar o sogro, na cidade de Senhor do Bonfim. Segundo a Pol\u00edcia [&hellip;]<\/p>\n","protected":false},"author":2,"featured_media":87020,"comment_status":"open","ping_status":"open","sticky":false,"template":"","format":"standard","meta":{"_acf_changed":false,"_monsterinsights_skip_tracking":false,"_monsterinsights_sitenote_active":false,"_monsterinsights_sitenote_note":"","_monsterinsights_sitenote_category":0,"_jetpack_memberships_contains_paid_content":false,"footnotes":"","jetpack_publicize_message":"","jetpack_publicize_feature_enabled":true,"jetpack_social_post_already_shared":true,"jetpack_social_options":{"image_generator_settings":{"template":"highway","default_image_id":0,"font":"","enabled":false},"version":2}},"categories":[15],"tags":[],"class_list":["post-87019","post","type-post","status-publish","format-standard","has-post-thumbnail","hentry","category-policia"],"acf":[],"jetpack_publicize_connections":[],"jetpack_featured_media_url":"https:\/\/i0.wp.com\/blogdoeloiltoncajuhy.com.br\/site\/wp-content\/uploads\/2025\/04\/Jovem-e-preso-suspeito-de-forjar-sequestro-para-incriminar-sogro-em-Bonfim-%E2%80%94-Foto-Reproducao-Redes-Sociais.png?fit=393%2C501&ssl=1","jetpack_sharing_enabled":true,"publishpress_future_workflow_manual_trigger":{"enabledWorkflows":[]},"_links":{"self":[{"href":"https:\/\/blogdoeloiltoncajuhy.com.br\/site\/wp-json\/wp\/v2\/posts\/87019","targetHints":{"allow":["GET"]}}],"collection":[{"href":"https:\/\/blogdoeloiltoncajuhy.com.br\/site\/wp-json\/wp\/v2\/posts"}],"about":[{"href":"https:\/\/blogdoeloiltoncajuhy.com.br\/site\/wp-json\/wp\/v2\/types\/post"}],"author":[{"embeddable":true,"href":"https:\/\/blogdoeloiltoncajuhy.com.br\/site\/wp-json\/wp\/v2\/users\/2"}],"replies":[{"embeddable":true,"href":"https:\/\/blogdoeloiltoncajuhy.com.br\/site\/wp-json\/wp\/v2\/comments?post=87019"}],"version-history":[{"count":1,"href":"https:\/\/blogdoeloiltoncajuhy.com.br\/site\/wp-json\/wp\/v2\/posts\/87019\/revisions"}],"predecessor-version":[{"id":87021,"href":"https:\/\/blogdoeloiltoncajuhy.com.br\/site\/wp-json\/wp\/v2\/posts\/87019\/revisions\/87021"}],"wp:featuredmedia":[{"embeddable":true,"href":"https:\/\/blogdoeloiltoncajuhy.com.br\/site\/wp-json\/wp\/v2\/media\/87020"}],"wp:attachment":[{"href":"https:\/\/blogdoeloiltoncajuhy.com.br\/site\/wp-json\/wp\/v2\/media?parent=87019"}],"wp:term":[{"taxonomy":"category","embeddable":true,"href":"https:\/\/blogdoeloiltoncajuhy.com.br\/site\/wp-json\/wp\/v2\/categories?post=87019"},{"taxonomy":"post_tag","embeddable":true,"href":"https:\/\/blogdoeloiltoncajuhy.com.br\/site\/wp-json\/wp\/v2\/tags?post=87019"}],"curies":[{"name":"wp","href":"https:\/\/api.w.org\/{rel}","templated":true}]}}