{"id":87014,"date":"2025-04-10T08:53:52","date_gmt":"2025-04-10T11:53:52","guid":{"rendered":"https:\/\/blogdoeloiltoncajuhy.com.br\/site\/?p=87014"},"modified":"2025-04-10T09:00:03","modified_gmt":"2025-04-10T12:00:03","slug":"luto-morre-gileno-funcionario-antigo-de-concessionaria-de-bonfim","status":"publish","type":"post","link":"https:\/\/blogdoeloiltoncajuhy.com.br\/site\/luto-morre-gileno-funcionario-antigo-de-concessionaria-de-bonfim\/","title":{"rendered":"Luto: Morre Gileno, funcion\u00e1rio antigo de concession\u00e1ria de Bonfim"},"content":{"rendered":"\n<p class=\"has-medium-font-size\"><strong>Segundo informa\u00e7\u00f5es, ele foi v\u00edtima de infarto, enquanto fazia atividade f\u00edsica.<\/strong><\/p>\n\n\n\n<p><strong>Por Blog do Eloilton Cajuhy &#8211; BEC<\/strong><\/p>\n\n\n\n<figure class=\"wp-block-image aligncenter size-full is-resized\"><a href=\"https:\/\/i0.wp.com\/blogdoeloiltoncajuhy.com.br\/site\/wp-content\/uploads\/2025\/04\/Gileno.jpeg?ssl=1\"><img data-recalc-dims=\"1\" fetchpriority=\"high\" decoding=\"async\" width=\"800\" height=\"712\" src=\"https:\/\/i0.wp.com\/blogdoeloiltoncajuhy.com.br\/site\/wp-content\/uploads\/2025\/04\/Gileno.jpeg?resize=800%2C712&#038;ssl=1\" alt=\"\" class=\"wp-image-87015\" style=\"width:524px;height:auto\" srcset=\"https:\/\/i0.wp.com\/blogdoeloiltoncajuhy.com.br\/site\/wp-content\/uploads\/2025\/04\/Gileno.jpeg?w=800&amp;ssl=1 800w, https:\/\/i0.wp.com\/blogdoeloiltoncajuhy.com.br\/site\/wp-content\/uploads\/2025\/04\/Gileno.jpeg?resize=300%2C267&amp;ssl=1 300w, https:\/\/i0.wp.com\/blogdoeloiltoncajuhy.com.br\/site\/wp-content\/uploads\/2025\/04\/Gileno.jpeg?resize=768%2C684&amp;ssl=1 768w\" sizes=\"(max-width: 800px) 100vw, 800px\" \/><\/a><figcaption class=\"wp-element-caption\"><sub>Foto: Reprodu\u00e7\u00e3o \/ Redes Sociais<\/sub><\/figcaption><\/figure>\n\n\n\n<p>Morreu na manh\u00e3 desta quinta-feira (10) em Senhor do Bonfim, <strong><mark style=\"background-color:rgba(0, 0, 0, 0)\" class=\"has-inline-color has-black-color\">Heleno Martins de Souza<\/mark><\/strong>, de 50 anos, morador da Rua Visconde do Rio Branco, centro da cidade. Segundo as primeiras informa\u00e7\u00f5es, <strong><mark style=\"background-color:rgba(0, 0, 0, 0)\" class=\"has-inline-color has-black-color\">Gileno Valks<\/mark><\/strong>, como era mais conhecido, fazia atividade f\u00edsica na Pra\u00e7a Nova do Congresso,, quando passou mal, foi socorrido para a UPA 24h e veio a falecer. A suspeita \u00e9 de infarto.<\/p>\n\n\n\n<p><a href=\"https:\/\/whatsapp.com\/channel\/0029VaAT7tDLI8Yfj5y9Z50Z\"><strong><mark style=\"background-color:rgba(0, 0, 0, 0)\" class=\"has-inline-color has-vivid-red-color\">Siga nosso canal no WhatsApp e veja mais not\u00edcias<\/mark><\/strong><\/a><\/p>\n\n\n\n<p>De acordo com nota que circula nas redes sociais, &#8220;Gileno foi um homem de car\u00e1ter, amigo leal, sempre prestativo e de sorriso f\u00e1cil. Durante muitos anos, dedicou seu trabalho com empenho e responsabilidade na Jovememcar (atual Novos Tempos), onde conquistou n\u00e3o s\u00f3 colegas, mas verdadeiras amizades&#8221;.<\/p>\n\n\n\n<p>&#8220;Hoje, nos despedimos de um ser humano admir\u00e1vel, cuja presen\u00e7a deixar\u00e1 uma imensa saudade. Que Deus, em sua infinita bondade, conforte o cora\u00e7\u00e3o de todos os familiares, amigos e companheiros de jornada que hoje choram essa perda. Fica a lembran\u00e7a, a gratid\u00e3o e o carinho por tudo que ele representou em vida&#8221;.<\/p>\n","protected":false},"excerpt":{"rendered":"<p>Segundo informa\u00e7\u00f5es, ele foi v\u00edtima de infarto, enquanto fazia atividade f\u00edsica. Por Blog do Eloilton Cajuhy &#8211; BEC Morreu na manh\u00e3 desta quinta-feira (10) em Senhor do Bonfim, Heleno Martins de Souza, de 50 anos, morador da Rua Visconde do Rio Branco, centro da cidade. Segundo as primeiras informa\u00e7\u00f5es, Gileno Valks, como era mais conhecido, [&hellip;]<\/p>\n","protected":false},"author":2,"featured_media":87015,"comment_status":"open","ping_status":"open","sticky":false,"template":"","format":"standard","meta":{"_acf_changed":false,"_monsterinsights_skip_tracking":false,"_monsterinsights_sitenote_active":false,"_monsterinsights_sitenote_note":"","_monsterinsights_sitenote_category":0,"_jetpack_memberships_contains_paid_content":false,"footnotes":"","jetpack_publicize_message":"","jetpack_publicize_feature_enabled":true,"jetpack_social_post_already_shared":true,"jetpack_social_options":{"image_generator_settings":{"template":"highway","default_image_id":0,"font":"","enabled":false},"version":2}},"categories":[4],"tags":[],"class_list":["post-87014","post","type-post","status-publish","format-standard","has-post-thumbnail","hentry","category-local"],"acf":[],"jetpack_publicize_connections":[],"jetpack_featured_media_url":"https:\/\/i0.wp.com\/blogdoeloiltoncajuhy.com.br\/site\/wp-content\/uploads\/2025\/04\/Gileno.jpeg?fit=800%2C712&ssl=1","jetpack_sharing_enabled":true,"publishpress_future_workflow_manual_trigger":{"enabledWorkflows":[]},"_links":{"self":[{"href":"https:\/\/blogdoeloiltoncajuhy.com.br\/site\/wp-json\/wp\/v2\/posts\/87014","targetHints":{"allow":["GET"]}}],"collection":[{"href":"https:\/\/blogdoeloiltoncajuhy.com.br\/site\/wp-json\/wp\/v2\/posts"}],"about":[{"href":"https:\/\/blogdoeloiltoncajuhy.com.br\/site\/wp-json\/wp\/v2\/types\/post"}],"author":[{"embeddable":true,"href":"https:\/\/blogdoeloiltoncajuhy.com.br\/site\/wp-json\/wp\/v2\/users\/2"}],"replies":[{"embeddable":true,"href":"https:\/\/blogdoeloiltoncajuhy.com.br\/site\/wp-json\/wp\/v2\/comments?post=87014"}],"version-history":[{"count":2,"href":"https:\/\/blogdoeloiltoncajuhy.com.br\/site\/wp-json\/wp\/v2\/posts\/87014\/revisions"}],"predecessor-version":[{"id":87018,"href":"https:\/\/blogdoeloiltoncajuhy.com.br\/site\/wp-json\/wp\/v2\/posts\/87014\/revisions\/87018"}],"wp:featuredmedia":[{"embeddable":true,"href":"https:\/\/blogdoeloiltoncajuhy.com.br\/site\/wp-json\/wp\/v2\/media\/87015"}],"wp:attachment":[{"href":"https:\/\/blogdoeloiltoncajuhy.com.br\/site\/wp-json\/wp\/v2\/media?parent=87014"}],"wp:term":[{"taxonomy":"category","embeddable":true,"href":"https:\/\/blogdoeloiltoncajuhy.com.br\/site\/wp-json\/wp\/v2\/categories?post=87014"},{"taxonomy":"post_tag","embeddable":true,"href":"https:\/\/blogdoeloiltoncajuhy.com.br\/site\/wp-json\/wp\/v2\/tags?post=87014"}],"curies":[{"name":"wp","href":"https:\/\/api.w.org\/{rel}","templated":true}]}}