{"id":86978,"date":"2025-04-08T15:33:55","date_gmt":"2025-04-08T18:33:55","guid":{"rendered":"https:\/\/blogdoeloiltoncajuhy.com.br\/site\/?p=86978"},"modified":"2025-04-08T15:36:05","modified_gmt":"2025-04-08T18:36:05","slug":"onibus-tomba-com-54-pessoas-e-deixa-11-mortos-na-mg-223","status":"publish","type":"post","link":"https:\/\/blogdoeloiltoncajuhy.com.br\/site\/onibus-tomba-com-54-pessoas-e-deixa-11-mortos-na-mg-223\/","title":{"rendered":"\u00d4nibus tomba com 54 pessoas e deixa 11 mortos na MG-223"},"content":{"rendered":"\n<p class=\"has-medium-font-size\"><strong>Segundo informa\u00e7\u00f5es do Corpo de Bombeiros, entre as v\u00edtimas est\u00e3o duas crian\u00e7as. Acidente ocorreu na madrugada desta ter\u00e7a-feira (8) em trevo pr\u00f3ximo a Araguari, no Tri\u00e2ngulo Mineiro.<\/strong><\/p>\n\n\n\n<p><strong>Por Gabriel Reis, Caroline Aleixo, g1 Tri\u00e2ngulo<\/strong> \u2014 Araguari<\/p>\n\n\n\n<figure class=\"wp-block-image aligncenter size-full\"><a href=\"https:\/\/i0.wp.com\/blogdoeloiltoncajuhy.com.br\/site\/wp-content\/uploads\/2025\/04\/Onibus-capota-em-MG-%E2%80%94-Foto-Reproducao-TV-Integracao.jpeg?ssl=1\"><img data-recalc-dims=\"1\" fetchpriority=\"high\" decoding=\"async\" width=\"720\" height=\"399\" src=\"https:\/\/i0.wp.com\/blogdoeloiltoncajuhy.com.br\/site\/wp-content\/uploads\/2025\/04\/Onibus-capota-em-MG-%E2%80%94-Foto-Reproducao-TV-Integracao.jpeg?resize=720%2C399&#038;ssl=1\" alt=\"\" class=\"wp-image-86979\" srcset=\"https:\/\/i0.wp.com\/blogdoeloiltoncajuhy.com.br\/site\/wp-content\/uploads\/2025\/04\/Onibus-capota-em-MG-%E2%80%94-Foto-Reproducao-TV-Integracao.jpeg?w=720&amp;ssl=1 720w, https:\/\/i0.wp.com\/blogdoeloiltoncajuhy.com.br\/site\/wp-content\/uploads\/2025\/04\/Onibus-capota-em-MG-%E2%80%94-Foto-Reproducao-TV-Integracao.jpeg?resize=300%2C166&amp;ssl=1 300w\" sizes=\"(max-width: 720px) 100vw, 720px\" \/><\/a><figcaption class=\"wp-element-caption\"><sub>\u00d4nibus seguia de Goi\u00e1s ao estado de S\u00e3o Paulo \u2014 Foto: Reprodu\u00e7\u00e3o\/TV Integra\u00e7\u00e3o<\/sub><\/figcaption><\/figure>\n\n\n\n<p>Um \u00f4nibus com 54 pessoas tombou na MG-223 entre Araguari e Tupaciguara, no Tri\u00e2ngulo Mineiro, e deixou onze pessoas mortas e 36 feridas, segundo o Corpo de Bombeiros de Araguari e a empresa respons\u00e1vel pelo ve\u00edculo. O acidente aconteceu na madrugada desta ter\u00e7a-feira (8), por volta das 3h40.<\/p>\n\n\n\n<p>Ainda de acordo com os bombeiros, duas crian\u00e7as de 2 e 4 anos est\u00e3o entre as v\u00edtimas. Os feridos foram levados para hospitais da regi\u00e3o. Entre eles, cinco est\u00e3o em estado grave. O motorista do \u00f4nibus n\u00e3o se feriu, segundo o Servi\u00e7o de Atendimento M\u00f3vel de Urg\u00eancia (Samu). N\u00e3o h\u00e1 informa\u00e7\u00f5es sobre o estado de sa\u00fade dos outros sobreviventes.<\/p>\n\n\n\n<p><a href=\"https:\/\/whatsapp.com\/channel\/0029VaAT7tDLI8Yfj5y9Z50Z\"><strong><mark style=\"background-color:rgba(0, 0, 0, 0)\" class=\"has-inline-color has-vivid-red-color\">Siga nosso canal no WhatsApp e veja mais not\u00edcias<\/mark><\/strong><\/a><\/p>\n\n\n\n<p>Segundo a Pol\u00edcia Militar Rodovi\u00e1ria (PMRv), o \u00f4nibus saiu de An\u00e1polis (GO) e seguia para S\u00e3o Paulo (SP). O motorista teria perdido o controle do ve\u00edculo no trecho conhecido como &#8220;Trevo do Queixinho&#8221;. Em seguida, ele capotou e ficou tombado.<\/p>\n\n\n\n<p>O \u00f4nibus pertence \u00e0 via\u00e7\u00e3o Real Expresso. O <strong>g1<\/strong> entrou em contato com a empresa, que lamentou o ocorrido e confirmou que havia 53 passageiros no \u00f4nibus, al\u00e9m do motorista. Inicialmente a empresa havia dito 49 passageiros, mas depois corrigiu a informa\u00e7\u00e3o. <strong><em>Veja a nota na \u00edntegra abaixo.<\/em><\/strong><\/p>\n\n\n\n<figure class=\"wp-block-image aligncenter size-full\"><a href=\"https:\/\/i0.wp.com\/blogdoeloiltoncajuhy.com.br\/site\/wp-content\/uploads\/2025\/04\/Onibus-capota-em-MG-%E2%80%94-Foto-PMRv-Divulgacao.jpeg?ssl=1\"><img data-recalc-dims=\"1\" decoding=\"async\" width=\"720\" height=\"405\" src=\"https:\/\/i0.wp.com\/blogdoeloiltoncajuhy.com.br\/site\/wp-content\/uploads\/2025\/04\/Onibus-capota-em-MG-%E2%80%94-Foto-PMRv-Divulgacao.jpeg?resize=720%2C405&#038;ssl=1\" alt=\"\" class=\"wp-image-86980\" srcset=\"https:\/\/i0.wp.com\/blogdoeloiltoncajuhy.com.br\/site\/wp-content\/uploads\/2025\/04\/Onibus-capota-em-MG-%E2%80%94-Foto-PMRv-Divulgacao.jpeg?w=720&amp;ssl=1 720w, https:\/\/i0.wp.com\/blogdoeloiltoncajuhy.com.br\/site\/wp-content\/uploads\/2025\/04\/Onibus-capota-em-MG-%E2%80%94-Foto-PMRv-Divulgacao.jpeg?resize=300%2C169&amp;ssl=1 300w\" sizes=\"(max-width: 720px) 100vw, 720px\" \/><\/a><figcaption class=\"wp-element-caption\"><sub>Motorista seguia de An\u00e1polis a SP, quando perdeu o controle em trevo pr\u00f3ximo \u00e0 cidade de Araguari (MG) \u2014 Foto: PMRv\/Divulga\u00e7\u00e3o<\/sub><\/figcaption><\/figure>\n\n\n\n<p>A Ag\u00eancia Nacional de Transportes Terrestres (ANTT) informou que o \u00f4nibus estava com a documenta\u00e7\u00e3o e os cadastros regulares para o transporte interestadual de passageiros.<\/p>\n\n\n\n<p>Os trabalhos de resgate no local s\u00e3o feitos pelo Servi\u00e7o de Atendimento M\u00f3vel de Urg\u00eancia (Samu) e bombeiros de Araguari, Tupaciguara e Uberl\u00e2ndia.<\/p>\n\n\n\n<h4 class=\"wp-block-heading\"><strong><mark style=\"background-color:rgba(0, 0, 0, 0)\" class=\"has-inline-color has-black-color\">O que se sabe sobre os feridos<\/mark><\/strong><\/h4>\n\n\n\n<ul class=\"wp-block-list\">\n<li>O Corpo de Bombeiros de Araguari informou que dos 36 feridos, 18 foram levados para hospitais. 1. Os outros 18 tiveram ferimentos leves e recusaram atendimento.<\/li>\n\n\n\n<li>Pelo menos 17 passageiros foram encaminhados para a UPA de Araguari, de acordo com a secret\u00e1ria municipal de Sa\u00fade, Thereza Griep. Desses, 13 ainda est\u00e3o na UPA e os outros quatro foram transferidos para hospitais da regi\u00e3o.<\/li>\n\n\n\n<li>O Samu confirmou que cinco sobreviventes tamb\u00e9m foram levados em estado grave para o Hospital de Cl\u00ednicas da Universidade Federal de Uberl\u00e2ndia (HC-UFU), dentre eles est\u00e1 uma gestante.<\/li>\n\n\n\n<li>O HC-UFU confirmou o atendimento a oito pacientes feridos no acidente, um deles n\u00e3o resistiu e acabou morrendo ap\u00f3s dar entrada na unidade.<\/li>\n<\/ul>\n\n\n\n<p><\/p>\n\n\n\n<figure class=\"wp-block-image aligncenter size-full\"><a href=\"https:\/\/i0.wp.com\/blogdoeloiltoncajuhy.com.br\/site\/wp-content\/uploads\/2025\/04\/Onibus-capota-em-MG-2-%E2%80%94-Foto-Reproducao-TV-Integracao.jpeg?ssl=1\"><img data-recalc-dims=\"1\" decoding=\"async\" width=\"720\" height=\"405\" src=\"https:\/\/i0.wp.com\/blogdoeloiltoncajuhy.com.br\/site\/wp-content\/uploads\/2025\/04\/Onibus-capota-em-MG-2-%E2%80%94-Foto-Reproducao-TV-Integracao.jpeg?resize=720%2C405&#038;ssl=1\" alt=\"\" class=\"wp-image-86981\" srcset=\"https:\/\/i0.wp.com\/blogdoeloiltoncajuhy.com.br\/site\/wp-content\/uploads\/2025\/04\/Onibus-capota-em-MG-2-%E2%80%94-Foto-Reproducao-TV-Integracao.jpeg?w=720&amp;ssl=1 720w, https:\/\/i0.wp.com\/blogdoeloiltoncajuhy.com.br\/site\/wp-content\/uploads\/2025\/04\/Onibus-capota-em-MG-2-%E2%80%94-Foto-Reproducao-TV-Integracao.jpeg?resize=300%2C169&amp;ssl=1 300w\" sizes=\"(max-width: 720px) 100vw, 720px\" \/><\/a><figcaption class=\"wp-element-caption\"><sub>Entre os mortos est\u00e3o duas crian\u00e7as de 2 e 4 anos \u2014 Foto: Reprodu\u00e7\u00e3o\/TV Integra\u00e7\u00e3o<\/sub><\/figcaption><\/figure>\n\n\n\n<h4 class=\"wp-block-heading\"><strong><mark style=\"background-color:rgba(0, 0, 0, 0)\" class=\"has-inline-color has-black-color\">Prefeitura diz que h\u00e1 superlota\u00e7\u00e3o da UPA de Araguari<\/mark><\/strong><\/h4>\n\n\n\n<p>A Prefeitura de Araguari, por meio da Secretaria Municipal de Sa\u00fade, acompanha as consequ\u00eancias do grave acidente e informou que, em raz\u00e3o do atendimento \u00e0s v\u00edtimas, a UPA Araguari est\u00e1 &#8220;em estado de superlota\u00e7\u00e3o&#8221;.<\/p>\n\n\n\n<p><em>&#8220;Diante disso, a Prefeitura solicita \u00e0 popula\u00e7\u00e3o que n\u00e3o se desloque \u00e0 UPA, salvo em casos de urg\u00eancia e emerg\u00eancia, e que aguarde a abertura da unidade de sa\u00fade mais pr\u00f3xima, a fim de garantir atendimento adequado aos feridos no acidente. A Prefeitura de Araguari est\u00e1 acompanhando e dando total apoio poss\u00edvel, utilizando todos os meios necess\u00e1rios para auxiliar os hospitais de nossa rede no atendimento \u00e0s v\u00edtimas. Manifestamos profundo pesar e solidariedade aos familiares e amigos das v\u00edtimas fatais deste tr\u00e1gico epis\u00f3dio&#8221;, informou em nota.<\/em><\/p>\n\n\n\n<h4 class=\"wp-block-heading\"><strong><mark style=\"background-color:rgba(0, 0, 0, 0)\" class=\"has-inline-color has-black-color\">O que diz a Real Expresso<\/mark><\/strong><\/h4>\n\n\n\n<p><em>&#8220;A Real Expresso lamenta profundamente o ocorrido \u00e0s 3h24 da madrugada de hoje, envolvendo um de seus ve\u00edculos na MG 223 pr\u00f3ximo a Araguari. O \u00f4nibus, que havia sa\u00eddo de An\u00e1polis (GO) \u00e0s 20h30 de ontem com destino a S\u00e3o Paulo, transportava 53 passageiros.<\/em><\/p>\n\n\n\n<p><em>Desde a ocorr\u00eancia, nossas equipes foram mobilizadas imediatamente, incluindo profissionais especializados, para prestar apoio no local e junto a familiares. At\u00e9 o momento foram confirmadas 11 v\u00edtimas fatais. 16 feridos foram levados para o Hospital da Universidade Federal de Uberl\u00e2ndia (HC-UFU) e para a UPA de Araguari e est\u00e3o recebendo os devidos cuidados. Os demais foram liberados e seguiram viagem.<\/em><\/p>\n\n\n\n<p><em>Estamos trabalhando em estreita colabora\u00e7\u00e3o com as autoridades respons\u00e1veis para investigar as causas do acidente e esclarecer todos os detalhes. Nesse momento estamos concentrados no apoio \u00e0s v\u00edtimas e todo suporte \u00e0s suas fam\u00edlias.<\/em><\/p>\n\n\n\n<p><em>Para familiares e pessoas que buscam mais informa\u00e7\u00f5es sobre os passageiros, disponibilizamos nosso canal de atendimento 24 horas atrav\u00e9s do telefone 0800 728 1992, que est\u00e1 \u00e0 disposi\u00e7\u00e3o para fornecer todo o suporte necess\u00e1rio&#8221;.<\/em><\/p>\n\n\n\n<h4 class=\"wp-block-heading\"><strong><mark style=\"background-color:rgba(0, 0, 0, 0)\" class=\"has-inline-color has-black-color\">O que diz a ANTT<\/mark><\/strong><\/h4>\n\n\n\n<p><em>&#8220;A Ag\u00eancia Nacional de Transportes Terrestres (ANTT) lamenta profundamente o acidente envolvendo um \u00f4nibus interestadual na MG-223, em Araguari (MG), nesta ter\u00e7a-feira (8\/4), e expressa solidariedade aos familiares das v\u00edtimas.<\/em><\/p>\n\n\n\n<p><em>A ANTT confirma que o ve\u00edculo envolvido fazia o trajeto An\u00e1polis(GO)\/S\u00e3o Paulo(SP) e estava com a documenta\u00e7\u00e3o e os cadastros regulares para o transporte interestadual de passageiros. O \u00f4nibus possu\u00eda Seguro de Responsabilidade Civil e Certificado de Seguran\u00e7a Veicular v\u00e1lidos, al\u00e9m de cronotac\u00f3grafo devidamente aferido e habilitado, em conformidade com a legisla\u00e7\u00e3o vigente.<\/em><\/p>\n\n\n\n<p><em>A Ag\u00eancia, em conjunto com outros \u00f3rg\u00e3os, est\u00e1 acompanhando a situa\u00e7\u00e3o. A ANTT instaurou processo administrativo para monitorar o caso e fornecer\u00e1 todas as informa\u00e7\u00f5es necess\u00e1rias \u00e0s autoridades de seguran\u00e7a p\u00fablica para apoiar as investiga\u00e7\u00f5es&#8221;.<\/em><\/p>\n","protected":false},"excerpt":{"rendered":"<p>Segundo informa\u00e7\u00f5es do Corpo de Bombeiros, entre as v\u00edtimas est\u00e3o duas crian\u00e7as. Acidente ocorreu na madrugada desta ter\u00e7a-feira (8) em trevo pr\u00f3ximo a Araguari, no Tri\u00e2ngulo Mineiro. Por Gabriel Reis, Caroline Aleixo, g1 Tri\u00e2ngulo \u2014 Araguari Um \u00f4nibus com 54 pessoas tombou na MG-223 entre Araguari e Tupaciguara, no Tri\u00e2ngulo Mineiro, e deixou onze pessoas [&hellip;]<\/p>\n","protected":false},"author":2,"featured_media":86979,"comment_status":"open","ping_status":"open","sticky":false,"template":"","format":"standard","meta":{"_acf_changed":false,"_monsterinsights_skip_tracking":false,"_monsterinsights_sitenote_active":false,"_monsterinsights_sitenote_note":"","_monsterinsights_sitenote_category":0,"_jetpack_memberships_contains_paid_content":false,"footnotes":"","jetpack_publicize_message":"","jetpack_publicize_feature_enabled":true,"jetpack_social_post_already_shared":true,"jetpack_social_options":{"image_generator_settings":{"template":"highway","default_image_id":0,"font":"","enabled":false},"version":2}},"categories":[5],"tags":[],"class_list":["post-86978","post","type-post","status-publish","format-standard","has-post-thumbnail","hentry","category-cotidiano"],"acf":[],"jetpack_publicize_connections":[],"jetpack_featured_media_url":"https:\/\/i0.wp.com\/blogdoeloiltoncajuhy.com.br\/site\/wp-content\/uploads\/2025\/04\/Onibus-capota-em-MG-%E2%80%94-Foto-Reproducao-TV-Integracao.jpeg?fit=720%2C399&ssl=1","jetpack_sharing_enabled":true,"publishpress_future_workflow_manual_trigger":{"enabledWorkflows":[]},"_links":{"self":[{"href":"https:\/\/blogdoeloiltoncajuhy.com.br\/site\/wp-json\/wp\/v2\/posts\/86978","targetHints":{"allow":["GET"]}}],"collection":[{"href":"https:\/\/blogdoeloiltoncajuhy.com.br\/site\/wp-json\/wp\/v2\/posts"}],"about":[{"href":"https:\/\/blogdoeloiltoncajuhy.com.br\/site\/wp-json\/wp\/v2\/types\/post"}],"author":[{"embeddable":true,"href":"https:\/\/blogdoeloiltoncajuhy.com.br\/site\/wp-json\/wp\/v2\/users\/2"}],"replies":[{"embeddable":true,"href":"https:\/\/blogdoeloiltoncajuhy.com.br\/site\/wp-json\/wp\/v2\/comments?post=86978"}],"version-history":[{"count":3,"href":"https:\/\/blogdoeloiltoncajuhy.com.br\/site\/wp-json\/wp\/v2\/posts\/86978\/revisions"}],"predecessor-version":[{"id":86984,"href":"https:\/\/blogdoeloiltoncajuhy.com.br\/site\/wp-json\/wp\/v2\/posts\/86978\/revisions\/86984"}],"wp:featuredmedia":[{"embeddable":true,"href":"https:\/\/blogdoeloiltoncajuhy.com.br\/site\/wp-json\/wp\/v2\/media\/86979"}],"wp:attachment":[{"href":"https:\/\/blogdoeloiltoncajuhy.com.br\/site\/wp-json\/wp\/v2\/media?parent=86978"}],"wp:term":[{"taxonomy":"category","embeddable":true,"href":"https:\/\/blogdoeloiltoncajuhy.com.br\/site\/wp-json\/wp\/v2\/categories?post=86978"},{"taxonomy":"post_tag","embeddable":true,"href":"https:\/\/blogdoeloiltoncajuhy.com.br\/site\/wp-json\/wp\/v2\/tags?post=86978"}],"curies":[{"name":"wp","href":"https:\/\/api.w.org\/{rel}","templated":true}]}}