{"id":86973,"date":"2025-04-08T08:47:52","date_gmt":"2025-04-08T11:47:52","guid":{"rendered":"https:\/\/blogdoeloiltoncajuhy.com.br\/site\/?p=86973"},"modified":"2025-04-08T15:11:33","modified_gmt":"2025-04-08T18:11:33","slug":"embasa-abre-inscricoes-para-mais-de-100-vagas-de-estagio","status":"publish","type":"post","link":"https:\/\/blogdoeloiltoncajuhy.com.br\/site\/embasa-abre-inscricoes-para-mais-de-100-vagas-de-estagio\/","title":{"rendered":"Embasa abre inscri\u00e7\u00f5es para mais de 100 vagas de est\u00e1gio"},"content":{"rendered":"\n<p class=\"has-medium-font-size\"><strong>Oportunidades s\u00e3o para \u00e1reas como administra\u00e7\u00e3o, biologia, ci\u00eancias da computa\u00e7\u00e3o e design. Inscri\u00e7\u00f5es devem ser feitas at\u00e9 2 de maio.<\/strong><\/p>\n\n\n\n<p><strong>Por g1 BA e TV Bahia<\/strong><\/p>\n\n\n\n<figure class=\"wp-block-image aligncenter size-full is-resized\"><a href=\"https:\/\/i0.wp.com\/blogdoeloiltoncajuhy.com.br\/site\/wp-content\/uploads\/2015\/05\/EMBASA-SR.jpg\"><img data-recalc-dims=\"1\" fetchpriority=\"high\" decoding=\"async\" width=\"550\" height=\"300\" src=\"https:\/\/i0.wp.com\/blogdoeloiltoncajuhy.com.br\/site\/wp-content\/uploads\/2015\/05\/EMBASA-SR.jpg?resize=550%2C300\" alt=\"\" class=\"wp-image-908\" style=\"width:689px;height:auto\" srcset=\"https:\/\/i0.wp.com\/blogdoeloiltoncajuhy.com.br\/site\/wp-content\/uploads\/2015\/05\/EMBASA-SR.jpg?w=550&amp;ssl=1 550w, https:\/\/i0.wp.com\/blogdoeloiltoncajuhy.com.br\/site\/wp-content\/uploads\/2015\/05\/EMBASA-SR.jpg?resize=300%2C164&amp;ssl=1 300w, https:\/\/i0.wp.com\/blogdoeloiltoncajuhy.com.br\/site\/wp-content\/uploads\/2015\/05\/EMBASA-SR.jpg?resize=250%2C136&amp;ssl=1 250w\" sizes=\"(max-width: 550px) 100vw, 550px\" \/><\/a><figcaption class=\"wp-element-caption\"><sub>Embasa abre inscri\u00e7\u00f5es para mais de 100 vagas de est\u00e1gio<\/sub><\/figcaption><\/figure>\n\n\n\n<p>A Empresa Baiana de \u00c1guas e Saneamento (Embasa) est\u00e1 com inscri\u00e7\u00f5es abertas para 124 vagas de est\u00e1gio, atrav\u00e9s do programa Partiu Est\u00e1gio, do Governo do Estado.<\/p>\n\n\n\n<p>As oportunidades s\u00e3o para \u00e1reas como administra\u00e7\u00e3o, biologia, ci\u00eancias da computa\u00e7\u00e3o, ci\u00eancias cont\u00e1beis, design, direito, engenharia sanit\u00e1ria e ambiental, engenharia civil, engenharia el\u00e9trica, engenharia mec\u00e2nica, jornalismo, qu\u00edmica e servi\u00e7o social.<\/p>\n\n\n\n<p><a href=\"https:\/\/whatsapp.com\/channel\/0029VaAT7tDLI8Yfj5y9Z50Z\"><strong><mark style=\"background-color:rgba(0, 0, 0, 0)\" class=\"has-inline-color has-vivid-red-color\">Siga nosso canal no WhatsApp e veja mais not\u00edcias<\/mark><\/strong><\/a><\/p>\n\n\n\n<p>As inscri\u00e7\u00f5es seguem at\u00e9 o dia 2 de maio, exclusivamente pela plataforma <a href=\"https:\/\/www.ba.gov.br\/\"><strong><mark style=\"background-color:rgba(0, 0, 0, 0)\" class=\"has-inline-color has-vivid-cyan-blue-color\">Ba.gov<\/mark><\/strong><\/a>. Para participar, os estudantes devem estar regularmente matriculados em institui\u00e7\u00f5es de ensino superior estaduais, federais e privadas, com sede ou polo na Bahia, cursando gradua\u00e7\u00e3o nas modalidades presencial, semipresencial ou de Ensino a Dist\u00e2ncia (EAD).<\/p>\n\n\n\n<p>A bolsa tem o valor de R$ 607, al\u00e9m de aux\u00edlio-transporte. A carga hor\u00e1ria de atividade \u00e9 de 4 horas di\u00e1rias e 20 horas semanais.<\/p>\n\n\n\n<p>O programa concede prioridade aos candidatos inscritos no Cadastro \u00danico para Programas Sociais do Governo Federal (Cad\u00danico). Tamb\u00e9m s\u00e3o priorit\u00e1rios estudantes que cursaram todo o ensino m\u00e9dio em escola p\u00fablica ou aqueles que estudaram com bolsa integral na rede privada.<\/p>\n\n\n\n<p>O Partiu Est\u00e1gio prev\u00ea 10% das vagas reservadas para estudantes com defici\u00eancia. Os candidatos que n\u00e3o possuem cadastro na plataforma Ba.gov precisam faz\u00ea-lo antes de realizar a inscri\u00e7\u00e3o.<\/p>\n","protected":false},"excerpt":{"rendered":"<p>Oportunidades s\u00e3o para \u00e1reas como administra\u00e7\u00e3o, biologia, ci\u00eancias da computa\u00e7\u00e3o e design. Inscri\u00e7\u00f5es devem ser feitas at\u00e9 2 de maio. Por g1 BA e TV Bahia A Empresa Baiana de \u00c1guas e Saneamento (Embasa) est\u00e1 com inscri\u00e7\u00f5es abertas para 124 vagas de est\u00e1gio, atrav\u00e9s do programa Partiu Est\u00e1gio, do Governo do Estado. As oportunidades s\u00e3o [&hellip;]<\/p>\n","protected":false},"author":2,"featured_media":908,"comment_status":"open","ping_status":"open","sticky":false,"template":"","format":"standard","meta":{"_acf_changed":false,"_monsterinsights_skip_tracking":false,"_monsterinsights_sitenote_active":false,"_monsterinsights_sitenote_note":"","_monsterinsights_sitenote_category":0,"_jetpack_memberships_contains_paid_content":false,"footnotes":"","jetpack_publicize_message":"","jetpack_publicize_feature_enabled":true,"jetpack_social_post_already_shared":true,"jetpack_social_options":{"image_generator_settings":{"template":"highway","default_image_id":0,"font":"","enabled":false},"version":2}},"categories":[32],"tags":[],"class_list":["post-86973","post","type-post","status-publish","format-standard","has-post-thumbnail","hentry","category-emprego"],"acf":[],"jetpack_publicize_connections":[],"jetpack_featured_media_url":"https:\/\/i0.wp.com\/blogdoeloiltoncajuhy.com.br\/site\/wp-content\/uploads\/2015\/05\/EMBASA-SR.jpg?fit=550%2C300&ssl=1","jetpack_sharing_enabled":true,"publishpress_future_workflow_manual_trigger":{"enabledWorkflows":[]},"_links":{"self":[{"href":"https:\/\/blogdoeloiltoncajuhy.com.br\/site\/wp-json\/wp\/v2\/posts\/86973","targetHints":{"allow":["GET"]}}],"collection":[{"href":"https:\/\/blogdoeloiltoncajuhy.com.br\/site\/wp-json\/wp\/v2\/posts"}],"about":[{"href":"https:\/\/blogdoeloiltoncajuhy.com.br\/site\/wp-json\/wp\/v2\/types\/post"}],"author":[{"embeddable":true,"href":"https:\/\/blogdoeloiltoncajuhy.com.br\/site\/wp-json\/wp\/v2\/users\/2"}],"replies":[{"embeddable":true,"href":"https:\/\/blogdoeloiltoncajuhy.com.br\/site\/wp-json\/wp\/v2\/comments?post=86973"}],"version-history":[{"count":1,"href":"https:\/\/blogdoeloiltoncajuhy.com.br\/site\/wp-json\/wp\/v2\/posts\/86973\/revisions"}],"predecessor-version":[{"id":86974,"href":"https:\/\/blogdoeloiltoncajuhy.com.br\/site\/wp-json\/wp\/v2\/posts\/86973\/revisions\/86974"}],"wp:featuredmedia":[{"embeddable":true,"href":"https:\/\/blogdoeloiltoncajuhy.com.br\/site\/wp-json\/wp\/v2\/media\/908"}],"wp:attachment":[{"href":"https:\/\/blogdoeloiltoncajuhy.com.br\/site\/wp-json\/wp\/v2\/media?parent=86973"}],"wp:term":[{"taxonomy":"category","embeddable":true,"href":"https:\/\/blogdoeloiltoncajuhy.com.br\/site\/wp-json\/wp\/v2\/categories?post=86973"},{"taxonomy":"post_tag","embeddable":true,"href":"https:\/\/blogdoeloiltoncajuhy.com.br\/site\/wp-json\/wp\/v2\/tags?post=86973"}],"curies":[{"name":"wp","href":"https:\/\/api.w.org\/{rel}","templated":true}]}}