{"id":86951,"date":"2025-04-07T16:11:39","date_gmt":"2025-04-07T19:11:39","guid":{"rendered":"https:\/\/blogdoeloiltoncajuhy.com.br\/site\/?p=86951"},"modified":"2025-04-07T16:11:41","modified_gmt":"2025-04-07T19:11:41","slug":"acm-neto-e-o-bloco-do-eu-sozinho-isolado-na-bahia-e-no-brasil-afirma-presidente-do-pt","status":"publish","type":"post","link":"https:\/\/blogdoeloiltoncajuhy.com.br\/site\/acm-neto-e-o-bloco-do-eu-sozinho-isolado-na-bahia-e-no-brasil-afirma-presidente-do-pt\/","title":{"rendered":"\u201dACM Neto \u00e9 \u2018o bloco do eu sozinho\u2019, isolado na Bahia e no Brasil\u201d, afirma presidente do PT"},"content":{"rendered":"\n<p><strong>Blog do Eloilton Cajuhy \u2013 BEC<\/strong><\/p>\n\n\n\n<figure class=\"wp-block-image aligncenter size-full is-resized\"><a href=\"https:\/\/i0.wp.com\/blogdoeloiltoncajuhy.com.br\/site\/wp-content\/uploads\/2025\/04\/Eden-Valadares_Foto-Joao-Valadares.jpeg?ssl=1\"><img data-recalc-dims=\"1\" fetchpriority=\"high\" decoding=\"async\" width=\"720\" height=\"540\" src=\"https:\/\/i0.wp.com\/blogdoeloiltoncajuhy.com.br\/site\/wp-content\/uploads\/2025\/04\/Eden-Valadares_Foto-Joao-Valadares.jpeg?resize=720%2C540&#038;ssl=1\" alt=\"\" class=\"wp-image-86952\" style=\"width:595px;height:auto\" srcset=\"https:\/\/i0.wp.com\/blogdoeloiltoncajuhy.com.br\/site\/wp-content\/uploads\/2025\/04\/Eden-Valadares_Foto-Joao-Valadares.jpeg?w=720&amp;ssl=1 720w, https:\/\/i0.wp.com\/blogdoeloiltoncajuhy.com.br\/site\/wp-content\/uploads\/2025\/04\/Eden-Valadares_Foto-Joao-Valadares.jpeg?resize=300%2C225&amp;ssl=1 300w\" sizes=\"(max-width: 720px) 100vw, 720px\" \/><\/a><figcaption class=\"wp-element-caption\"><sub>Foto: Jo\u00e3o Valadares<\/sub><\/figcaption><\/figure>\n\n\n\n<p>O presidente do Partido dos Trabalhadores da Bahia, \u00c9den Valadares, disse, nesta segunda-feira (07), que o candidato derrotado ao Governo do Estado, ACM Neto, est\u00e1 politicamente cada vez mais sozinho, tem um projeto de poder particular para a Bahia e n\u00e3o exerce nenhuma influ\u00eancia no cen\u00e1rio nacional. Sobre essa \u00faltima afirma\u00e7\u00e3o, o petista citou como exemplo o lan\u00e7amento da candidatura de Ronaldo Caiado \u00e0 presid\u00eancia da Rep\u00fablica, realizada em Salvador, na sexta-feira.<\/p>\n\n\n\n<blockquote class=\"wp-block-quote is-layout-flow wp-block-quote-is-layout-flow\">\n<p><strong><mark style=\"background-color:rgba(0, 0, 0, 0)\" class=\"has-inline-color has-black-color\">&#8220;Fez lan\u00e7amento de candidatura \u00e0 presid\u00eancia da Rep\u00fablica que n\u00e3o contou com a presen\u00e7a dos ministros do partido, dos prefeitos, deputados, nem mesmo o presidente do Uni\u00e3o Brasil veio, gente&#8221;, comentou \u00c9den Valadares.<\/mark><\/strong><\/p>\n<\/blockquote>\n\n\n\n<p>O petista real\u00e7ou que n\u00e3o se trata apenas da sua avalia\u00e7\u00e3o, mas de uma percep\u00e7\u00e3o geral de analistas pol\u00edticos, jornalistas e diversos ve\u00edculos de comunica\u00e7\u00e3o. &#8220;A imprensa nacional comentou, est\u00e1 rodando nas redes, mat\u00e9rias de ve\u00edculos de TV e impressos comentando, n\u00e3o \u00e9 quest\u00e3o de opini\u00e3o minha, est\u00e1 na rua. Neto se considera e atua como herdeiro pol\u00edtico do av\u00f4, mas a verdade \u00e9 que ele matou o partido de ACM, transformou o PFL em DEM, logo depois em Uni\u00e3o Brasil e agora j\u00e1 vai se entregar ao PP, acabando com o partido de uma vez por todas&#8221;.<\/p>\n\n\n\n<p><a href=\"https:\/\/whatsapp.com\/channel\/0029VaAT7tDLI8Yfj5y9Z50Z\"><strong><mark style=\"background-color:rgba(0, 0, 0, 0)\" class=\"has-inline-color has-vivid-red-color\">Siga nosso canal no WhatsApp e veja mais not\u00edcias<\/mark><\/strong><\/a><\/p>\n\n\n\n<p>\u00c9den acrescentou que o ex-prefeito de Salvador considera como &#8220;seu direito ser governador do Estado como se os baianos devessem isso a ele&#8221; e que despreza aliados e prefeitos. &#8220;O que vou dizer \u00e9 ineg\u00e1vel: ACM Neto n\u00e3o tem influ\u00eancia na pol\u00edtica nacional e, na Bahia, seu projeto \u00e9 pessoal. \u00c9 um projeto de poder pelo poder, porque ele acha que essa terra \u00e9 heran\u00e7a dele. E n\u00e3o \u00e9 assim. N\u00e3o atende, n\u00e3o responde, n\u00e3o dialoga, n\u00e3o divide. \u00c9 tudo ele, e isso vai isolando Neto cada vez mais, com lideran\u00e7as e prefeitos abandonando a cada semana. ACM Neto \u00e9 o \u2018bloco do eu sozinho\u2019, isolado na Bahia e no Brasil&#8221;, concluiu.<\/p>\n","protected":false},"excerpt":{"rendered":"<p>Blog do Eloilton Cajuhy \u2013 BEC O presidente do Partido dos Trabalhadores da Bahia, \u00c9den Valadares, disse, nesta segunda-feira (07), que o candidato derrotado ao Governo do Estado, ACM Neto, est\u00e1 politicamente cada vez mais sozinho, tem um projeto de poder particular para a Bahia e n\u00e3o exerce nenhuma influ\u00eancia no cen\u00e1rio nacional. Sobre essa [&hellip;]<\/p>\n","protected":false},"author":2,"featured_media":86952,"comment_status":"open","ping_status":"open","sticky":false,"template":"","format":"standard","meta":{"_acf_changed":false,"_monsterinsights_skip_tracking":false,"_monsterinsights_sitenote_active":false,"_monsterinsights_sitenote_note":"","_monsterinsights_sitenote_category":0,"_jetpack_memberships_contains_paid_content":false,"footnotes":"","jetpack_publicize_message":"","jetpack_publicize_feature_enabled":true,"jetpack_social_post_already_shared":false,"jetpack_social_options":{"image_generator_settings":{"template":"highway","enabled":false},"version":2}},"categories":[3],"tags":[],"class_list":["post-86951","post","type-post","status-publish","format-standard","has-post-thumbnail","hentry","category-politica"],"acf":[],"jetpack_publicize_connections":[],"jetpack_featured_media_url":"https:\/\/i0.wp.com\/blogdoeloiltoncajuhy.com.br\/site\/wp-content\/uploads\/2025\/04\/Eden-Valadares_Foto-Joao-Valadares.jpeg?fit=720%2C540&ssl=1","jetpack_sharing_enabled":true,"publishpress_future_workflow_manual_trigger":{"enabledWorkflows":[]},"_links":{"self":[{"href":"https:\/\/blogdoeloiltoncajuhy.com.br\/site\/wp-json\/wp\/v2\/posts\/86951","targetHints":{"allow":["GET"]}}],"collection":[{"href":"https:\/\/blogdoeloiltoncajuhy.com.br\/site\/wp-json\/wp\/v2\/posts"}],"about":[{"href":"https:\/\/blogdoeloiltoncajuhy.com.br\/site\/wp-json\/wp\/v2\/types\/post"}],"author":[{"embeddable":true,"href":"https:\/\/blogdoeloiltoncajuhy.com.br\/site\/wp-json\/wp\/v2\/users\/2"}],"replies":[{"embeddable":true,"href":"https:\/\/blogdoeloiltoncajuhy.com.br\/site\/wp-json\/wp\/v2\/comments?post=86951"}],"version-history":[{"count":1,"href":"https:\/\/blogdoeloiltoncajuhy.com.br\/site\/wp-json\/wp\/v2\/posts\/86951\/revisions"}],"predecessor-version":[{"id":86953,"href":"https:\/\/blogdoeloiltoncajuhy.com.br\/site\/wp-json\/wp\/v2\/posts\/86951\/revisions\/86953"}],"wp:featuredmedia":[{"embeddable":true,"href":"https:\/\/blogdoeloiltoncajuhy.com.br\/site\/wp-json\/wp\/v2\/media\/86952"}],"wp:attachment":[{"href":"https:\/\/blogdoeloiltoncajuhy.com.br\/site\/wp-json\/wp\/v2\/media?parent=86951"}],"wp:term":[{"taxonomy":"category","embeddable":true,"href":"https:\/\/blogdoeloiltoncajuhy.com.br\/site\/wp-json\/wp\/v2\/categories?post=86951"},{"taxonomy":"post_tag","embeddable":true,"href":"https:\/\/blogdoeloiltoncajuhy.com.br\/site\/wp-json\/wp\/v2\/tags?post=86951"}],"curies":[{"name":"wp","href":"https:\/\/api.w.org\/{rel}","templated":true}]}}