{"id":86942,"date":"2025-04-07T15:36:44","date_gmt":"2025-04-07T18:36:44","guid":{"rendered":"https:\/\/blogdoeloiltoncajuhy.com.br\/site\/?p=86942"},"modified":"2025-04-07T15:36:46","modified_gmt":"2025-04-07T18:36:46","slug":"emenda-para-cidade-do-irmao-fez-elmar-nascimento-virar-alvo-da-pf","status":"publish","type":"post","link":"https:\/\/blogdoeloiltoncajuhy.com.br\/site\/emenda-para-cidade-do-irmao-fez-elmar-nascimento-virar-alvo-da-pf\/","title":{"rendered":"Emenda para cidade do irm\u00e3o fez Elmar Nascimento virar alvo da PF"},"content":{"rendered":"\n<p class=\"has-medium-font-size\"><strong>Deputado \u00e9 irm\u00e3o de prefeito que aparece em conversas sobre conv\u00eanio da Codevasf em obra sob suspeita bancada com emenda.<\/strong><\/p>\n\n\n\n<p><strong>Blog do Eloilton Cajuhy \u2013 BEC<\/strong><\/p>\n\n\n\n<figure class=\"wp-block-image aligncenter size-full is-resized\"><a href=\"https:\/\/i0.wp.com\/blogdoeloiltoncajuhy.com.br\/site\/wp-content\/uploads\/2024\/09\/Elmar-Nascimento_Foto-Agencia-Camara.jpeg\"><img data-recalc-dims=\"1\" fetchpriority=\"high\" decoding=\"async\" width=\"525\" height=\"350\" src=\"https:\/\/i0.wp.com\/blogdoeloiltoncajuhy.com.br\/site\/wp-content\/uploads\/2024\/09\/Elmar-Nascimento_Foto-Agencia-Camara.jpeg?resize=525%2C350\" alt=\"\" class=\"wp-image-82919\" style=\"width:648px;height:auto\" srcset=\"https:\/\/i0.wp.com\/blogdoeloiltoncajuhy.com.br\/site\/wp-content\/uploads\/2024\/09\/Elmar-Nascimento_Foto-Agencia-Camara.jpeg?w=525&amp;ssl=1 525w, https:\/\/i0.wp.com\/blogdoeloiltoncajuhy.com.br\/site\/wp-content\/uploads\/2024\/09\/Elmar-Nascimento_Foto-Agencia-Camara.jpeg?resize=300%2C200&amp;ssl=1 300w\" sizes=\"(max-width: 525px) 100vw, 525px\" \/><\/a><figcaption class=\"wp-element-caption\"><sub>Foto: Ag\u00eancia C\u00e2mara<\/sub><\/figcaption><\/figure>\n\n\n\n<p>Uma emenda enviada pelo <strong>deputado federal Elmar Nascimento (Uni\u00e3o Brasil-BA)<\/strong> para um conv\u00eanio da Companhia de Desenvolvimento dos Vales do S\u00e3o Francisco e Parna\u00edba (Codevasf) fez com que o parlamentar virasse alvo da Pol\u00edcia Federal (PF) na Opera\u00e7\u00e3o Overclean, que investiga desvios milion\u00e1rios em contratos bancados com emendas.<\/p>\n\n\n\n<p><a href=\"https:\/\/whatsapp.com\/channel\/0029VaAT7tDLI8Yfj5y9Z50Z\"><strong><mark style=\"background-color:rgba(0, 0, 0, 0)\" class=\"has-inline-color has-vivid-red-color\">Siga nosso canal no WhatsApp e veja mais not\u00edcias<\/mark><\/strong><\/a><\/p>\n\n\n\n<p>A informa\u00e7\u00e3o consta na decis\u00e3o do ministro Kassio Nunes Marques, do Supremo Tribunal Federal (STF), que autorizou a 3\u00aa fase da Overclean na quinta (03).<\/p>\n\n\n\n<p>Na decis\u00e3o, o ministro aponta que a PF relatou que a an\u00e1lise de dados de celulares apreendidos pela opera\u00e7\u00e3o apontaram para encontros entre o <strong>prefeito de Campo Formoso (BA), Elmo Nascimento, irm\u00e3o de Elmar, de um superintendente da Codevasf, que teria sido indicado pelo deputado, e representante da empresa que venceria a licita\u00e7\u00e3o sob suspeita naquele munic\u00edpio.<\/strong><\/p>\n\n\n\n<blockquote class=\"wp-block-quote is-layout-flow wp-block-quote-is-layout-flow\">\n<p><strong><mark style=\"background-color:rgba(0, 0, 0, 0)\" class=\"has-inline-color has-black-color\">\u201cEntendeu a Pol\u00edcia Federal haver ind\u00edcios da participa\u00e7\u00e3o nos delitos investigados do atual prefeito de Campo Formoso\/BA, Elmo Nascimento, de superintendente da Codevasf e do representante da sociedade empres\u00e1ria que, a seguir, venceria processo licitat\u00f3rio viciado\u201d, diz trecho da decis\u00e3o do ministro.<\/mark><\/strong><\/p>\n<\/blockquote>\n\n\n\n<p>Segundo a PF, foram \u201cobtidas informa\u00e7\u00f5es de que os recursos envolvidos na contrata\u00e7\u00e3o tinham origem em indica\u00e7\u00e3o, pelo parlamentar federal, de emenda posteriormente liberada\u201d.<\/p>\n\n\n\n<p>Al\u00e9m da emenda, a PF tamb\u00e9m afirma ter apurado que o referido superintendente da autarquia foi indicado para o cargo por Elmar.<\/p>\n\n\n\n<p>O deputado federal teve um primo preso na primeira fase da opera\u00e7\u00e3o. <strong>Francisco Nascimento \u00e9 apontado como integrante de um bra\u00e7o do grupo criminoso na cidade de Campo Formoso.<\/strong> Ele chegou a jogar dinheiro pela janela durante a a\u00e7\u00e3o da PF.<\/p>\n\n\n\n<blockquote class=\"wp-block-quote is-layout-flow wp-block-quote-is-layout-flow\">\n<p><strong><mark style=\"background-color:rgba(0, 0, 0, 0)\" class=\"has-inline-color has-black-color\">\u201cFrancisco Manoel do Nascimento Neto, ex-secret\u00e1rio de governo de Campo Formoso, \u00e9 o facilitador administrativo dentro da administra\u00e7\u00e3o p\u00fablica, manipulando os processos licitat\u00f3rios para beneficiar as empresas do grupo criminoso. Ele ajusta editais, inabilita concorrentes e negocia propinas, al\u00e9m de fornecer informa\u00e7\u00f5es privilegiadas sobre as licita\u00e7\u00f5es para a organiza\u00e7\u00e3o\u201d, diz a PF.<\/mark><\/strong><\/p>\n<\/blockquote>\n\n\n\n<p>Foi justamente a cita\u00e7\u00e3o a Elmar que fez com que a investiga\u00e7\u00e3o subisse da primeira inst\u00e2ncia da Justi\u00e7a Federal para o Supremo Tribunal Federal (STF), onde tramita atualmente, sob a relatoria de Nunes Marques.<\/p>\n\n\n\n<p>Na decis\u00e3o que autorizou as a\u00e7\u00f5es da PF na \u00faltima quinta-feira, o ministro ainda cita informa\u00e7\u00e3o da investiga\u00e7\u00e3o de outro ind\u00edcio que aponta para o suposto envolvimento de Elmar.<\/p>\n\n\n\n<p>Trata-se da apreens\u00e3o de uma escritura p\u00fablica na empresa de Jos\u00e9 Marcos Moura, conhecido como Rei do Lixo na Bahia e um dos principais investigados na Overclean. Moura \u00e9 apontado como l\u00edder da organiza\u00e7\u00e3o criminosa investigada e foi alvo da mais recente fase da opera\u00e7\u00e3o por suposta obstru\u00e7\u00e3o de justi\u00e7a.<\/p>\n\n\n\n<p>De acordo com a PF, a escritura revelaria ind\u00edcios de que Elmar \u201cpode ter realizado uma troca imobili\u00e1ria no mesmo condom\u00ednio onde reside: entrega um apartamento de padr\u00e3o inferior que lhe pertencia em troca de um apartamento de luxo registrado em nome de uma empresa patrimonial\u201d.<\/p>\n\n\n\n<p>A PF afirma que a sociedade que realizou a troca estava registrada formalmente em nome da filha de Marcos Moura, mas a investiga\u00e7\u00e3o identificou que o Rei do Lixo, tamb\u00e9m conhecido como \u201cAmigo M\u201d ou \u201cMM\u201d, atuava como s\u00f3cio oculto da empresa.<\/p>\n\n\n\n<p>Em nota enviada \u00e0 coluna, a defesa de Elmar alega que a compra e venda do im\u00f3vel \u00e9 \u201cabsolutamente regular\u201d e \u201ctransparente\u201d e que sua rela\u00e7\u00e3o com Moura \u00e9 \u201cestritamente pessoal\u201d.<\/p>\n\n\n\n<p>Al\u00e9m de Elmar, as investiga\u00e7\u00f5es conduzidas no \u00e2mbito da Overclean tamb\u00e9m apontaram para outros integrantes da c\u00fapula do Uni\u00e3o Brasil, que teriam rela\u00e7\u00e3o com empresas ou pessoas investigadas no caso.<\/p>\n\n\n\n<h4 class=\"wp-block-heading\"><strong><mark style=\"background-color:rgba(0, 0, 0, 0)\" class=\"has-inline-color has-black-color\">Defesa<\/mark><\/strong><\/h4>\n\n\n\n<p>Com rela\u00e7\u00e3o \u00e0s emendas, a defesa do deputado afirma que, at\u00e9 2024, as emendas destinadas \u00e0 Codevasf eram de autoria do relator geral, embora seja \u201cnatural\u201d que os parlamentares que integram a bancada da Bahia na C\u00e2mara se esforcem para que recursos do Or\u00e7amento alcancem o maior n\u00famero poss\u00edvel de munic\u00edpios do estado.<\/p>\n\n\n\n<p>\u201cImportante esclarecer, ainda, que o parlamentar que indica emendas or\u00e7ament\u00e1rias n\u00e3o tem compet\u00eancia e nem se torna respons\u00e1vel pela execu\u00e7\u00e3o das verbas e pela fiscaliza\u00e7\u00e3o das respectivas obras e servi\u00e7os, o que deve ser feito pelas respectivas autoridades e pelos concernentes \u00f3rg\u00e3os de controle\u201d, afirmou.<\/p>\n\n\n\n<p>Por fim, a defesa do deputado tamb\u00e9m afirma que ele n\u00e3o indicou emendas ao DNOCS, e \u201cjamais teve rela\u00e7\u00e3o com as empresas de Alex e Fabio Parente\u201d.<\/p>\n\n\n\n<p>Por meio de nota, a Codevasf afirmou que n\u00e3o possui contrato com a empresa mencionada no \u00e2mbito das investiga\u00e7\u00f5es.<\/p>\n\n\n\n<p>\u201cA Companhia mant\u00e9m conv\u00eanio com o munic\u00edpio de Campo Formoso. \u00d3rg\u00e3os convenentes, como prefeituras, s\u00e3o os entes respons\u00e1veis pelos procedimentos de contrata\u00e7\u00e3o realizados no \u00e2mbito de conv\u00eanios. \u00d3rg\u00e3os concedentes \u2014 neste caso, a Codevasf \u2014 acompanham a execu\u00e7\u00e3o do objeto dos conv\u00eanios e, ao final, avaliam presta\u00e7\u00f5es de contas; n\u00e3o h\u00e1 participa\u00e7\u00e3o em processos de licita\u00e7\u00e3o ou contrata\u00e7\u00e3o. Os procedimentos de execu\u00e7\u00e3o do conv\u00eanio encontram-se sob responsabilidade do munic\u00edpio\u201d, diz a nota.<\/p>\n","protected":false},"excerpt":{"rendered":"<p>Deputado \u00e9 irm\u00e3o de prefeito que aparece em conversas sobre conv\u00eanio da Codevasf em obra sob suspeita bancada com emenda. Blog do Eloilton Cajuhy \u2013 BEC Uma emenda enviada pelo deputado federal Elmar Nascimento (Uni\u00e3o Brasil-BA) para um conv\u00eanio da Companhia de Desenvolvimento dos Vales do S\u00e3o Francisco e Parna\u00edba (Codevasf) fez com que o [&hellip;]<\/p>\n","protected":false},"author":2,"featured_media":81938,"comment_status":"open","ping_status":"open","sticky":false,"template":"","format":"standard","meta":{"_acf_changed":false,"_monsterinsights_skip_tracking":false,"_monsterinsights_sitenote_active":false,"_monsterinsights_sitenote_note":"","_monsterinsights_sitenote_category":0,"_jetpack_memberships_contains_paid_content":false,"footnotes":"","jetpack_publicize_message":"","jetpack_publicize_feature_enabled":true,"jetpack_social_post_already_shared":false,"jetpack_social_options":{"image_generator_settings":{"template":"highway","enabled":false},"version":2}},"categories":[3],"tags":[],"class_list":["post-86942","post","type-post","status-publish","format-standard","has-post-thumbnail","hentry","category-politica"],"acf":[],"jetpack_publicize_connections":[],"jetpack_featured_media_url":"https:\/\/i0.wp.com\/blogdoeloiltoncajuhy.com.br\/site\/wp-content\/uploads\/2024\/07\/Elmar-Nascimento-Foto-Zeca-Ribeiro-Camara-dos-Deputados.jpeg?fit=790%2C477&ssl=1","jetpack_sharing_enabled":true,"publishpress_future_workflow_manual_trigger":{"enabledWorkflows":[]},"_links":{"self":[{"href":"https:\/\/blogdoeloiltoncajuhy.com.br\/site\/wp-json\/wp\/v2\/posts\/86942","targetHints":{"allow":["GET"]}}],"collection":[{"href":"https:\/\/blogdoeloiltoncajuhy.com.br\/site\/wp-json\/wp\/v2\/posts"}],"about":[{"href":"https:\/\/blogdoeloiltoncajuhy.com.br\/site\/wp-json\/wp\/v2\/types\/post"}],"author":[{"embeddable":true,"href":"https:\/\/blogdoeloiltoncajuhy.com.br\/site\/wp-json\/wp\/v2\/users\/2"}],"replies":[{"embeddable":true,"href":"https:\/\/blogdoeloiltoncajuhy.com.br\/site\/wp-json\/wp\/v2\/comments?post=86942"}],"version-history":[{"count":1,"href":"https:\/\/blogdoeloiltoncajuhy.com.br\/site\/wp-json\/wp\/v2\/posts\/86942\/revisions"}],"predecessor-version":[{"id":86943,"href":"https:\/\/blogdoeloiltoncajuhy.com.br\/site\/wp-json\/wp\/v2\/posts\/86942\/revisions\/86943"}],"wp:featuredmedia":[{"embeddable":true,"href":"https:\/\/blogdoeloiltoncajuhy.com.br\/site\/wp-json\/wp\/v2\/media\/81938"}],"wp:attachment":[{"href":"https:\/\/blogdoeloiltoncajuhy.com.br\/site\/wp-json\/wp\/v2\/media?parent=86942"}],"wp:term":[{"taxonomy":"category","embeddable":true,"href":"https:\/\/blogdoeloiltoncajuhy.com.br\/site\/wp-json\/wp\/v2\/categories?post=86942"},{"taxonomy":"post_tag","embeddable":true,"href":"https:\/\/blogdoeloiltoncajuhy.com.br\/site\/wp-json\/wp\/v2\/tags?post=86942"}],"curies":[{"name":"wp","href":"https:\/\/api.w.org\/{rel}","templated":true}]}}