{"id":86939,"date":"2025-04-07T15:15:07","date_gmt":"2025-04-07T18:15:07","guid":{"rendered":"https:\/\/blogdoeloiltoncajuhy.com.br\/site\/?p=86939"},"modified":"2025-04-07T15:15:09","modified_gmt":"2025-04-07T18:15:09","slug":"cruz-de-primeira-missa-no-brasil-volta-a-porto-seguro-durante-evento-alusivo-a-chegada-dos-portugueses","status":"publish","type":"post","link":"https:\/\/blogdoeloiltoncajuhy.com.br\/site\/cruz-de-primeira-missa-no-brasil-volta-a-porto-seguro-durante-evento-alusivo-a-chegada-dos-portugueses\/","title":{"rendered":"Cruz de primeira missa no Brasil volta a Porto Seguro durante evento alusivo \u00e0 chegada dos portugueses"},"content":{"rendered":"\n<p><strong>Por Bahia Not\u00edcias<\/strong><\/p>\n\n\n\n<figure class=\"wp-block-image aligncenter size-full\"><a href=\"https:\/\/i0.wp.com\/blogdoeloiltoncajuhy.com.br\/site\/wp-content\/uploads\/2025\/04\/Cruz_Porto-Seguro_Radar-News.jpeg?ssl=1\"><img data-recalc-dims=\"1\" fetchpriority=\"high\" decoding=\"async\" width=\"720\" height=\"378\" src=\"https:\/\/i0.wp.com\/blogdoeloiltoncajuhy.com.br\/site\/wp-content\/uploads\/2025\/04\/Cruz_Porto-Seguro_Radar-News.jpeg?resize=720%2C378&#038;ssl=1\" alt=\"\" class=\"wp-image-86940\" srcset=\"https:\/\/i0.wp.com\/blogdoeloiltoncajuhy.com.br\/site\/wp-content\/uploads\/2025\/04\/Cruz_Porto-Seguro_Radar-News.jpeg?w=720&amp;ssl=1 720w, https:\/\/i0.wp.com\/blogdoeloiltoncajuhy.com.br\/site\/wp-content\/uploads\/2025\/04\/Cruz_Porto-Seguro_Radar-News.jpeg?resize=300%2C158&amp;ssl=1 300w\" sizes=\"(max-width: 720px) 100vw, 720px\" \/><\/a><figcaption class=\"wp-element-caption\"><sub>Reprodu\u00e7\u00e3o \/ Radar News<\/sub><\/figcaption><\/figure>\n\n\n\n<p>O munic\u00edpio de Porto Seguro, na Costa do Descobrimento, aguarda a chegada da cruz atribu\u00edda \u00e0 primeira missa celebrada no Brasil em 1.500. A rel\u00edquia ser\u00e1 trazida de Portugal e deve chegar na cidade baiana no dia 26 de abril, como parte da programa\u00e7\u00e3o alusiva \u00e0 chegada dos portugueses ao territ\u00f3rio brasileiro.<\/p>\n\n\n\n<p>Segundo o <strong>Radar News<\/strong>, a cruz est\u00e1 atualmente no Tesouro-Museu da S\u00e9 de Braga desde que foi levada por frei Henrique de Coimbra durante a expedi\u00e7\u00e3o de Pedro \u00c1lvares Cabral.<\/p>\n\n\n\n<p>Quando aportar em Porto Seguro, a cruz ser\u00e1 conduzida em carreata at\u00e9 a Igreja de S\u00e3o Sebasti\u00e3o para depois ser levada a par\u00f3quias da cidade.<\/p>\n\n\n\n<p><a href=\"https:\/\/whatsapp.com\/channel\/0029VaAT7tDLI8Yfj5y9Z50Z\"><strong><mark style=\"background-color:rgba(0, 0, 0, 0)\" class=\"has-inline-color has-vivid-red-color\">Siga nosso canal no WhatsApp e veja mais not\u00edcias<\/mark><\/strong><\/a><\/p>\n","protected":false},"excerpt":{"rendered":"<p>Por Bahia Not\u00edcias O munic\u00edpio de Porto Seguro, na Costa do Descobrimento, aguarda a chegada da cruz atribu\u00edda \u00e0 primeira missa celebrada no Brasil em 1.500. A rel\u00edquia ser\u00e1 trazida de Portugal e deve chegar na cidade baiana no dia 26 de abril, como parte da programa\u00e7\u00e3o alusiva \u00e0 chegada dos portugueses ao territ\u00f3rio brasileiro. [&hellip;]<\/p>\n","protected":false},"author":2,"featured_media":86940,"comment_status":"open","ping_status":"open","sticky":false,"template":"","format":"standard","meta":{"_acf_changed":false,"_monsterinsights_skip_tracking":false,"_monsterinsights_sitenote_active":false,"_monsterinsights_sitenote_note":"","_monsterinsights_sitenote_category":0,"_jetpack_memberships_contains_paid_content":false,"footnotes":"","jetpack_publicize_message":"","jetpack_publicize_feature_enabled":true,"jetpack_social_post_already_shared":true,"jetpack_social_options":{"image_generator_settings":{"template":"highway","default_image_id":0,"font":"","enabled":false},"version":2}},"categories":[5],"tags":[],"class_list":["post-86939","post","type-post","status-publish","format-standard","has-post-thumbnail","hentry","category-cotidiano"],"acf":[],"jetpack_publicize_connections":[],"jetpack_featured_media_url":"https:\/\/i0.wp.com\/blogdoeloiltoncajuhy.com.br\/site\/wp-content\/uploads\/2025\/04\/Cruz_Porto-Seguro_Radar-News.jpeg?fit=720%2C378&ssl=1","jetpack_sharing_enabled":true,"publishpress_future_workflow_manual_trigger":{"enabledWorkflows":[]},"_links":{"self":[{"href":"https:\/\/blogdoeloiltoncajuhy.com.br\/site\/wp-json\/wp\/v2\/posts\/86939","targetHints":{"allow":["GET"]}}],"collection":[{"href":"https:\/\/blogdoeloiltoncajuhy.com.br\/site\/wp-json\/wp\/v2\/posts"}],"about":[{"href":"https:\/\/blogdoeloiltoncajuhy.com.br\/site\/wp-json\/wp\/v2\/types\/post"}],"author":[{"embeddable":true,"href":"https:\/\/blogdoeloiltoncajuhy.com.br\/site\/wp-json\/wp\/v2\/users\/2"}],"replies":[{"embeddable":true,"href":"https:\/\/blogdoeloiltoncajuhy.com.br\/site\/wp-json\/wp\/v2\/comments?post=86939"}],"version-history":[{"count":1,"href":"https:\/\/blogdoeloiltoncajuhy.com.br\/site\/wp-json\/wp\/v2\/posts\/86939\/revisions"}],"predecessor-version":[{"id":86941,"href":"https:\/\/blogdoeloiltoncajuhy.com.br\/site\/wp-json\/wp\/v2\/posts\/86939\/revisions\/86941"}],"wp:featuredmedia":[{"embeddable":true,"href":"https:\/\/blogdoeloiltoncajuhy.com.br\/site\/wp-json\/wp\/v2\/media\/86940"}],"wp:attachment":[{"href":"https:\/\/blogdoeloiltoncajuhy.com.br\/site\/wp-json\/wp\/v2\/media?parent=86939"}],"wp:term":[{"taxonomy":"category","embeddable":true,"href":"https:\/\/blogdoeloiltoncajuhy.com.br\/site\/wp-json\/wp\/v2\/categories?post=86939"},{"taxonomy":"post_tag","embeddable":true,"href":"https:\/\/blogdoeloiltoncajuhy.com.br\/site\/wp-json\/wp\/v2\/tags?post=86939"}],"curies":[{"name":"wp","href":"https:\/\/api.w.org\/{rel}","templated":true}]}}