{"id":86936,"date":"2025-04-07T08:50:11","date_gmt":"2025-04-07T11:50:11","guid":{"rendered":"https:\/\/blogdoeloiltoncajuhy.com.br\/site\/?p=86936"},"modified":"2025-04-07T08:50:53","modified_gmt":"2025-04-07T11:50:53","slug":"campanha-de-vacinacao-contra-a-gripe-comeca-nesta-segunda-feira-7","status":"publish","type":"post","link":"https:\/\/blogdoeloiltoncajuhy.com.br\/site\/campanha-de-vacinacao-contra-a-gripe-comeca-nesta-segunda-feira-7\/","title":{"rendered":"Campanha de vacina\u00e7\u00e3o contra a gripe come\u00e7a nesta segunda-feira (7)"},"content":{"rendered":"\n<p class=\"has-medium-font-size\"><strong>Inicialmente, ser\u00e3o imunizadas pessoas que fazem parte do p\u00fablico-alvo que moram nas regi\u00f5es Nordeste, Sul, Centro-Oeste e Sudeste. Na regi\u00e3o Norte, campanha ser\u00e1 no segundo semestre do ano.<\/strong><\/p>\n\n\n\n<p><strong>Por Reda\u00e7\u00e3o g1, g1 DF<\/strong><\/p>\n\n\n\n<figure class=\"wp-block-image aligncenter size-full is-resized\"><a href=\"https:\/\/i0.wp.com\/blogdoeloiltoncajuhy.com.br\/site\/wp-content\/uploads\/2023\/05\/vacina-gripe.webp\"><img data-recalc-dims=\"1\" fetchpriority=\"high\" decoding=\"async\" width=\"800\" height=\"438\" src=\"https:\/\/i0.wp.com\/blogdoeloiltoncajuhy.com.br\/site\/wp-content\/uploads\/2023\/05\/vacina-gripe.webp?resize=800%2C438\" alt=\"\" class=\"wp-image-74136\" style=\"width:705px;height:auto\" srcset=\"https:\/\/i0.wp.com\/blogdoeloiltoncajuhy.com.br\/site\/wp-content\/uploads\/2023\/05\/vacina-gripe.webp?w=984&amp;ssl=1 984w, https:\/\/i0.wp.com\/blogdoeloiltoncajuhy.com.br\/site\/wp-content\/uploads\/2023\/05\/vacina-gripe.webp?resize=300%2C164&amp;ssl=1 300w, https:\/\/i0.wp.com\/blogdoeloiltoncajuhy.com.br\/site\/wp-content\/uploads\/2023\/05\/vacina-gripe.webp?resize=768%2C421&amp;ssl=1 768w\" sizes=\"(max-width: 800px) 100vw, 800px\" \/><\/a><figcaption class=\"wp-element-caption\"><sub>Campanha de vacina\u00e7\u00e3o contra a gripe come\u00e7a nesta segunda-feira (7) &#8211; Foto: Reprodu\u00e7\u00e3o<\/sub><\/figcaption><\/figure>\n\n\n\n<p>A campanha de vacina\u00e7\u00e3o contra a gripe come\u00e7a nesta segunda-feira (7) em todos os estados das regi\u00f5es Nordeste, Sul, Centro-Oeste e Sudeste. De acordo com o Minist\u00e9rio da Sa\u00fade, ser\u00e3o imunizadas, inicialmente, pessoas que fazem parte do p\u00fablico-alvo (<strong><em>saiba mais abaixo<\/em><\/strong>).<\/p>\n\n\n\n<p><a href=\"https:\/\/whatsapp.com\/channel\/0029VaAT7tDLI8Yfj5y9Z50Z\"><strong><mark style=\"background-color:rgba(0, 0, 0, 0)\" class=\"has-inline-color has-vivid-red-color\">Siga nosso canal no WhatsApp e veja mais not\u00edcias<\/mark><\/strong><\/a><\/p>\n\n\n\n<p>Na regi\u00e3o Norte, a campanha acontece no segundo semestre do ano, alinhando-se ao per\u00edodo de maior circula\u00e7\u00e3o viral na regi\u00e3o. O Minist\u00e9rio da Sa\u00fade adquiriu 73,6 milh\u00f5es de doses \u2014 sendo:<\/p>\n\n\n\n<ul class=\"wp-block-list\">\n<li>67,6 milh\u00f5es para as regi\u00f5es Sul, Sudeste, Centro-Oeste e Nordeste;<\/li>\n\n\n\n<li>5,9 milh\u00f5es para a Regi\u00e3o Norte.<\/li>\n<\/ul>\n\n\n\n<p><\/p>\n\n\n\n<p>Fazem parte do p\u00fablico-alvo:<\/p>\n\n\n\n<ul class=\"wp-block-list\">\n<li>Crian\u00e7as de 6 meses a menores de 6 anos;<\/li>\n\n\n\n<li>Gestantes;<\/li>\n\n\n\n<li>Idosos a partir de 60 anos;<\/li>\n\n\n\n<li>Trabalhadores da Sa\u00fade;<\/li>\n\n\n\n<li>Pu\u00e9rperas;<\/li>\n\n\n\n<li>Professores dos ensinos b\u00e1sico e superior;<\/li>\n\n\n\n<li>Povos ind\u00edgenas;<\/li>\n\n\n\n<li>Pessoas em situa\u00e7\u00e3o de rua;<\/li>\n\n\n\n<li>Profissionais das for\u00e7as de seguran\u00e7a e de salvamento;<\/li>\n\n\n\n<li>Profissionais das For\u00e7as Armadas;<\/li>\n\n\n\n<li>Pessoas com doen\u00e7as cr\u00f4nicas n\u00e3o transmiss\u00edveis e outras condi\u00e7\u00f5es cl\u00ednicas especiais (independentemente da idade);<\/li>\n\n\n\n<li>Pessoas com defici\u00eancia permanente;<\/li>\n\n\n\n<li>Caminhoneiros;<\/li>\n\n\n\n<li>Trabalhadores do transporte rodovi\u00e1rio coletivo (urbano e de longo curso);<\/li>\n\n\n\n<li>Trabalhadores portu\u00e1rios<\/li>\n\n\n\n<li>Funcion\u00e1rios do sistema de priva\u00e7\u00e3o de liberdade;<\/li>\n\n\n\n<li>Popula\u00e7\u00e3o privada de liberdade, al\u00e9m de adolescentes e jovens sob medidas socioeducativas (entre 12 e 21 anos).<\/li>\n<\/ul>\n\n\n\n<p><\/p>\n\n\n\n<h4 class=\"wp-block-heading\"><strong><mark style=\"background-color:rgba(0, 0, 0, 0)\" class=\"has-inline-color has-black-color\">Prote\u00e7\u00e3o<\/mark><\/strong><\/h4>\n\n\n\n<p>Segundo o Minist\u00e9rio da Sa\u00fade, a vacina contra influenza de 2025 cont\u00e9m as seguintes cepas: H1N1, H3N2 e B. A administra\u00e7\u00e3o pode ser feita junto a outras vacinas do Calend\u00e1rio Nacional de Vacina\u00e7\u00e3o. O imunizante \u00e9 contraindicado para crian\u00e7as menores de 6 meses e pessoas com hist\u00f3rico de anafilaxia grave ap\u00f3s doses anteriores.<\/p>\n\n\n\n<p>A pasta refor\u00e7a a import\u00e2ncia da vacina\u00e7\u00e3o e conta com a participa\u00e7\u00e3o de toda a popula\u00e7\u00e3o.<\/p>\n\n\n\n<blockquote class=\"wp-block-quote is-layout-flow wp-block-quote-is-layout-flow\">\n<p><strong><mark style=\"background-color:rgba(0, 0, 0, 0)\" class=\"has-inline-color has-black-color\">&#8220;Vacinar-se \u00e9 um ato de cuidado pr\u00f3prio e coletivo. As vacinas s\u00e3o seguras, eficazes e gratuitas&#8221;, diz o Minist\u00e9rio da Sa\u00fade.<\/mark><\/strong><\/p>\n<\/blockquote>\n","protected":false},"excerpt":{"rendered":"<p>Inicialmente, ser\u00e3o imunizadas pessoas que fazem parte do p\u00fablico-alvo que moram nas regi\u00f5es Nordeste, Sul, Centro-Oeste e Sudeste. Na regi\u00e3o Norte, campanha ser\u00e1 no segundo semestre do ano. Por Reda\u00e7\u00e3o g1, g1 DF A campanha de vacina\u00e7\u00e3o contra a gripe come\u00e7a nesta segunda-feira (7) em todos os estados das regi\u00f5es Nordeste, Sul, Centro-Oeste e Sudeste. [&hellip;]<\/p>\n","protected":false},"author":2,"featured_media":74166,"comment_status":"open","ping_status":"open","sticky":false,"template":"","format":"standard","meta":{"_acf_changed":false,"_monsterinsights_skip_tracking":false,"_monsterinsights_sitenote_active":false,"_monsterinsights_sitenote_note":"","_monsterinsights_sitenote_category":0,"_jetpack_memberships_contains_paid_content":false,"footnotes":"","jetpack_publicize_message":"","jetpack_publicize_feature_enabled":true,"jetpack_social_post_already_shared":true,"jetpack_social_options":{"image_generator_settings":{"template":"highway","default_image_id":0,"font":"","enabled":false},"version":2}},"categories":[7],"tags":[],"class_list":["post-86936","post","type-post","status-publish","format-standard","has-post-thumbnail","hentry","category-saude"],"acf":[],"jetpack_publicize_connections":[],"jetpack_featured_media_url":"https:\/\/i0.wp.com\/blogdoeloiltoncajuhy.com.br\/site\/wp-content\/uploads\/2023\/05\/vacina-gripe-influenza-foto_Jose-Lucena-The-News-2-Estadao-Conteudo.webp?fit=876%2C484&ssl=1","jetpack_sharing_enabled":true,"publishpress_future_workflow_manual_trigger":{"enabledWorkflows":[]},"_links":{"self":[{"href":"https:\/\/blogdoeloiltoncajuhy.com.br\/site\/wp-json\/wp\/v2\/posts\/86936","targetHints":{"allow":["GET"]}}],"collection":[{"href":"https:\/\/blogdoeloiltoncajuhy.com.br\/site\/wp-json\/wp\/v2\/posts"}],"about":[{"href":"https:\/\/blogdoeloiltoncajuhy.com.br\/site\/wp-json\/wp\/v2\/types\/post"}],"author":[{"embeddable":true,"href":"https:\/\/blogdoeloiltoncajuhy.com.br\/site\/wp-json\/wp\/v2\/users\/2"}],"replies":[{"embeddable":true,"href":"https:\/\/blogdoeloiltoncajuhy.com.br\/site\/wp-json\/wp\/v2\/comments?post=86936"}],"version-history":[{"count":2,"href":"https:\/\/blogdoeloiltoncajuhy.com.br\/site\/wp-json\/wp\/v2\/posts\/86936\/revisions"}],"predecessor-version":[{"id":86938,"href":"https:\/\/blogdoeloiltoncajuhy.com.br\/site\/wp-json\/wp\/v2\/posts\/86936\/revisions\/86938"}],"wp:featuredmedia":[{"embeddable":true,"href":"https:\/\/blogdoeloiltoncajuhy.com.br\/site\/wp-json\/wp\/v2\/media\/74166"}],"wp:attachment":[{"href":"https:\/\/blogdoeloiltoncajuhy.com.br\/site\/wp-json\/wp\/v2\/media?parent=86936"}],"wp:term":[{"taxonomy":"category","embeddable":true,"href":"https:\/\/blogdoeloiltoncajuhy.com.br\/site\/wp-json\/wp\/v2\/categories?post=86936"},{"taxonomy":"post_tag","embeddable":true,"href":"https:\/\/blogdoeloiltoncajuhy.com.br\/site\/wp-json\/wp\/v2\/tags?post=86936"}],"curies":[{"name":"wp","href":"https:\/\/api.w.org\/{rel}","templated":true}]}}