{"id":86929,"date":"2025-04-07T08:09:08","date_gmt":"2025-04-07T11:09:08","guid":{"rendered":"https:\/\/blogdoeloiltoncajuhy.com.br\/site\/?p=86929"},"modified":"2025-04-07T08:09:10","modified_gmt":"2025-04-07T11:09:10","slug":"morre-antonio-barros-um-dos-maiores-compositores-do-forro","status":"publish","type":"post","link":"https:\/\/blogdoeloiltoncajuhy.com.br\/site\/morre-antonio-barros-um-dos-maiores-compositores-do-forro\/","title":{"rendered":"Morre Ant\u00f4nio Barros, um dos maiores compositores do forr\u00f3"},"content":{"rendered":"\n<p class=\"has-medium-font-size\"><strong>Paraibano escreveu mais de 700 can\u00e7\u00f5es ao lado da esposa Cec\u00e9u.<\/strong><\/p>\n\n\n\n<p><strong>T\u00e2mara Freire\/Ag\u00eancia Brasil<\/strong><\/p>\n\n\n\n<figure class=\"wp-block-image aligncenter size-large is-resized\"><a href=\"https:\/\/i0.wp.com\/blogdoeloiltoncajuhy.com.br\/site\/wp-content\/uploads\/2025\/04\/cantor_e_compositor_paraibano_antonio_barros_foto_reproducao_Instagram.webp?ssl=1\"><img data-recalc-dims=\"1\" fetchpriority=\"high\" decoding=\"async\" width=\"800\" height=\"479\" src=\"https:\/\/i0.wp.com\/blogdoeloiltoncajuhy.com.br\/site\/wp-content\/uploads\/2025\/04\/cantor_e_compositor_paraibano_antonio_barros_foto_reproducao_Instagram-1024x613.webp?resize=800%2C479&#038;ssl=1\" alt=\"\" class=\"wp-image-86930\" style=\"width:737px;height:auto\" srcset=\"https:\/\/i0.wp.com\/blogdoeloiltoncajuhy.com.br\/site\/wp-content\/uploads\/2025\/04\/cantor_e_compositor_paraibano_antonio_barros_foto_reproducao_Instagram.webp?resize=1024%2C613&amp;ssl=1 1024w, https:\/\/i0.wp.com\/blogdoeloiltoncajuhy.com.br\/site\/wp-content\/uploads\/2025\/04\/cantor_e_compositor_paraibano_antonio_barros_foto_reproducao_Instagram.webp?resize=300%2C179&amp;ssl=1 300w, https:\/\/i0.wp.com\/blogdoeloiltoncajuhy.com.br\/site\/wp-content\/uploads\/2025\/04\/cantor_e_compositor_paraibano_antonio_barros_foto_reproducao_Instagram.webp?resize=768%2C459&amp;ssl=1 768w, https:\/\/i0.wp.com\/blogdoeloiltoncajuhy.com.br\/site\/wp-content\/uploads\/2025\/04\/cantor_e_compositor_paraibano_antonio_barros_foto_reproducao_Instagram.webp?w=1170&amp;ssl=1 1170w\" sizes=\"(max-width: 800px) 100vw, 800px\" \/><\/a><figcaption class=\"wp-element-caption\"><sub>Foto: Reprodu\u00e7\u00e3o\/Instagram<\/sub><\/figcaption><\/figure>\n\n\n\n<p>O cantor e compositor Ant\u00f4nio Barros morreu na manh\u00e3 deste domingo (06), em Jo\u00e3o Pessoa, na Para\u00edba. Ele tinha 95 anos, completados no m\u00eas passado, e sofria de mal de Parkinson. Ele foi enterrado no Cemit\u00e9rio Parque das Ac\u00e1cias ainda na tarde do domingo.<\/p>\n\n\n\n<p>Ao lado da esposa Mary Maciel Ribeiro, mais conhecida como Cec\u00e9u, Barros comp\u00f4s mais de 700 can\u00e7\u00f5es, incluindo muitos sucessos imortalizados nas vozes de grandes int\u00e9rpretes da m\u00fasica brasileira como <em>Homem com H<\/em>, <em>Bate cora\u00e7\u00e3o<\/em> e <em>Procurando Tu<\/em>. Em 2021, a obra do casal foi declarada Patrim\u00f4nio Imaterial da Para\u00edba.<\/p>\n\n\n\n<figure class=\"wp-block-embed is-type-video is-provider-youtube wp-block-embed-youtube wp-embed-aspect-4-3 wp-has-aspect-ratio\"><div class=\"wp-block-embed__wrapper\">\n<iframe title=\"Ney Matogrosso - Homem Com H (Ao Vivo)\" width=\"800\" height=\"600\" src=\"https:\/\/www.youtube.com\/embed\/Kw-6mm6Uu7c?feature=oembed\" frameborder=\"0\" allow=\"accelerometer; autoplay; clipboard-write; encrypted-media; gyroscope; picture-in-picture; web-share\" referrerpolicy=\"strict-origin-when-cross-origin\" allowfullscreen><\/iframe>\n<\/div><\/figure>\n\n\n\n<p>Nascido na cidade de Queimadas, na juventude Ant\u00f4nio Barros tocava pandeiro em emissoras de r\u00e1dio, quando se tornou amigo de Jackson do Pandeiro e come\u00e7ou a compor can\u00e7\u00f5es e gravar com ele e outros m\u00fasicos, como Luiz Gonzaga e Genival Lacerda. O relacionamento com Cec\u00e9u come\u00e7ou na d\u00e9cada de 70 e eles continuaram como um casal e como parceiros musicais at\u00e9 hoje.<\/p>\n\n\n\n<p>Uma das maiores int\u00e9rpretes de suas can\u00e7\u00f5es, a cantora Elba Ramalho agradeceu pelos &#8220;in\u00fameros forr\u00f3s&#8221; que ela cantou e que foram compostos por ele.<\/p>\n\n\n\n<blockquote class=\"wp-block-quote is-layout-flow wp-block-quote-is-layout-flow\">\n<p><strong><mark style=\"background-color:rgba(0, 0, 0, 0)\" class=\"has-inline-color has-black-color\">&#8220;A m\u00fasica brasileira perde muito no dia hoje. L\u00e1 se foi o nosso mestre do forr\u00f3, Ant\u00f4nio Barros.. Homem forte, obra consistente e verdadeira ao retratar nossos costumes, nossos ritmos e nosso jeitinho nordestino de ser e viver!&#8221;, escreveu em um post no Instagram.<\/mark><\/strong><\/p>\n\n\n\n<figure class=\"wp-block-embed is-type-video is-provider-youtube wp-block-embed-youtube wp-embed-aspect-16-9 wp-has-aspect-ratio\"><div class=\"wp-block-embed__wrapper\">\n<iframe title=\"Elba Ramalho : Bate Cora\u00e7\u00e3o : Rock in Rio 12\/01\/1985\" width=\"800\" height=\"450\" src=\"https:\/\/www.youtube.com\/embed\/ZOvz0wAARsQ?feature=oembed\" frameborder=\"0\" allow=\"accelerometer; autoplay; clipboard-write; encrypted-media; gyroscope; picture-in-picture; web-share\" referrerpolicy=\"strict-origin-when-cross-origin\" allowfullscreen><\/iframe>\n<\/div><\/figure>\n<\/blockquote>\n","protected":false},"excerpt":{"rendered":"<p>Paraibano escreveu mais de 700 can\u00e7\u00f5es ao lado da esposa Cec\u00e9u. T\u00e2mara Freire\/Ag\u00eancia Brasil O cantor e compositor Ant\u00f4nio Barros morreu na manh\u00e3 deste domingo (06), em Jo\u00e3o Pessoa, na Para\u00edba. Ele tinha 95 anos, completados no m\u00eas passado, e sofria de mal de Parkinson. Ele foi enterrado no Cemit\u00e9rio Parque das Ac\u00e1cias ainda na [&hellip;]<\/p>\n","protected":false},"author":2,"featured_media":86930,"comment_status":"open","ping_status":"open","sticky":false,"template":"","format":"standard","meta":{"_acf_changed":false,"_monsterinsights_skip_tracking":false,"_monsterinsights_sitenote_active":false,"_monsterinsights_sitenote_note":"","_monsterinsights_sitenote_category":0,"_jetpack_memberships_contains_paid_content":false,"footnotes":"","jetpack_publicize_message":"","jetpack_publicize_feature_enabled":true,"jetpack_social_post_already_shared":true,"jetpack_social_options":{"image_generator_settings":{"template":"highway","default_image_id":0,"font":"","enabled":false},"version":2}},"categories":[8],"tags":[],"class_list":["post-86929","post","type-post","status-publish","format-standard","has-post-thumbnail","hentry","category-cultura"],"acf":[],"jetpack_publicize_connections":[],"jetpack_featured_media_url":"https:\/\/i0.wp.com\/blogdoeloiltoncajuhy.com.br\/site\/wp-content\/uploads\/2025\/04\/cantor_e_compositor_paraibano_antonio_barros_foto_reproducao_Instagram.webp?fit=1170%2C700&ssl=1","jetpack_sharing_enabled":true,"publishpress_future_workflow_manual_trigger":{"enabledWorkflows":[]},"_links":{"self":[{"href":"https:\/\/blogdoeloiltoncajuhy.com.br\/site\/wp-json\/wp\/v2\/posts\/86929","targetHints":{"allow":["GET"]}}],"collection":[{"href":"https:\/\/blogdoeloiltoncajuhy.com.br\/site\/wp-json\/wp\/v2\/posts"}],"about":[{"href":"https:\/\/blogdoeloiltoncajuhy.com.br\/site\/wp-json\/wp\/v2\/types\/post"}],"author":[{"embeddable":true,"href":"https:\/\/blogdoeloiltoncajuhy.com.br\/site\/wp-json\/wp\/v2\/users\/2"}],"replies":[{"embeddable":true,"href":"https:\/\/blogdoeloiltoncajuhy.com.br\/site\/wp-json\/wp\/v2\/comments?post=86929"}],"version-history":[{"count":1,"href":"https:\/\/blogdoeloiltoncajuhy.com.br\/site\/wp-json\/wp\/v2\/posts\/86929\/revisions"}],"predecessor-version":[{"id":86931,"href":"https:\/\/blogdoeloiltoncajuhy.com.br\/site\/wp-json\/wp\/v2\/posts\/86929\/revisions\/86931"}],"wp:featuredmedia":[{"embeddable":true,"href":"https:\/\/blogdoeloiltoncajuhy.com.br\/site\/wp-json\/wp\/v2\/media\/86930"}],"wp:attachment":[{"href":"https:\/\/blogdoeloiltoncajuhy.com.br\/site\/wp-json\/wp\/v2\/media?parent=86929"}],"wp:term":[{"taxonomy":"category","embeddable":true,"href":"https:\/\/blogdoeloiltoncajuhy.com.br\/site\/wp-json\/wp\/v2\/categories?post=86929"},{"taxonomy":"post_tag","embeddable":true,"href":"https:\/\/blogdoeloiltoncajuhy.com.br\/site\/wp-json\/wp\/v2\/tags?post=86929"}],"curies":[{"name":"wp","href":"https:\/\/api.w.org\/{rel}","templated":true}]}}