{"id":86926,"date":"2025-04-05T17:09:35","date_gmt":"2025-04-05T20:09:35","guid":{"rendered":"https:\/\/blogdoeloiltoncajuhy.com.br\/site\/?p=86926"},"modified":"2025-04-05T17:09:36","modified_gmt":"2025-04-05T20:09:36","slug":"eleicoes-de-dois-em-dois-anos-pode-estar-com-os-dias-contados","status":"publish","type":"post","link":"https:\/\/blogdoeloiltoncajuhy.com.br\/site\/eleicoes-de-dois-em-dois-anos-pode-estar-com-os-dias-contados\/","title":{"rendered":"Elei\u00e7\u00f5es de dois em dois anos pode estar com os dias contados"},"content":{"rendered":"\n<p class=\"has-medium-font-size\"><strong>A mat\u00e9ria veda a possibilidade de reelei\u00e7\u00e3o para prefeitos, governadores e presidente da Rep\u00fablica.<\/strong><\/p>\n\n\n\n<p><strong>Blog do Eloilton Cajuhy &#8211; BEC<\/strong><\/p>\n\n\n\n<figure class=\"wp-block-image aligncenter size-full\"><a href=\"https:\/\/i0.wp.com\/blogdoeloiltoncajuhy.com.br\/site\/wp-content\/uploads\/2025\/04\/Eleicao-Urna-Foto-Pedro-Franca-Agencia-Senado.jpeg?ssl=1\"><img data-recalc-dims=\"1\" fetchpriority=\"high\" decoding=\"async\" width=\"675\" height=\"450\" src=\"https:\/\/i0.wp.com\/blogdoeloiltoncajuhy.com.br\/site\/wp-content\/uploads\/2025\/04\/Eleicao-Urna-Foto-Pedro-Franca-Agencia-Senado.jpeg?resize=675%2C450&#038;ssl=1\" alt=\"\" class=\"wp-image-86927\" srcset=\"https:\/\/i0.wp.com\/blogdoeloiltoncajuhy.com.br\/site\/wp-content\/uploads\/2025\/04\/Eleicao-Urna-Foto-Pedro-Franca-Agencia-Senado.jpeg?w=675&amp;ssl=1 675w, https:\/\/i0.wp.com\/blogdoeloiltoncajuhy.com.br\/site\/wp-content\/uploads\/2025\/04\/Eleicao-Urna-Foto-Pedro-Franca-Agencia-Senado.jpeg?resize=300%2C200&amp;ssl=1 300w\" sizes=\"(max-width: 675px) 100vw, 675px\" \/><\/a><figcaption class=\"wp-element-caption\"><sub>Foto: Pedro Fran\u00e7a\/Ag\u00eancia Senado<\/sub><\/figcaption><\/figure>\n\n\n\n<p>O presidente da CCJ, senador Otto Alencar, do PSD da Bahia, afirmou que pretende colocar em vota\u00e7\u00e3o at\u00e9 o meio do ano a proposta de emenda \u00e0 Constitui\u00e7\u00e3o que acaba com as elei\u00e7\u00f5es de dois em dois anos.<\/p>\n\n\n\n<p>Apresentada pelo senador Jorge Kajuru, do PSB de Goi\u00e1s, a PEC unifica as elei\u00e7\u00f5es municipais, nas quais s\u00e3o eleitos prefeitos e vereadores, e as nacionais, quando os eleitores escolhem o presidente da Rep\u00fablica, governadores, deputados federais, estaduais e distritais, al\u00e9m dos senadores.<\/p>\n\n\n\n<p>Todos esses cargos seriam eleitos de uma s\u00f3 vez, a cada cinco anos. Tamb\u00e9m ficaria vedada a possibilidade de reelei\u00e7\u00e3o para prefeitos, governadores e presidente da Rep\u00fablica. A proposta ainda reserva 20% das cadeiras nas Casas Legislativas para as mulheres.<\/p>\n\n\n\n<p><a href=\"https:\/\/whatsapp.com\/channel\/0029VaAT7tDLI8Yfj5y9Z50Z\"><strong><mark style=\"background-color:rgba(0, 0, 0, 0)\" class=\"has-inline-color has-vivid-red-color\">Siga nosso canal no WhatsApp e veja mais not\u00edcias<\/mark><\/strong><\/a><\/p>\n\n\n\n<p>O relator da mat\u00e9ria, senador Marcelo Castro, do MDB do Piau\u00ed, entregou \u00e0 CCJ o seu novo relat\u00f3rio na quarta-feira (03). A comiss\u00e3o adiou a an\u00e1lise da mat\u00e9ria para realizar tr\u00eas audi\u00eancias p\u00fablicas nas pr\u00f3ximas semanas.<\/p>\n\n\n\n<p>Para o senador Otto Alencar, a economia nos gastos com as elei\u00e7\u00f5es \u00e9 um dos principais motivos para que a mat\u00e9ria seja votada o mais r\u00e1pido poss\u00edvel:<\/p>\n\n\n\n<p>&#8220;O pr\u00f3prio congresso vai pagar um pre\u00e7o muito caro no futuro mantendo a elei\u00e7\u00e3o em dois dois anos. Tem em 4 anos, tr\u00eas elei\u00e7\u00f5es. Al\u00e9m disso, s\u00e3o tr\u00eas fundos eleitorais, que custam um valor muito alto, a m\u00e9dia \u00e9 de 5 bilh\u00f5es para o fundo eleitoral de cada elei\u00e7\u00e3o, voc\u00ea bota a conta a\u00ed 15 bilh\u00f5es de reais de gastos com fundo eleitoral. Antes do recesso, pretendo que essas mat\u00e9rias sejam votadas na CCJ e v\u00e1 pro plen\u00e1rio do Senado Federal para ser votado&#8221;, disse Otto.<\/p>\n\n\n\n<p>Caso aprovado, o novo modelo vai come\u00e7ar a ser aplicado nas elei\u00e7\u00f5es de 2030. Ele explicou que os prefeitos e vereadores eleitos em 2028 ter\u00e3o mandato de apenas dois anos. No caso dos prefeitos de primeiro mandato, ser\u00e1 poss\u00edvel uma reelei\u00e7\u00e3o para os pr\u00f3ximos cinco anos.<\/p>\n","protected":false},"excerpt":{"rendered":"<p>A mat\u00e9ria veda a possibilidade de reelei\u00e7\u00e3o para prefeitos, governadores e presidente da Rep\u00fablica. Blog do Eloilton Cajuhy &#8211; BEC O presidente da CCJ, senador Otto Alencar, do PSD da Bahia, afirmou que pretende colocar em vota\u00e7\u00e3o at\u00e9 o meio do ano a proposta de emenda \u00e0 Constitui\u00e7\u00e3o que acaba com as elei\u00e7\u00f5es de dois [&hellip;]<\/p>\n","protected":false},"author":2,"featured_media":86927,"comment_status":"open","ping_status":"open","sticky":false,"template":"","format":"standard","meta":{"_acf_changed":false,"_monsterinsights_skip_tracking":false,"_monsterinsights_sitenote_active":false,"_monsterinsights_sitenote_note":"","_monsterinsights_sitenote_category":0,"_jetpack_memberships_contains_paid_content":false,"footnotes":"","jetpack_publicize_message":"","jetpack_publicize_feature_enabled":true,"jetpack_social_post_already_shared":false,"jetpack_social_options":{"image_generator_settings":{"template":"highway","enabled":false},"version":2}},"categories":[3],"tags":[],"class_list":["post-86926","post","type-post","status-publish","format-standard","has-post-thumbnail","hentry","category-politica"],"acf":[],"jetpack_publicize_connections":[],"jetpack_featured_media_url":"https:\/\/i0.wp.com\/blogdoeloiltoncajuhy.com.br\/site\/wp-content\/uploads\/2025\/04\/Eleicao-Urna-Foto-Pedro-Franca-Agencia-Senado.jpeg?fit=675%2C450&ssl=1","jetpack_sharing_enabled":true,"publishpress_future_workflow_manual_trigger":{"enabledWorkflows":[]},"_links":{"self":[{"href":"https:\/\/blogdoeloiltoncajuhy.com.br\/site\/wp-json\/wp\/v2\/posts\/86926","targetHints":{"allow":["GET"]}}],"collection":[{"href":"https:\/\/blogdoeloiltoncajuhy.com.br\/site\/wp-json\/wp\/v2\/posts"}],"about":[{"href":"https:\/\/blogdoeloiltoncajuhy.com.br\/site\/wp-json\/wp\/v2\/types\/post"}],"author":[{"embeddable":true,"href":"https:\/\/blogdoeloiltoncajuhy.com.br\/site\/wp-json\/wp\/v2\/users\/2"}],"replies":[{"embeddable":true,"href":"https:\/\/blogdoeloiltoncajuhy.com.br\/site\/wp-json\/wp\/v2\/comments?post=86926"}],"version-history":[{"count":1,"href":"https:\/\/blogdoeloiltoncajuhy.com.br\/site\/wp-json\/wp\/v2\/posts\/86926\/revisions"}],"predecessor-version":[{"id":86928,"href":"https:\/\/blogdoeloiltoncajuhy.com.br\/site\/wp-json\/wp\/v2\/posts\/86926\/revisions\/86928"}],"wp:featuredmedia":[{"embeddable":true,"href":"https:\/\/blogdoeloiltoncajuhy.com.br\/site\/wp-json\/wp\/v2\/media\/86927"}],"wp:attachment":[{"href":"https:\/\/blogdoeloiltoncajuhy.com.br\/site\/wp-json\/wp\/v2\/media?parent=86926"}],"wp:term":[{"taxonomy":"category","embeddable":true,"href":"https:\/\/blogdoeloiltoncajuhy.com.br\/site\/wp-json\/wp\/v2\/categories?post=86926"},{"taxonomy":"post_tag","embeddable":true,"href":"https:\/\/blogdoeloiltoncajuhy.com.br\/site\/wp-json\/wp\/v2\/tags?post=86926"}],"curies":[{"name":"wp","href":"https:\/\/api.w.org\/{rel}","templated":true}]}}