{"id":86921,"date":"2025-04-05T16:53:16","date_gmt":"2025-04-05T19:53:16","guid":{"rendered":"https:\/\/blogdoeloiltoncajuhy.com.br\/site\/?p=86921"},"modified":"2025-04-05T16:54:24","modified_gmt":"2025-04-05T19:54:24","slug":"racismo-no-futebol-cresce-apesar-de-campanhas-alerta-observatorio","status":"publish","type":"post","link":"https:\/\/blogdoeloiltoncajuhy.com.br\/site\/racismo-no-futebol-cresce-apesar-de-campanhas-alerta-observatorio\/","title":{"rendered":"Racismo no futebol cresce, apesar de campanhas, alerta Observat\u00f3rio"},"content":{"rendered":"\n<p class=\"has-medium-font-size\"><strong>Mapeamento feito no ano passado mostrou que casos est\u00e3o em alta.<\/strong><\/p>\n\n\n\n<p><strong>Pedro Peduzzi\/Ag\u00eancia Brasil<\/strong><\/p>\n\n\n\n<figure class=\"wp-block-image aligncenter size-full\"><a href=\"https:\/\/i0.wp.com\/blogdoeloiltoncajuhy.com.br\/site\/wp-content\/uploads\/2025\/04\/Racismo-no-futebol-Foto-Reproducao-TV-Brasil.jpeg?ssl=1\"><img data-recalc-dims=\"1\" fetchpriority=\"high\" decoding=\"async\" width=\"760\" height=\"455\" src=\"https:\/\/i0.wp.com\/blogdoeloiltoncajuhy.com.br\/site\/wp-content\/uploads\/2025\/04\/Racismo-no-futebol-Foto-Reproducao-TV-Brasil.jpeg?resize=760%2C455&#038;ssl=1\" alt=\"\" class=\"wp-image-86922\" srcset=\"https:\/\/i0.wp.com\/blogdoeloiltoncajuhy.com.br\/site\/wp-content\/uploads\/2025\/04\/Racismo-no-futebol-Foto-Reproducao-TV-Brasil.jpeg?w=760&amp;ssl=1 760w, https:\/\/i0.wp.com\/blogdoeloiltoncajuhy.com.br\/site\/wp-content\/uploads\/2025\/04\/Racismo-no-futebol-Foto-Reproducao-TV-Brasil.jpeg?resize=300%2C180&amp;ssl=1 300w\" sizes=\"(max-width: 760px) 100vw, 760px\" \/><\/a><figcaption class=\"wp-element-caption\"><sub>Foto: Reprodu\u00e7\u00e3o\/TV Brasil<\/sub><\/figcaption><\/figure>\n\n\n\n<p>C\u00e2meras da <strong>TV Brasil<\/strong>, que realizavam a cobertura da primeira divis\u00e3o do Campeonato Brasileiro Feminino de futebol, flagraram na \u00faltima segunda-feira (31) um ataque racista que que faz parte de um contexto de aumento desse tipo de viol\u00eancia no futebol.<\/p>\n\n\n\n<p>O banco de reservas das jogadoras do Sport, que enfrentavam o Internacional em Porto Alegre, no Rio Grande do Sul, foi alvo de uma casca de banana. Uma das \u00e1rbitras identificou o ataque e recolheu a casca, o que foi filmado ao vivo pela c\u00e2mera da Empresa Brasil de Comunica\u00e7\u00e3o (EBC).<\/p>\n\n\n\n<p>Diretor do Observat\u00f3rio da Discrimina\u00e7\u00e3o Racial no Futebol, Marcelo Carvalho, afirma que o monitoramento realizado por sua equipe aponta que o racismo no futebol est\u00e1 crescendo, apesar da maior conscientiza\u00e7\u00e3o sobre o tema.<\/p>\n\n\n\n<p>O observat\u00f3rio divulga, desde 2014, um relat\u00f3rio com den\u00fancias e detalhamentos de casos de discrimina\u00e7\u00e3o racial nesse esporte.<\/p>\n\n\n\n<p><a href=\"https:\/\/whatsapp.com\/channel\/0029VaAT7tDLI8Yfj5y9Z50Z\"><strong><mark style=\"background-color:rgba(0, 0, 0, 0)\" class=\"has-inline-color has-vivid-red-color\">Siga nosso canal no WhatsApp e veja mais not\u00edcias<\/mark><\/strong><\/a><\/p>\n\n\n\n<p>Em 2014, ano em que o relat\u00f3rio come\u00e7ou a ser publicado, foram registrados 36 casos de racismo no Brasil e no exterior. Cinco anos depois, em 2019, o n\u00famero j\u00e1 estava em 159 casos. No ano seguinte, 2020, devido ao in\u00edcio da pandemia, o n\u00famero de casos caiu para 81, mas voltou a subir para 158, em 2021; para 233, em 2022; e para 250, em 2023 \u2013 \u00faltima edi\u00e7\u00e3o publicada at\u00e9 o momento.<\/p>\n\n\n\n<p>Para Carvalho, \u00e9 fundamental que a Justi\u00e7a tome decis\u00f5es que deixem os racistas com receio ou medo de praticar esse tipo de crime, seja em est\u00e1dios ou onde mais for.<\/p>\n\n\n\n<blockquote class=\"wp-block-quote is-layout-flow wp-block-quote-is-layout-flow\">\n<p><strong><mark style=\"background-color:rgba(0, 0, 0, 0)\" class=\"has-inline-color has-black-color\">\u201cMas a gente precisa tamb\u00e9m entender que n\u00e3o vamos acabar com o racismo pensando s\u00f3 em puni\u00e7\u00e3o. Precisamos pensar cada vez mais em conscientiza\u00e7\u00e3o e em educa\u00e7\u00e3o\u201d.<\/mark><\/strong><\/p>\n<\/blockquote>\n\n\n\n<p>\u201cAs pessoas precisam entender o que \u00e9 racismo. Precisam entender que o que muitas vezes chamamos de piada \u00e9 racismo. Caso contr\u00e1rio, as pessoas continuar\u00e3o perpetuando esse racismo recreativo na forma de piadas que tanto vemos por a\u00ed\u201d, acrescentou ao defender esse tipo de cuidado tamb\u00e9m nas categorias de base dos clubes.<\/p>\n\n\n\n<p>No caso de racismo no jogo entre Sport e Internacional, o time feminino do clube ga\u00facho jogar\u00e1 com port\u00f5es fechados nos pr\u00f3ximos tr\u00eas jogos como puni\u00e7\u00e3o, determinou o presidente do Superior Tribunal de Justi\u00e7a Desportiva, Lu\u00eds Ot\u00e1vio Ver\u00edssimo Teixeira, na tarde seguinte ao jogo, acatando pedido feito pela Procuradoria-Geral da entidade.<\/p>\n\n\n\n<p>O Sport tamb\u00e9m registrou boletim de ocorr\u00eancia (BO) na Policia Civil, e o caso tamb\u00e9m ser\u00e1 investigado na esfera criminal, pela Delegacia da Intoler\u00e2ncia, em Porto Alegre.<\/p>\n\n\n\n<p>\u201cNos \u00faltimos anos, temos visto uma atua\u00e7\u00e3o muito maior dos clubes da CBF no combate ao racismo, mas isso n\u00e3o tem se refletido em puni\u00e7\u00f5es [contra aqueles que praticaram este crime]. Percebemos que jogadores, clubes, jornalistas e torcedores est\u00e3o mais conscientes sobre esse problema\u201d, explica o diretor do Observat\u00f3rio, que pondera. \u201cMas, infelizmente isso n\u00e3o est\u00e1 refletindo nos casos julgados nos tribunais de justi\u00e7a desportiva. Ao que parece, ali essa conscientiza\u00e7\u00e3o ainda n\u00e3o chegou\u201d, complementou.<\/p>\n\n\n\n<h4 class=\"wp-block-heading\"><strong><mark style=\"background-color:rgba(0, 0, 0, 0)\" class=\"has-inline-color has-black-color\">Subnotifica\u00e7\u00e3o<\/mark><\/strong><\/h4>\n\n\n\n<p>O monitoramento citado por Marcelo Carvalho \u00e9 feito a partir de den\u00fancias veiculadas pela imprensa. \u201cRecebemos tamb\u00e9m muitas den\u00fancias por meio de nossas redes sociais e e-mail, mas, at\u00e9 por seguran\u00e7a jur\u00eddica, preferimos trabalhar apenas com casos que sejam veiculados na imprensa\u201d, explica o diretor, ao ressaltar que h\u00e1 muitos outros casos que n\u00e3o constam do relat\u00f3rio.<\/p>\n\n\n\n<p>O levantamento mostra que o estado com maior n\u00famero de incidentes \u00e9 o Rio Grande do Sul, onde a c\u00e2mera da <strong>TV Brasil<\/strong> fez o flagrante. Foram 89 casos de racismo em est\u00e1dios ga\u00fachos entre 2014 e 2023, n\u00famero que corresponde a 24,45% dos 364 incidentes mapeados no per\u00edodo em todo o pa\u00eds.<\/p>\n\n\n\n<p>Em segundo lugar neste ranking est\u00e1 S\u00e3o Paulo, com 57 casos, ou 15,65% do total registrado nos est\u00e1dios brasileiros. Minas Gerais vem na sequ\u00eancia, com 34 incidentes (9,34%), seguido do Rio de Janeiro, com 25 casos (6,86%), e do Paran\u00e1, com 23 casos (6,32%).<\/p>\n\n\n\n<p>As regi\u00f5es Sul (36%) e Sudeste (32%) respondem por 68% do total de casos de racismo no futebol brasileiro. J\u00e1 o Nordeste responde por 16%, enquanto a Centro-Oeste e a Norte registraram, respectivamente, 9% e 6% do total de incidentes mencionados desde 2014.<\/p>\n\n\n\n<p>Muitas das den\u00fancias n\u00e3o inclu\u00eddas no relat\u00f3rio est\u00e3o relacionadas a campeonatos amadores ou \u00e0s categorias de base. Pode-se, portanto, concluir que a situa\u00e7\u00e3o \u00e9 muito pior do que o apontado pelo levantamento.<\/p>\n\n\n\n<blockquote class=\"wp-block-quote is-layout-flow wp-block-quote-is-layout-flow\">\n<p><strong><mark style=\"background-color:rgba(0, 0, 0, 0)\" class=\"has-inline-color has-black-color\">\u201cA verdade \u00e9 que temos uma estrutura extremamente viciada; uma estrutura extremamente racista no futebol, que se d\u00e1 desde o in\u00edcio de sua pr\u00e1tica no Brasil\u201d, observa Carvalho.<\/mark><\/strong><\/p>\n<\/blockquote>\n\n\n\n<p>\u201cBasta lembrar que o futebol chegou no Brasil como esporte elitista, classista e racista, ainda que, a partir de determinado momento, pela qualidade dos jogadores negros, esse esporte foi se tornando popular, caindo no gosto das pessoas pobres e negras. Mas a verdade \u00e9 que os primeiros jogadores negros dos clubes eram proibidos de circular a \u00e1rea social, entrando e saindo de seus clubes pelas portas dos fundos\u201d, acrescentou.<\/p>\n\n\n\n<p>Ele lembra que at\u00e9 os dias atuais, com pessoas e institui\u00e7\u00f5es cada vez mais cientes da import\u00e2ncia de pol\u00edticas compensat\u00f3rias como as de cotas, o percentual de treinadores, dirigentes e gestores negros, no futebol, continua quase nulo.<\/p>\n\n\n\n<h4 class=\"wp-block-heading\"><strong><mark style=\"background-color:rgba(0, 0, 0, 0)\" class=\"has-inline-color has-black-color\">Racismo na Libertadores<\/mark><\/strong><\/h4>\n\n\n\n<figure class=\"wp-block-image aligncenter size-full is-resized\"><a href=\"https:\/\/i0.wp.com\/blogdoeloiltoncajuhy.com.br\/site\/wp-content\/uploads\/2025\/04\/Jogador-Luighi-atacante-do-Palmeiras-Foto-Conmebol-Reproducao.jpeg?ssl=1\"><img data-recalc-dims=\"1\" decoding=\"async\" width=\"754\" height=\"503\" src=\"https:\/\/i0.wp.com\/blogdoeloiltoncajuhy.com.br\/site\/wp-content\/uploads\/2025\/04\/Jogador-Luighi-atacante-do-Palmeiras-Foto-Conmebol-Reproducao.jpeg?resize=754%2C503&#038;ssl=1\" alt=\"\" class=\"wp-image-86923\" style=\"width:721px;height:auto\" srcset=\"https:\/\/i0.wp.com\/blogdoeloiltoncajuhy.com.br\/site\/wp-content\/uploads\/2025\/04\/Jogador-Luighi-atacante-do-Palmeiras-Foto-Conmebol-Reproducao.jpeg?w=754&amp;ssl=1 754w, https:\/\/i0.wp.com\/blogdoeloiltoncajuhy.com.br\/site\/wp-content\/uploads\/2025\/04\/Jogador-Luighi-atacante-do-Palmeiras-Foto-Conmebol-Reproducao.jpeg?resize=300%2C200&amp;ssl=1 300w\" sizes=\"(max-width: 754px) 100vw, 754px\" \/><\/a><figcaption class=\"wp-element-caption\"><sub>Jogador Luighi, atacante do Palmeiras, foi alvo de racismo durante o jogo contra o Cerro Porte\u00f1o, pela Libertadores sub-20 &#8211; Foto: Conmebol\/Reprodu\u00e7\u00e3o<\/sub><\/figcaption><\/figure>\n\n\n\n<p>A agress\u00e3o racista em Porto Alegre remete imediatamente a outro caso de repercuss\u00e3o que ocorreu no dia 6 de mar\u00e7o, durante uma partida entre as equipes do Palmeiras contra o time Cerro Porte\u00f1o, no Paraguai, pela Ta\u00e7a Conmebol Libertadores Sub-20.<\/p>\n\n\n\n<p>A exemplo do que acontece em diversas partidas disputadas por times brasileiros nos pa\u00edses vizinhos, um torcedor se direcionava a um jogador brasileiro, fazendo movimentos similares aos de um macaco. No caso, a manifesta\u00e7\u00e3o racista foi dirigida ao jogador Luighi, do Palmeiras.<\/p>\n\n\n\n<p>Ao final da partida, ao conceder entrevista, o jogador brasileiro, muito emocionado, chorou ap\u00f3s o rep\u00f3rter fazer uma pergunta restrita \u00e0 partida, deixando de lado o ocorrido. \u201c\u00c9 s\u00e9rio isso?\u201d, disse ele ao ouvir uma pergunta rotineira sobre a partida, deixando de lado a manifesta\u00e7\u00e3o racista contra ele.<\/p>\n\n\n\n<p>\u201cA Conmebol vai fazer o que sobre isso? O que fizeram comigo foi um crime\u201d, questionou, em meio a l\u00e1grimas, o atleta.<\/p>\n\n\n\n<p>A puni\u00e7\u00e3o contra esse \u201cato infracional\u201d, segundo a legisla\u00e7\u00e3o paraguaia, ficou restrita a uma multa no valor de US$ 50 mil. Outra medida punitiva foi a de proibir a presen\u00e7a de torcedores do Cerro Porte\u00f1o durante os jogos do campeonato. Marcelo Carvalho lamenta a falta de puni\u00e7\u00e3o aos racistas, at\u00e9 mesmo quando flagrados por c\u00e2meras.<\/p>\n\n\n\n<p>\u201cA puni\u00e7\u00e3o deveria ser uma medida imediata para acabarmos com essa sensa\u00e7\u00e3o de impunidade que se tem, por nada acontecer contra esses indiv\u00edduos racistas\u201d, critica.<\/p>\n","protected":false},"excerpt":{"rendered":"<p>Mapeamento feito no ano passado mostrou que casos est\u00e3o em alta. Pedro Peduzzi\/Ag\u00eancia Brasil C\u00e2meras da TV Brasil, que realizavam a cobertura da primeira divis\u00e3o do Campeonato Brasileiro Feminino de futebol, flagraram na \u00faltima segunda-feira (31) um ataque racista que que faz parte de um contexto de aumento desse tipo de viol\u00eancia no futebol. O [&hellip;]<\/p>\n","protected":false},"author":2,"featured_media":86922,"comment_status":"open","ping_status":"open","sticky":false,"template":"","format":"standard","meta":{"_acf_changed":false,"_monsterinsights_skip_tracking":false,"_monsterinsights_sitenote_active":false,"_monsterinsights_sitenote_note":"","_monsterinsights_sitenote_category":0,"_jetpack_memberships_contains_paid_content":false,"footnotes":"","jetpack_publicize_message":"","jetpack_publicize_feature_enabled":true,"jetpack_social_post_already_shared":true,"jetpack_social_options":{"image_generator_settings":{"template":"highway","default_image_id":0,"font":"","enabled":false},"version":2}},"categories":[6],"tags":[],"class_list":["post-86921","post","type-post","status-publish","format-standard","has-post-thumbnail","hentry","category-esportes"],"acf":[],"jetpack_publicize_connections":[],"jetpack_featured_media_url":"https:\/\/i0.wp.com\/blogdoeloiltoncajuhy.com.br\/site\/wp-content\/uploads\/2025\/04\/Racismo-no-futebol-Foto-Reproducao-TV-Brasil.jpeg?fit=760%2C455&ssl=1","jetpack_sharing_enabled":true,"publishpress_future_workflow_manual_trigger":{"enabledWorkflows":[]},"_links":{"self":[{"href":"https:\/\/blogdoeloiltoncajuhy.com.br\/site\/wp-json\/wp\/v2\/posts\/86921","targetHints":{"allow":["GET"]}}],"collection":[{"href":"https:\/\/blogdoeloiltoncajuhy.com.br\/site\/wp-json\/wp\/v2\/posts"}],"about":[{"href":"https:\/\/blogdoeloiltoncajuhy.com.br\/site\/wp-json\/wp\/v2\/types\/post"}],"author":[{"embeddable":true,"href":"https:\/\/blogdoeloiltoncajuhy.com.br\/site\/wp-json\/wp\/v2\/users\/2"}],"replies":[{"embeddable":true,"href":"https:\/\/blogdoeloiltoncajuhy.com.br\/site\/wp-json\/wp\/v2\/comments?post=86921"}],"version-history":[{"count":2,"href":"https:\/\/blogdoeloiltoncajuhy.com.br\/site\/wp-json\/wp\/v2\/posts\/86921\/revisions"}],"predecessor-version":[{"id":86925,"href":"https:\/\/blogdoeloiltoncajuhy.com.br\/site\/wp-json\/wp\/v2\/posts\/86921\/revisions\/86925"}],"wp:featuredmedia":[{"embeddable":true,"href":"https:\/\/blogdoeloiltoncajuhy.com.br\/site\/wp-json\/wp\/v2\/media\/86922"}],"wp:attachment":[{"href":"https:\/\/blogdoeloiltoncajuhy.com.br\/site\/wp-json\/wp\/v2\/media?parent=86921"}],"wp:term":[{"taxonomy":"category","embeddable":true,"href":"https:\/\/blogdoeloiltoncajuhy.com.br\/site\/wp-json\/wp\/v2\/categories?post=86921"},{"taxonomy":"post_tag","embeddable":true,"href":"https:\/\/blogdoeloiltoncajuhy.com.br\/site\/wp-json\/wp\/v2\/tags?post=86921"}],"curies":[{"name":"wp","href":"https:\/\/api.w.org\/{rel}","templated":true}]}}