{"id":86912,"date":"2025-04-05T15:45:54","date_gmt":"2025-04-05T18:45:54","guid":{"rendered":"https:\/\/blogdoeloiltoncajuhy.com.br\/site\/?p=86912"},"modified":"2025-04-05T15:45:56","modified_gmt":"2025-04-05T18:45:56","slug":"sessenta-e-cinco-municipios-estao-em-situacao-de-emergencia-por-causa-da-estiagem-na-bahia-entre-eles-andorinha-e-itiuba","status":"publish","type":"post","link":"https:\/\/blogdoeloiltoncajuhy.com.br\/site\/sessenta-e-cinco-municipios-estao-em-situacao-de-emergencia-por-causa-da-estiagem-na-bahia-entre-eles-andorinha-e-itiuba\/","title":{"rendered":"Sessenta e cinco munic\u00edpios est\u00e3o em situa\u00e7\u00e3o de emerg\u00eancia por causa da estiagem na Bahia, entre eles, Andorinha e Iti\u00faba"},"content":{"rendered":"\n<p><strong>Por g1 BA<\/strong><\/p>\n\n\n\n<figure class=\"wp-block-image aligncenter size-full\"><a href=\"https:\/\/i0.wp.com\/blogdoeloiltoncajuhy.com.br\/site\/wp-content\/uploads\/2025\/04\/Seca-Foto-Kittipong-Smklang-Shutterstock.jpg?ssl=1\"><img data-recalc-dims=\"1\" fetchpriority=\"high\" decoding=\"async\" width=\"720\" height=\"396\" src=\"https:\/\/i0.wp.com\/blogdoeloiltoncajuhy.com.br\/site\/wp-content\/uploads\/2025\/04\/Seca-Foto-Kittipong-Smklang-Shutterstock.jpg?resize=720%2C396&#038;ssl=1\" alt=\"\" class=\"wp-image-86913\" srcset=\"https:\/\/i0.wp.com\/blogdoeloiltoncajuhy.com.br\/site\/wp-content\/uploads\/2025\/04\/Seca-Foto-Kittipong-Smklang-Shutterstock.jpg?w=720&amp;ssl=1 720w, https:\/\/i0.wp.com\/blogdoeloiltoncajuhy.com.br\/site\/wp-content\/uploads\/2025\/04\/Seca-Foto-Kittipong-Smklang-Shutterstock.jpg?resize=300%2C165&amp;ssl=1 300w\" sizes=\"(max-width: 720px) 100vw, 720px\" \/><\/a><figcaption class=\"wp-element-caption\"><sub>Foto: Kittipong Smklang\/Shutterstock<\/sub><\/figcaption><\/figure>\n\n\n\n<p>O Minist\u00e9rio da Integra\u00e7\u00e3o e do Desenvolvimento Regional (MIDR), por meio da Defesa Civil Nacional, reconheceu, na sexta-feira (4), a situa\u00e7\u00e3o de emerg\u00eancia nas cidades de Bom Jesus da Lapa e Ibitiara, no oeste da Bahia, por causa da estiagem.<\/p>\n\n\n\n<p>Com isso, as prefeituras podem solicitar recursos do Governo Federal para a\u00e7\u00f5es de defesa civil, como compra de cestas b\u00e1sicas, \u00e1gua mineral, refei\u00e7\u00e3o para trabalhadores e volunt\u00e1rios, kits de limpeza de resid\u00eancia, higiene pessoal e dormit\u00f3rio, entre outros.<\/p>\n\n\n\n<p>At\u00e9 o momento, a Bahia tem 85 reconhecimentos vigentes, dos quais 65 por estiagem, 18 por chuvas intensas, um por enxurradas e um por alagamentos.<\/p>\n\n\n\n<p><strong><mark style=\"background-color:rgba(0, 0, 0, 0)\" class=\"has-inline-color has-black-color\">Veja a lista abaixo:<\/mark><\/strong><\/p>\n\n\n\n<p>Adustina;<br>Anag\u00e9;<br><strong><mark style=\"background-color:rgba(0, 0, 0, 0)\" class=\"has-inline-color has-black-color\">Andorinha<\/mark><\/strong> (chuvas intensas);<br>Aracatu<br>Araci;<br>Aurelino Leal;<br>Barro Alto;<br>Boa Vista do Tupim;<br>Boa Nova;<br>Bom Jesus da Lapa;<br>Bom Jesus da Serra;<br>Brej\u00f5es;<br>Brumado;<br>Buritirama;<br>Campo Alegre de Lourdes;<br><strong>Cansan\u00e7\u00e3o<\/strong>;<br>Canudos;<br>Capela do Alto Alegre;<br>C\u00edcero Dantas;<br>Coaraci;<br>Coronel Jo\u00e3o S\u00e1;<br>Dom Bas\u00edlio;<br>F\u00e1tima;<br>Feira de Santana;<br>Firmino Alves;<br>Floresta Azul;<br>Gandu;<br>Guajeru;<br>Heli\u00f3polis;<br>Ibiassuc\u00ea;<br>Ibitiara;<br>Ibotirama;<br>Igapor\u00e3;<br>Irajuba;<br>Itaberaba;<br>Itaju\u00edpe;<br>Itamb\u00e9;<br>Itapebi;<br><strong>Iti\u00faba<\/strong>;<br>Jaguaquara;<br>Lagoa Real;<br>Lajedo do Tabocal;<br>Livramento de Nossa Senhora;<br>Maiquinique;<br>Malhada de Pedras;<br>Mansid\u00e3o;<br>Manoel Vitorino;<br>Marac\u00e1s;<br>Marcion\u00edlio Souza;<br><strong>Monte Santo<\/strong>;<br>Muqu\u00e9m de S\u00e3o Francisco;<br>Nordestina;<br>Pedro Alexandre;<br>Pil\u00e3o Arcado;<br>Pintadas;<br>Pirip\u00e1;<br>Planaltino;<br>Po\u00e7\u00f5es;<br>Presidente J\u00e2nio Quadros;<br>Remanso;<br>Riach\u00e3o do Jacu\u00edpe;<br>Rio do Ant\u00f4nio;<br>Santa B\u00e1rbara;<br>Santa Br\u00edgida;<br>Sento S\u00e9;<br>Oliveira dos Brejinhos;<br><strong>Queimadas<\/strong>;<br>Quijingue;<br>Teofil\u00e2ndia;<br>Tremedal;<br>Santaluz;<br>Teofil\u00e2ndia;<br>Tucano;<br><strong>Uau\u00e1<\/strong>;<br>Ubat\u00e3;<br>Valente;<br>Vit\u00f3ria da Conquista.<\/p>\n","protected":false},"excerpt":{"rendered":"<p>Por g1 BA O Minist\u00e9rio da Integra\u00e7\u00e3o e do Desenvolvimento Regional (MIDR), por meio da Defesa Civil Nacional, reconheceu, na sexta-feira (4), a situa\u00e7\u00e3o de emerg\u00eancia nas cidades de Bom Jesus da Lapa e Ibitiara, no oeste da Bahia, por causa da estiagem. Com isso, as prefeituras podem solicitar recursos do Governo Federal para a\u00e7\u00f5es [&hellip;]<\/p>\n","protected":false},"author":2,"featured_media":86913,"comment_status":"open","ping_status":"open","sticky":false,"template":"","format":"standard","meta":{"_acf_changed":false,"_monsterinsights_skip_tracking":false,"_monsterinsights_sitenote_active":false,"_monsterinsights_sitenote_note":"","_monsterinsights_sitenote_category":0,"_jetpack_memberships_contains_paid_content":false,"footnotes":"","jetpack_publicize_message":"","jetpack_publicize_feature_enabled":true,"jetpack_social_post_already_shared":true,"jetpack_social_options":{"image_generator_settings":{"template":"highway","default_image_id":0,"font":"","enabled":false},"version":2}},"categories":[5],"tags":[],"class_list":["post-86912","post","type-post","status-publish","format-standard","has-post-thumbnail","hentry","category-cotidiano"],"acf":[],"jetpack_publicize_connections":[],"jetpack_featured_media_url":"https:\/\/i0.wp.com\/blogdoeloiltoncajuhy.com.br\/site\/wp-content\/uploads\/2025\/04\/Seca-Foto-Kittipong-Smklang-Shutterstock.jpg?fit=720%2C396&ssl=1","jetpack_sharing_enabled":true,"publishpress_future_workflow_manual_trigger":{"enabledWorkflows":[]},"_links":{"self":[{"href":"https:\/\/blogdoeloiltoncajuhy.com.br\/site\/wp-json\/wp\/v2\/posts\/86912","targetHints":{"allow":["GET"]}}],"collection":[{"href":"https:\/\/blogdoeloiltoncajuhy.com.br\/site\/wp-json\/wp\/v2\/posts"}],"about":[{"href":"https:\/\/blogdoeloiltoncajuhy.com.br\/site\/wp-json\/wp\/v2\/types\/post"}],"author":[{"embeddable":true,"href":"https:\/\/blogdoeloiltoncajuhy.com.br\/site\/wp-json\/wp\/v2\/users\/2"}],"replies":[{"embeddable":true,"href":"https:\/\/blogdoeloiltoncajuhy.com.br\/site\/wp-json\/wp\/v2\/comments?post=86912"}],"version-history":[{"count":1,"href":"https:\/\/blogdoeloiltoncajuhy.com.br\/site\/wp-json\/wp\/v2\/posts\/86912\/revisions"}],"predecessor-version":[{"id":86914,"href":"https:\/\/blogdoeloiltoncajuhy.com.br\/site\/wp-json\/wp\/v2\/posts\/86912\/revisions\/86914"}],"wp:featuredmedia":[{"embeddable":true,"href":"https:\/\/blogdoeloiltoncajuhy.com.br\/site\/wp-json\/wp\/v2\/media\/86913"}],"wp:attachment":[{"href":"https:\/\/blogdoeloiltoncajuhy.com.br\/site\/wp-json\/wp\/v2\/media?parent=86912"}],"wp:term":[{"taxonomy":"category","embeddable":true,"href":"https:\/\/blogdoeloiltoncajuhy.com.br\/site\/wp-json\/wp\/v2\/categories?post=86912"},{"taxonomy":"post_tag","embeddable":true,"href":"https:\/\/blogdoeloiltoncajuhy.com.br\/site\/wp-json\/wp\/v2\/tags?post=86912"}],"curies":[{"name":"wp","href":"https:\/\/api.w.org\/{rel}","templated":true}]}}