{"id":86909,"date":"2025-04-05T14:52:35","date_gmt":"2025-04-05T17:52:35","guid":{"rendered":"https:\/\/blogdoeloiltoncajuhy.com.br\/site\/?p=86909"},"modified":"2025-04-05T14:52:37","modified_gmt":"2025-04-05T17:52:37","slug":"aviao-monomotor-faz-pouso-forcado-em-meio-a-carros-e-caminhoes-na-br-101-em-sc","status":"publish","type":"post","link":"https:\/\/blogdoeloiltoncajuhy.com.br\/site\/aviao-monomotor-faz-pouso-forcado-em-meio-a-carros-e-caminhoes-na-br-101-em-sc\/","title":{"rendered":"Avi\u00e3o monomotor faz pouso for\u00e7ado em meio a carros e caminh\u00f5es na BR-101 em SC"},"content":{"rendered":"\n<p class=\"has-medium-font-size\"><strong>Registro foi feito em Garuva, no Norte catarinense, neste s\u00e1bado. Segundo a PRF, havia duas pessoas a bordo e ningu\u00e9m se feriu.<\/strong><\/p>\n\n\n\n<p><strong>Por Sofia Mayer, g1 SC<\/strong><\/p>\n\n\n\n<figure class=\"wp-block-image aligncenter size-full\"><a href=\"https:\/\/i0.wp.com\/blogdoeloiltoncajuhy.com.br\/site\/wp-content\/uploads\/2025\/04\/Aviao-monomotor-precisou-fazer-um-pouso-forcado-na-BR-101-em-Garuva-SC-%E2%80%94-Foto-Reproducao.png?ssl=1\"><img data-recalc-dims=\"1\" fetchpriority=\"high\" decoding=\"async\" width=\"490\" height=\"452\" src=\"https:\/\/i0.wp.com\/blogdoeloiltoncajuhy.com.br\/site\/wp-content\/uploads\/2025\/04\/Aviao-monomotor-precisou-fazer-um-pouso-forcado-na-BR-101-em-Garuva-SC-%E2%80%94-Foto-Reproducao.png?resize=490%2C452&#038;ssl=1\" alt=\"\" class=\"wp-image-86910\" srcset=\"https:\/\/i0.wp.com\/blogdoeloiltoncajuhy.com.br\/site\/wp-content\/uploads\/2025\/04\/Aviao-monomotor-precisou-fazer-um-pouso-forcado-na-BR-101-em-Garuva-SC-%E2%80%94-Foto-Reproducao.png?w=490&amp;ssl=1 490w, https:\/\/i0.wp.com\/blogdoeloiltoncajuhy.com.br\/site\/wp-content\/uploads\/2025\/04\/Aviao-monomotor-precisou-fazer-um-pouso-forcado-na-BR-101-em-Garuva-SC-%E2%80%94-Foto-Reproducao.png?resize=300%2C277&amp;ssl=1 300w\" sizes=\"(max-width: 490px) 100vw, 490px\" \/><\/a><figcaption class=\"wp-element-caption\"><sub>Avi\u00e3o monomotor precisou fazer um pouso for\u00e7ado na BR-101 em Garuva (SC) \u2014 Foto: Reprodu\u00e7\u00e3o<\/sub><\/figcaption><\/figure>\n\n\n\n<p>Um avi\u00e3o monomotor precisou realizar um pouso for\u00e7ado na BR-101 em Garuva, no Norte de Santa Catarina, neste s\u00e1bado (5). Segundo a Pol\u00edcia Rodovi\u00e1ria Federal (PRF), havia duas pessoas a bordo, o piloto e o propriet\u00e1rio do avi\u00e3o, e ningu\u00e9m se feriu.<\/p>\n\n\n\n<p>V\u00eddeo feito por ocupantes de um ve\u00edculo mostra o avi\u00e3o de pequeno porte pousando em meio a carros e caminh\u00f5es. Ele n\u00e3o colidiu com nenhum ve\u00edculo.<\/p>\n\n\n\n<p><a href=\"https:\/\/whatsapp.com\/channel\/0029VaAT7tDLI8Yfj5y9Z50Z\"><strong><mark style=\"background-color:rgba(0, 0, 0, 0)\" class=\"has-inline-color has-vivid-red-color\">Siga nosso canal no WhatsApp e veja mais not\u00edcias<\/mark><\/strong><\/a><\/p>\n\n\n\n<p>O incidente ocorreu por volta das 11h50 no quil\u00f4metro 15 da rodovia, sentido Porto Alegre (RS), segundo a PRF.<\/p>\n\n\n\n<p>A pol\u00edcia informou que os ocupantes do avi\u00e3o sa\u00edram do aeroclube de Garuva com destino a Joinville, na mesma regi\u00e3o, mas uma pane no motor obrigou o piloto a fazer um pouso de emerg\u00eancia na rodovia.<\/p>\n\n\n\n<p>A aeronave parou no acostamento e, \u00e0s 12h40, j\u00e1 havia sido retirada, de acordo com a Arteris Litoral Sul, concession\u00e1ria respons\u00e1vel pelo trecho. As faixas est\u00e3o liberadas.<\/p>\n\n\n\n<p>O <strong>g1<\/strong> questionou a For\u00e7a A\u00e9rea Brasileira (FAB) se o incidente ser\u00e1 investigado, mas n\u00e3o teve retorno at\u00e9 a \u00faltima atualiza\u00e7\u00e3o da reportagem.<\/p>\n\n\n\n<h4 class=\"wp-block-heading\"><strong><mark style=\"background-color:rgba(0, 0, 0, 0)\" class=\"has-inline-color has-black-color\">Avalia\u00e7\u00e3o<\/mark><\/strong><\/h4>\n\n\n\n<p>\u00c0s 13h30, segundo a PRF, mec\u00e2nicos avaliavam a aeronave, que foi empurrada e colocada para fora da pista.<\/p>\n\n\n\n<p>Se houver condi\u00e7\u00f5es de voo, a rodovia ser\u00e1 fechada pela pol\u00edcia para a decolagem. Caso isso n\u00e3o ocorra, as asas ser\u00e3o retiradas e a aeronave ser\u00e1 retirada por um caminh\u00e3o apropriado.<\/p>\n","protected":false},"excerpt":{"rendered":"<p>Registro foi feito em Garuva, no Norte catarinense, neste s\u00e1bado. Segundo a PRF, havia duas pessoas a bordo e ningu\u00e9m se feriu. Por Sofia Mayer, g1 SC Um avi\u00e3o monomotor precisou realizar um pouso for\u00e7ado na BR-101 em Garuva, no Norte de Santa Catarina, neste s\u00e1bado (5). Segundo a Pol\u00edcia Rodovi\u00e1ria Federal (PRF), havia duas [&hellip;]<\/p>\n","protected":false},"author":2,"featured_media":86910,"comment_status":"open","ping_status":"open","sticky":false,"template":"","format":"standard","meta":{"_acf_changed":false,"_monsterinsights_skip_tracking":false,"_monsterinsights_sitenote_active":false,"_monsterinsights_sitenote_note":"","_monsterinsights_sitenote_category":0,"_jetpack_memberships_contains_paid_content":false,"footnotes":"","jetpack_publicize_message":"","jetpack_publicize_feature_enabled":true,"jetpack_social_post_already_shared":true,"jetpack_social_options":{"image_generator_settings":{"template":"highway","default_image_id":0,"font":"","enabled":false},"version":2}},"categories":[1],"tags":[],"class_list":["post-86909","post","type-post","status-publish","format-standard","has-post-thumbnail","hentry","category-noticias"],"acf":[],"jetpack_publicize_connections":[],"jetpack_featured_media_url":"https:\/\/i0.wp.com\/blogdoeloiltoncajuhy.com.br\/site\/wp-content\/uploads\/2025\/04\/Aviao-monomotor-precisou-fazer-um-pouso-forcado-na-BR-101-em-Garuva-SC-%E2%80%94-Foto-Reproducao.png?fit=490%2C452&ssl=1","jetpack_sharing_enabled":true,"publishpress_future_workflow_manual_trigger":{"enabledWorkflows":[]},"_links":{"self":[{"href":"https:\/\/blogdoeloiltoncajuhy.com.br\/site\/wp-json\/wp\/v2\/posts\/86909","targetHints":{"allow":["GET"]}}],"collection":[{"href":"https:\/\/blogdoeloiltoncajuhy.com.br\/site\/wp-json\/wp\/v2\/posts"}],"about":[{"href":"https:\/\/blogdoeloiltoncajuhy.com.br\/site\/wp-json\/wp\/v2\/types\/post"}],"author":[{"embeddable":true,"href":"https:\/\/blogdoeloiltoncajuhy.com.br\/site\/wp-json\/wp\/v2\/users\/2"}],"replies":[{"embeddable":true,"href":"https:\/\/blogdoeloiltoncajuhy.com.br\/site\/wp-json\/wp\/v2\/comments?post=86909"}],"version-history":[{"count":1,"href":"https:\/\/blogdoeloiltoncajuhy.com.br\/site\/wp-json\/wp\/v2\/posts\/86909\/revisions"}],"predecessor-version":[{"id":86911,"href":"https:\/\/blogdoeloiltoncajuhy.com.br\/site\/wp-json\/wp\/v2\/posts\/86909\/revisions\/86911"}],"wp:featuredmedia":[{"embeddable":true,"href":"https:\/\/blogdoeloiltoncajuhy.com.br\/site\/wp-json\/wp\/v2\/media\/86910"}],"wp:attachment":[{"href":"https:\/\/blogdoeloiltoncajuhy.com.br\/site\/wp-json\/wp\/v2\/media?parent=86909"}],"wp:term":[{"taxonomy":"category","embeddable":true,"href":"https:\/\/blogdoeloiltoncajuhy.com.br\/site\/wp-json\/wp\/v2\/categories?post=86909"},{"taxonomy":"post_tag","embeddable":true,"href":"https:\/\/blogdoeloiltoncajuhy.com.br\/site\/wp-json\/wp\/v2\/tags?post=86909"}],"curies":[{"name":"wp","href":"https:\/\/api.w.org\/{rel}","templated":true}]}}