{"id":86904,"date":"2025-04-04T18:00:21","date_gmt":"2025-04-04T21:00:21","guid":{"rendered":"https:\/\/blogdoeloiltoncajuhy.com.br\/site\/?p=86904"},"modified":"2025-04-04T18:01:39","modified_gmt":"2025-04-04T21:01:39","slug":"caciques-do-uniao-brasil-faltam-a-evento-para-lancar-caiado-ao-planalto-partido-enfrenta-disputa-interna","status":"publish","type":"post","link":"https:\/\/blogdoeloiltoncajuhy.com.br\/site\/caciques-do-uniao-brasil-faltam-a-evento-para-lancar-caiado-ao-planalto-partido-enfrenta-disputa-interna\/","title":{"rendered":"Caciques do Uni\u00e3o Brasil faltam a evento para lan\u00e7ar Caiado ao Planalto; partido enfrenta disputa interna"},"content":{"rendered":"\n<p class=\"has-medium-font-size\"><strong>ACM Neto e Sergio Moro prestigiaram governador de Goi\u00e1s; j\u00e1 os presidentes da sigla, Antonio Rueda, e do Senado, Davi Alcolumbre, n\u00e3o apareceram.<\/strong><\/p>\n\n\n\n<p><strong>Por Pedro Figueiredo, GloboNews<\/strong> \u2014 Bras\u00edlia<\/p>\n\n\n\n<figure class=\"wp-block-image aligncenter size-full is-resized\"><a href=\"https:\/\/i0.wp.com\/blogdoeloiltoncajuhy.com.br\/site\/wp-content\/uploads\/2025\/04\/Caiado-se-lanca-pre-candidato-a-Presidencia-%E2%80%94-Foto-Malu-Vieira-g1-BA.jpeg?ssl=1\"><img data-recalc-dims=\"1\" fetchpriority=\"high\" decoding=\"async\" width=\"720\" height=\"540\" src=\"https:\/\/i0.wp.com\/blogdoeloiltoncajuhy.com.br\/site\/wp-content\/uploads\/2025\/04\/Caiado-se-lanca-pre-candidato-a-Presidencia-%E2%80%94-Foto-Malu-Vieira-g1-BA.jpeg?resize=720%2C540&#038;ssl=1\" alt=\"\" class=\"wp-image-86905\" style=\"width:635px;height:auto\" srcset=\"https:\/\/i0.wp.com\/blogdoeloiltoncajuhy.com.br\/site\/wp-content\/uploads\/2025\/04\/Caiado-se-lanca-pre-candidato-a-Presidencia-%E2%80%94-Foto-Malu-Vieira-g1-BA.jpeg?w=720&amp;ssl=1 720w, https:\/\/i0.wp.com\/blogdoeloiltoncajuhy.com.br\/site\/wp-content\/uploads\/2025\/04\/Caiado-se-lanca-pre-candidato-a-Presidencia-%E2%80%94-Foto-Malu-Vieira-g1-BA.jpeg?resize=300%2C225&amp;ssl=1 300w\" sizes=\"(max-width: 720px) 100vw, 720px\" \/><\/a><figcaption class=\"wp-element-caption\"><sub>Caiado se lan\u00e7a pr\u00e9-candidato \u00e0 Presid\u00eancia pelo Uni\u00e3o Brasil em evento em Salvador \u2014 Foto: Malu Vieira\/g1 BA<\/sub><\/figcaption><\/figure>\n\n\n\n<p>Faltando um ano e meio para os eleitores irem de fato \u00e0s urnas, a campanha presidencial de 2026 j\u00e1 come\u00e7a a ganhar corpo. O governador de Goi\u00e1s, Ronaldo Caiado (Uni\u00e3o Brasil), lan\u00e7ou seu nome como pr\u00e9-candidato ao Pal\u00e1cio do Planalto nesta sexta-feira (4), em um evento em Salvador (BA).<\/p>\n\n\n\n<p>O evento, no entanto, deixou evidente que, al\u00e9m da disputa externa com os demais partidos e aspirantes ao Planalto, h\u00e1 tamb\u00e9m batalhas a resolver no pr\u00f3prio Uni\u00e3o Brasil.<\/p>\n\n\n\n<ul class=\"wp-block-list\">\n<li>O presidente do partido, Ant\u00f4nio Rueda, e o presidente do Senado, Davi Alcolumbre (Uni\u00e3o-AP), n\u00e3o compareceram ao evento de Caiado.<\/li>\n<\/ul>\n\n\n\n<ul class=\"wp-block-list\">\n<li>O maior representante da sigla foi o vice-presidente nacional e ex-prefeito de Salvador, ACM Neto.<\/li>\n<\/ul>\n\n\n\n<p><\/p>\n\n\n\n<p>Caiado come\u00e7ou a pr\u00e9-campanha nesta sexta recebendo um t\u00edtulo de &#8220;cidad\u00e3o baiano&#8221; \u2013 que havia sido concedido a ele pelo ent\u00e3o deputado estadual e atual prefeito de Salvador, Bruno Reis, tamb\u00e9m do Uni\u00e3o Brasil.<\/p>\n\n\n\n<p>H\u00e1 dois dias, o governador tem cumprido agenda na capital baiana, fazendo reuni\u00f5es com setores produtivos do estado (agricultura, ind\u00fastria e com\u00e9rcio).<\/p>\n\n\n\n<p>Em seu pronunciamento, Caiado defendeu melhoria na atividade econ\u00f4mica, nos \u00edndices educacionais e principalmente na \u00e1rea da seguran\u00e7a p\u00fablica.<\/p>\n\n\n\n<p>\u201cNunca passei a m\u00e3o na cabe\u00e7a de bandido. Nunca fiz concess\u00e3o a bandidagem desde que me entendo por gente. Quando eu falo de seguran\u00e7a p\u00fablica n\u00e3o \u00e9 porque \u00e9 apenas uma das responsabilidades de governador. Eu falo porque no estado democr\u00e1tico de direito quando se tem seguran\u00e7a p\u00fablica se tem gest\u00e3o plena. \u00c9 uma tema transversal. Quando eu assumi Goi\u00e1s, o estado era a Disneyl\u00e2ndia da criminalidade\u201d, afirmou o agora pr\u00e9-candidato.<\/p>\n\n\n\n<p><a href=\"https:\/\/whatsapp.com\/channel\/0029VaAT7tDLI8Yfj5y9Z50Z\"><strong><mark style=\"background-color:rgba(0, 0, 0, 0)\" class=\"has-inline-color has-vivid-red-color\">Siga nosso canal no WhatsApp e veja mais not\u00edcias<\/mark><\/strong><\/a><\/p>\n\n\n\n<ul class=\"wp-block-list\">\n<li>O status de &#8220;pr\u00e9-candidato&#8221; n\u00e3o \u00e9 algo formalizado junto \u00e0 Justi\u00e7a Eleitoral. As candidaturas s\u00f3 ser\u00e3o registradas formalmente em 2026, dentro do calend\u00e1rio estipulado pelo Tribunal Superior Eleitoral (TSE). Antes disso, qualquer cidad\u00e3o pode se dizer candidato.<\/li>\n<\/ul>\n\n\n\n<ul class=\"wp-block-list\">\n<li>Pol\u00edticos que j\u00e1 t\u00eam cargo p\u00fablico \u2013 como Caiado, atual governador de Goi\u00e1s \u2013 podem mencionar a candidatura e exaltar suas pr\u00f3prias qualidades, mas n\u00e3o podem usar o mandato para fazer pedido expl\u00edcito de votos, por exemplo.<\/li>\n<\/ul>\n\n\n\n<p><\/p>\n\n\n\n<h4 class=\"wp-block-heading\"><strong><mark style=\"background-color:rgba(0, 0, 0, 0)\" class=\"has-inline-color has-black-color\">Presentes e ausentes<\/mark><\/strong><\/h4>\n\n\n\n<p>O evento reuniu deputados federais, senadores e prefeitos. Pelo Uni\u00e3o Brasil, o presidente da Comiss\u00e3o de Constitui\u00e7\u00e3o e Justi\u00e7a da C\u00e2mara, Paulo Azi (Uniao-BA), era um deles, Assim como senador S\u00e9rgio Moro (Uniao-PR).<\/p>\n\n\n\n<p>Estiveram presentes tamb\u00e9m figuras de outros partidos \u2013 o senador Vanderlan Cardoso (PSD-GO), o presidente nacional do Solidariedade, Paulinho da For\u00e7a (SP), e o deputado federal Otoni de Paula (MDB-RJ), entre outros.<\/p>\n\n\n\n<p>Tr\u00eas prefeitos de capitais comandadas pelo Uni\u00e3o Brasil estiveram na cerim\u00f4nia. Al\u00e9m de Bruno Reis, compareceram Paulinho Freire, de Natal, e Sandro Mabel, de Goi\u00e2nia.<\/p>\n\n\n\n<p>Ainda assim, ganharam destaque as aus\u00eancias dos principais caciques do partido \u2013 que evidenciam o racha interno na legenda.<\/p>\n","protected":false},"excerpt":{"rendered":"<p>ACM Neto e Sergio Moro prestigiaram governador de Goi\u00e1s; j\u00e1 os presidentes da sigla, Antonio Rueda, e do Senado, Davi Alcolumbre, n\u00e3o apareceram. Por Pedro Figueiredo, GloboNews \u2014 Bras\u00edlia Faltando um ano e meio para os eleitores irem de fato \u00e0s urnas, a campanha presidencial de 2026 j\u00e1 come\u00e7a a ganhar corpo. O governador de [&hellip;]<\/p>\n","protected":false},"author":2,"featured_media":86905,"comment_status":"open","ping_status":"open","sticky":false,"template":"","format":"standard","meta":{"_acf_changed":false,"_monsterinsights_skip_tracking":false,"_monsterinsights_sitenote_active":false,"_monsterinsights_sitenote_note":"","_monsterinsights_sitenote_category":0,"_jetpack_memberships_contains_paid_content":false,"footnotes":"","jetpack_publicize_message":"","jetpack_publicize_feature_enabled":true,"jetpack_social_post_already_shared":true,"jetpack_social_options":{"image_generator_settings":{"template":"highway","default_image_id":0,"font":"","enabled":false},"version":2}},"categories":[3],"tags":[],"class_list":["post-86904","post","type-post","status-publish","format-standard","has-post-thumbnail","hentry","category-politica"],"acf":[],"jetpack_publicize_connections":[],"jetpack_featured_media_url":"https:\/\/i0.wp.com\/blogdoeloiltoncajuhy.com.br\/site\/wp-content\/uploads\/2025\/04\/Caiado-se-lanca-pre-candidato-a-Presidencia-%E2%80%94-Foto-Malu-Vieira-g1-BA.jpeg?fit=720%2C540&ssl=1","jetpack_sharing_enabled":true,"publishpress_future_workflow_manual_trigger":{"enabledWorkflows":[]},"_links":{"self":[{"href":"https:\/\/blogdoeloiltoncajuhy.com.br\/site\/wp-json\/wp\/v2\/posts\/86904","targetHints":{"allow":["GET"]}}],"collection":[{"href":"https:\/\/blogdoeloiltoncajuhy.com.br\/site\/wp-json\/wp\/v2\/posts"}],"about":[{"href":"https:\/\/blogdoeloiltoncajuhy.com.br\/site\/wp-json\/wp\/v2\/types\/post"}],"author":[{"embeddable":true,"href":"https:\/\/blogdoeloiltoncajuhy.com.br\/site\/wp-json\/wp\/v2\/users\/2"}],"replies":[{"embeddable":true,"href":"https:\/\/blogdoeloiltoncajuhy.com.br\/site\/wp-json\/wp\/v2\/comments?post=86904"}],"version-history":[{"count":2,"href":"https:\/\/blogdoeloiltoncajuhy.com.br\/site\/wp-json\/wp\/v2\/posts\/86904\/revisions"}],"predecessor-version":[{"id":86907,"href":"https:\/\/blogdoeloiltoncajuhy.com.br\/site\/wp-json\/wp\/v2\/posts\/86904\/revisions\/86907"}],"wp:featuredmedia":[{"embeddable":true,"href":"https:\/\/blogdoeloiltoncajuhy.com.br\/site\/wp-json\/wp\/v2\/media\/86905"}],"wp:attachment":[{"href":"https:\/\/blogdoeloiltoncajuhy.com.br\/site\/wp-json\/wp\/v2\/media?parent=86904"}],"wp:term":[{"taxonomy":"category","embeddable":true,"href":"https:\/\/blogdoeloiltoncajuhy.com.br\/site\/wp-json\/wp\/v2\/categories?post=86904"},{"taxonomy":"post_tag","embeddable":true,"href":"https:\/\/blogdoeloiltoncajuhy.com.br\/site\/wp-json\/wp\/v2\/tags?post=86904"}],"curies":[{"name":"wp","href":"https:\/\/api.w.org\/{rel}","templated":true}]}}