{"id":86893,"date":"2025-04-04T20:30:00","date_gmt":"2025-04-04T23:30:00","guid":{"rendered":"https:\/\/blogdoeloiltoncajuhy.com.br\/site\/?p=86893"},"modified":"2025-04-04T15:08:26","modified_gmt":"2025-04-04T18:08:26","slug":"paz-interior-em-tempos-de-turbulencia","status":"publish","type":"post","link":"https:\/\/blogdoeloiltoncajuhy.com.br\/site\/paz-interior-em-tempos-de-turbulencia\/","title":{"rendered":"Paz interior em tempos de turbul\u00eancia"},"content":{"rendered":"\n<p><strong>Blog do Eloilton Cajuhy &#8211; BEC<\/strong><\/p>\n\n\n\n<figure class=\"wp-block-image aligncenter size-full is-resized\"><a href=\"https:\/\/i0.wp.com\/blogdoeloiltoncajuhy.com.br\/site\/wp-content\/uploads\/2025\/04\/Imagem-Meta-IA-2025-04-04-Paz-interior-02.jpeg\"><img data-recalc-dims=\"1\" fetchpriority=\"high\" decoding=\"async\" width=\"600\" height=\"600\" src=\"https:\/\/i0.wp.com\/blogdoeloiltoncajuhy.com.br\/site\/wp-content\/uploads\/2025\/04\/Imagem-Meta-IA-2025-04-04-Paz-interior-02.jpeg?resize=600%2C600\" alt=\"\" class=\"wp-image-86895\" style=\"width:504px;height:auto\" srcset=\"https:\/\/i0.wp.com\/blogdoeloiltoncajuhy.com.br\/site\/wp-content\/uploads\/2025\/04\/Imagem-Meta-IA-2025-04-04-Paz-interior-02.jpeg?w=600&amp;ssl=1 600w, https:\/\/i0.wp.com\/blogdoeloiltoncajuhy.com.br\/site\/wp-content\/uploads\/2025\/04\/Imagem-Meta-IA-2025-04-04-Paz-interior-02.jpeg?resize=300%2C300&amp;ssl=1 300w, https:\/\/i0.wp.com\/blogdoeloiltoncajuhy.com.br\/site\/wp-content\/uploads\/2025\/04\/Imagem-Meta-IA-2025-04-04-Paz-interior-02.jpeg?resize=150%2C150&amp;ssl=1 150w\" sizes=\"(max-width: 600px) 100vw, 600px\" \/><\/a><figcaption class=\"wp-element-caption\"><sub>Viver com prop\u00f3sito e paz<\/sub><\/figcaption><\/figure>\n\n\n\n<p>Se tem uma coisa que eu aprendo a cada dia, \u00e9 que a vida \u00e9 cheia de desafios. E p\u00f5e desafios nisso. \u00c0s vezes a vontade \u00e9 de sair correndo. Noutras, vem a calmaria. Nada \u00e9 constante. Tudo \u00e9 instante. Tudo pode ser perene. Mas, nada deve ser incerto. Ao mesmo tempo em que tudo me conduz, nem tudo me conv\u00e9m.<\/p>\n\n\n\n<p>Ao primeiro sinal de incerteza, aparenta-me haver algo de errado. Mas, nem sempre, no que eu julgo estar errado. Por vezes as minhas fragilidades me imp\u00f5em condi\u00e7\u00f5es as quais jamais me imaginaria, caso n\u00e3o me auto sabotasse tanto. E esse, de longe, \u00e9 o maior dos meus erros. Assim sendo, n\u00e3o posso atribuir a ningu\u00e9m os meus desencontros.<\/p>\n\n\n\n<p>O percurso, por vezes, me parece escorregadio. Tento me equilibrar, mas sinto como se o ch\u00e3o se esquivasse dos meus p\u00e9s. E que louco: concentro-me e sinto as coisas se reorganizarem. Talvez seja esse ponto de equil\u00edbrio que me falte. Focar de maneira positiva, quem sabe!? Acreditar que, por mais dif\u00edcil que pare\u00e7am os fatos, h\u00e1 sempre \u201cn\u2019s\u201d possibilidades das coisas darem certo.<\/p>\n\n\n\n<p><a href=\"https:\/\/whatsapp.com\/channel\/0029VaAT7tDLI8Yfj5y9Z50Z\"><strong><mark style=\"background-color:rgba(0, 0, 0, 0)\" class=\"has-inline-color has-vivid-red-color\">Siga nosso canal no WhatsApp e veja mais not\u00edcias<\/mark><\/strong><\/a><\/p>\n\n\n\n<p>Olho ao meu redor, sobretudo, quando julgo n\u00e3o estar bem, e percebo quantas pessoas de fato est\u00e3o em condi\u00e7\u00f5es mais sens\u00edveis que as minhas. Sinto que, na maioria das vezes, chega a ser desonesta a forma com que encaro as circunst\u00e2ncias. Eu diria at\u00e9 que \u00e9 indelicada a minha vis\u00e3o de mundo. J\u00e1 que, em muitos momentos, o sapato que o outro cal\u00e7a est\u00e1 bem mais apertado que o meu.<\/p>\n\n\n\n<p>Hospitais lotados de pessoas que dariam a vida para ter mais um minuto a mais. Ruas repletas de pessoas que dariam tudo para possuir um lar. Casas lotadas de pessoas e vazias de sentimentos. Empregos cheios de pessoas insatisfeitas com as suas fun\u00e7\u00f5es. Pessoas que almejam uma oportunidade de mostrar o quanto s\u00e3o capazes. Tudo isso beira um desequil\u00edbrio absurdo, porque nunca estamos satisfeitos com o que temos, ou n\u00e3o portamos o que julgamos merecer.<\/p>\n\n\n\n<p>Respire. Medite. Repouse os pensamentos. Fa\u00e7a uma viagem. Durma at\u00e9 tarde. Leia um livro. Viva. Ame. Se ame! \u00c9 salutar manter uma rotina. Mas, lembre-se: evitar o que nos tira a paz \u00e9 indispens\u00e1vel. Viver de modo que o amanh\u00e3 s\u00f3 fa\u00e7a sentido se o hoje tiver sido agrad\u00e1vel, pode at\u00e9 parecer loucura, mas certamente n\u00e3o \u00e9 nada saud\u00e1vel. Fazer do amanh\u00e3 um dia melhor do que o que foi vivido hoje \u00e9 a maneira mais saud\u00e1vel de provar o quando a vida \u00e9 importante.<\/p>\n\n\n\n<p class=\"has-black-color has-text-color has-link-color wp-elements-6cbd59e3f9630838329f5382e80582b2\"><strong>C\u00e1tia Lopes<\/strong><\/p>\n","protected":false},"excerpt":{"rendered":"<p>Blog do Eloilton Cajuhy &#8211; BEC Se tem uma coisa que eu aprendo a cada dia, \u00e9 que a vida \u00e9 cheia de desafios. E p\u00f5e desafios nisso. \u00c0s vezes a vontade \u00e9 de sair correndo. Noutras, vem a calmaria. Nada \u00e9 constante. Tudo \u00e9 instante. Tudo pode ser perene. Mas, nada deve ser incerto. [&hellip;]<\/p>\n","protected":false},"author":2,"featured_media":86895,"comment_status":"open","ping_status":"open","sticky":false,"template":"","format":"standard","meta":{"_acf_changed":false,"_monsterinsights_skip_tracking":false,"_monsterinsights_sitenote_active":false,"_monsterinsights_sitenote_note":"","_monsterinsights_sitenote_category":0,"_jetpack_memberships_contains_paid_content":false,"footnotes":"","jetpack_publicize_message":"","jetpack_publicize_feature_enabled":true,"jetpack_social_post_already_shared":true,"jetpack_social_options":{"image_generator_settings":{"template":"highway","default_image_id":0,"font":"","enabled":false},"version":2}},"categories":[9],"tags":[],"class_list":["post-86893","post","type-post","status-publish","format-standard","has-post-thumbnail","hentry","category-reflexao"],"acf":[],"jetpack_publicize_connections":[],"jetpack_featured_media_url":"https:\/\/i0.wp.com\/blogdoeloiltoncajuhy.com.br\/site\/wp-content\/uploads\/2025\/04\/Imagem-Meta-IA-2025-04-04-Paz-interior-02.jpeg?fit=600%2C600&ssl=1","jetpack_sharing_enabled":true,"publishpress_future_workflow_manual_trigger":{"enabledWorkflows":[]},"_links":{"self":[{"href":"https:\/\/blogdoeloiltoncajuhy.com.br\/site\/wp-json\/wp\/v2\/posts\/86893","targetHints":{"allow":["GET"]}}],"collection":[{"href":"https:\/\/blogdoeloiltoncajuhy.com.br\/site\/wp-json\/wp\/v2\/posts"}],"about":[{"href":"https:\/\/blogdoeloiltoncajuhy.com.br\/site\/wp-json\/wp\/v2\/types\/post"}],"author":[{"embeddable":true,"href":"https:\/\/blogdoeloiltoncajuhy.com.br\/site\/wp-json\/wp\/v2\/users\/2"}],"replies":[{"embeddable":true,"href":"https:\/\/blogdoeloiltoncajuhy.com.br\/site\/wp-json\/wp\/v2\/comments?post=86893"}],"version-history":[{"count":1,"href":"https:\/\/blogdoeloiltoncajuhy.com.br\/site\/wp-json\/wp\/v2\/posts\/86893\/revisions"}],"predecessor-version":[{"id":86896,"href":"https:\/\/blogdoeloiltoncajuhy.com.br\/site\/wp-json\/wp\/v2\/posts\/86893\/revisions\/86896"}],"wp:featuredmedia":[{"embeddable":true,"href":"https:\/\/blogdoeloiltoncajuhy.com.br\/site\/wp-json\/wp\/v2\/media\/86895"}],"wp:attachment":[{"href":"https:\/\/blogdoeloiltoncajuhy.com.br\/site\/wp-json\/wp\/v2\/media?parent=86893"}],"wp:term":[{"taxonomy":"category","embeddable":true,"href":"https:\/\/blogdoeloiltoncajuhy.com.br\/site\/wp-json\/wp\/v2\/categories?post=86893"},{"taxonomy":"post_tag","embeddable":true,"href":"https:\/\/blogdoeloiltoncajuhy.com.br\/site\/wp-json\/wp\/v2\/tags?post=86893"}],"curies":[{"name":"wp","href":"https:\/\/api.w.org\/{rel}","templated":true}]}}