{"id":86890,"date":"2025-04-04T08:46:56","date_gmt":"2025-04-04T11:46:56","guid":{"rendered":"https:\/\/blogdoeloiltoncajuhy.com.br\/site\/?p=86890"},"modified":"2025-04-04T08:46:58","modified_gmt":"2025-04-04T11:46:58","slug":"bonfim-igara-vai-ganhar-companhia-da-policia-militar","status":"publish","type":"post","link":"https:\/\/blogdoeloiltoncajuhy.com.br\/site\/bonfim-igara-vai-ganhar-companhia-da-policia-militar\/","title":{"rendered":"Bonfim: Igara vai ganhar Companhia da Pol\u00edcia Militar"},"content":{"rendered":"\n<p class=\"has-medium-font-size\"><strong>Iniciativa vai oferecer mais seguran\u00e7a ao distrito e localidades.<\/strong><\/p>\n\n\n\n<p><strong>Por Blog do Eloilton Cajuhy &#8211; BEC<\/strong><\/p>\n\n\n\n<figure class=\"wp-block-image aligncenter size-full is-resized\"><a href=\"https:\/\/i0.wp.com\/blogdoeloiltoncajuhy.com.br\/site\/wp-content\/uploads\/2025\/04\/PM-Bonfim_Companhia-PM-Igara.jpeg?ssl=1\"><img data-recalc-dims=\"1\" fetchpriority=\"high\" decoding=\"async\" width=\"800\" height=\"397\" src=\"https:\/\/i0.wp.com\/blogdoeloiltoncajuhy.com.br\/site\/wp-content\/uploads\/2025\/04\/PM-Bonfim_Companhia-PM-Igara.jpeg?resize=800%2C397&#038;ssl=1\" alt=\"\" class=\"wp-image-86891\" style=\"width:727px;height:auto\" srcset=\"https:\/\/i0.wp.com\/blogdoeloiltoncajuhy.com.br\/site\/wp-content\/uploads\/2025\/04\/PM-Bonfim_Companhia-PM-Igara.jpeg?w=840&amp;ssl=1 840w, https:\/\/i0.wp.com\/blogdoeloiltoncajuhy.com.br\/site\/wp-content\/uploads\/2025\/04\/PM-Bonfim_Companhia-PM-Igara.jpeg?resize=300%2C149&amp;ssl=1 300w, https:\/\/i0.wp.com\/blogdoeloiltoncajuhy.com.br\/site\/wp-content\/uploads\/2025\/04\/PM-Bonfim_Companhia-PM-Igara.jpeg?resize=768%2C381&amp;ssl=1 768w\" sizes=\"(max-width: 800px) 100vw, 800px\" \/><\/a><figcaption class=\"wp-element-caption\"><sub>Foto: Divulga\u00e7\u00e3o \/ 6\u00ba BPM<\/sub><\/figcaption><\/figure>\n\n\n\n<p>O distrito de Igara, interior de Senhor do Bonfim, vai ganhar uma Companhia da Pol\u00edcia Militar. No final da tarde desta quinta-feira (03), o Comandante do 6\u00b0 BPM, Ten. Cel. PM Mascarenhas, realizou uma reuni\u00e3o de planejamento e alinhamento com todo o efetivo que pertencer\u00e1 \u00e0 nova unidade da PM, que se chamar\u00e1 4\u00aa Companhia de Pol\u00edcia Militar.<\/p>\n\n\n\n<p><a href=\"https:\/\/whatsapp.com\/channel\/0029VaAT7tDLI8Yfj5y9Z50Z\"><strong><mark style=\"background-color:rgba(0, 0, 0, 0)\" class=\"has-inline-color has-vivid-red-color\">Siga nosso canal no WhatsApp e veja mais not\u00edcias<\/mark><\/strong><\/a><\/p>\n\n\n\n<p>De acordo com informa\u00e7\u00f5es do 6\u00b0 BPM, a nova Companhia desenvolver\u00e1 suas a\u00e7\u00f5es operacionais, ostensivas e preventivas a partir do distrito de Igara e estar\u00e1 pronta para atender outros distritos e povoados, al\u00e9m de refor\u00e7ar outras companhias destacadas da unidade policial Militar.<\/p>\n\n\n\n<p>A chegada de uma Companhia da PM a Igara, vai levar mais tranquilidade ao seus moradores. H\u00e1 muito tempo, a popula\u00e7\u00e3o do distrito clama por mais seguran\u00e7a em toda sua \u00e1rea, que engloba v\u00e1rias localidades em seu entorno, se tornando um dos maiores distritos do estado da Bahia.<\/p>\n","protected":false},"excerpt":{"rendered":"<p>Iniciativa vai oferecer mais seguran\u00e7a ao distrito e localidades. Por Blog do Eloilton Cajuhy &#8211; BEC O distrito de Igara, interior de Senhor do Bonfim, vai ganhar uma Companhia da Pol\u00edcia Militar. No final da tarde desta quinta-feira (03), o Comandante do 6\u00b0 BPM, Ten. Cel. PM Mascarenhas, realizou uma reuni\u00e3o de planejamento e alinhamento [&hellip;]<\/p>\n","protected":false},"author":2,"featured_media":86891,"comment_status":"open","ping_status":"open","sticky":false,"template":"","format":"standard","meta":{"_acf_changed":false,"_monsterinsights_skip_tracking":false,"_monsterinsights_sitenote_active":false,"_monsterinsights_sitenote_note":"","_monsterinsights_sitenote_category":0,"_jetpack_memberships_contains_paid_content":false,"footnotes":"","jetpack_publicize_message":"","jetpack_publicize_feature_enabled":true,"jetpack_social_post_already_shared":true,"jetpack_social_options":{"image_generator_settings":{"template":"highway","default_image_id":0,"font":"","enabled":false},"version":2}},"categories":[4],"tags":[],"class_list":["post-86890","post","type-post","status-publish","format-standard","has-post-thumbnail","hentry","category-local"],"acf":[],"jetpack_publicize_connections":[],"jetpack_featured_media_url":"https:\/\/i0.wp.com\/blogdoeloiltoncajuhy.com.br\/site\/wp-content\/uploads\/2025\/04\/PM-Bonfim_Companhia-PM-Igara.jpeg?fit=840%2C417&ssl=1","jetpack_sharing_enabled":true,"publishpress_future_workflow_manual_trigger":{"enabledWorkflows":[]},"_links":{"self":[{"href":"https:\/\/blogdoeloiltoncajuhy.com.br\/site\/wp-json\/wp\/v2\/posts\/86890","targetHints":{"allow":["GET"]}}],"collection":[{"href":"https:\/\/blogdoeloiltoncajuhy.com.br\/site\/wp-json\/wp\/v2\/posts"}],"about":[{"href":"https:\/\/blogdoeloiltoncajuhy.com.br\/site\/wp-json\/wp\/v2\/types\/post"}],"author":[{"embeddable":true,"href":"https:\/\/blogdoeloiltoncajuhy.com.br\/site\/wp-json\/wp\/v2\/users\/2"}],"replies":[{"embeddable":true,"href":"https:\/\/blogdoeloiltoncajuhy.com.br\/site\/wp-json\/wp\/v2\/comments?post=86890"}],"version-history":[{"count":1,"href":"https:\/\/blogdoeloiltoncajuhy.com.br\/site\/wp-json\/wp\/v2\/posts\/86890\/revisions"}],"predecessor-version":[{"id":86892,"href":"https:\/\/blogdoeloiltoncajuhy.com.br\/site\/wp-json\/wp\/v2\/posts\/86890\/revisions\/86892"}],"wp:featuredmedia":[{"embeddable":true,"href":"https:\/\/blogdoeloiltoncajuhy.com.br\/site\/wp-json\/wp\/v2\/media\/86891"}],"wp:attachment":[{"href":"https:\/\/blogdoeloiltoncajuhy.com.br\/site\/wp-json\/wp\/v2\/media?parent=86890"}],"wp:term":[{"taxonomy":"category","embeddable":true,"href":"https:\/\/blogdoeloiltoncajuhy.com.br\/site\/wp-json\/wp\/v2\/categories?post=86890"},{"taxonomy":"post_tag","embeddable":true,"href":"https:\/\/blogdoeloiltoncajuhy.com.br\/site\/wp-json\/wp\/v2\/tags?post=86890"}],"curies":[{"name":"wp","href":"https:\/\/api.w.org\/{rel}","templated":true}]}}