{"id":86884,"date":"2025-04-04T08:09:57","date_gmt":"2025-04-04T11:09:57","guid":{"rendered":"https:\/\/blogdoeloiltoncajuhy.com.br\/site\/?p=86884"},"modified":"2025-04-04T08:09:59","modified_gmt":"2025-04-04T11:09:59","slug":"governo-amplia-minha-casa-minha-vida-para-familias-com-renda-ate-r-12-mil","status":"publish","type":"post","link":"https:\/\/blogdoeloiltoncajuhy.com.br\/site\/governo-amplia-minha-casa-minha-vida-para-familias-com-renda-ate-r-12-mil\/","title":{"rendered":"Governo amplia &#8216;Minha Casa, Minha Vida&#8217; para fam\u00edlias com renda at\u00e9 R$ 12 mil"},"content":{"rendered":"\n<p class=\"has-medium-font-size\"><strong>An\u00fancio foi feito durante evento com o presidente Lula na quinta-feira (3). Amplia\u00e7\u00e3o direcionada \u00e0 classe m\u00e9dia deve beneficiar 120 mil fam\u00edlias.<\/strong><\/p>\n\n\n\n<p><strong>Por g1<\/strong><\/p>\n\n\n\n<figure class=\"wp-block-image aligncenter size-full\"><a href=\"https:\/\/i0.wp.com\/blogdoeloiltoncajuhy.com.br\/site\/wp-content\/uploads\/2025\/04\/GOVFED_Programa-Minha-Casa-Mnha-Vida-040425-%E2%80%94-Foto-Divulgacao.jpg?ssl=1\"><img data-recalc-dims=\"1\" fetchpriority=\"high\" decoding=\"async\" width=\"720\" height=\"405\" src=\"https:\/\/i0.wp.com\/blogdoeloiltoncajuhy.com.br\/site\/wp-content\/uploads\/2025\/04\/GOVFED_Programa-Minha-Casa-Mnha-Vida-040425-%E2%80%94-Foto-Divulgacao.jpg?resize=720%2C405&#038;ssl=1\" alt=\"\" class=\"wp-image-86885\" srcset=\"https:\/\/i0.wp.com\/blogdoeloiltoncajuhy.com.br\/site\/wp-content\/uploads\/2025\/04\/GOVFED_Programa-Minha-Casa-Mnha-Vida-040425-%E2%80%94-Foto-Divulgacao.jpg?w=720&amp;ssl=1 720w, https:\/\/i0.wp.com\/blogdoeloiltoncajuhy.com.br\/site\/wp-content\/uploads\/2025\/04\/GOVFED_Programa-Minha-Casa-Mnha-Vida-040425-%E2%80%94-Foto-Divulgacao.jpg?resize=300%2C169&amp;ssl=1 300w\" sizes=\"(max-width: 720px) 100vw, 720px\" \/><\/a><figcaption class=\"wp-element-caption\"><sub>Programa permitir\u00e1 a compra de im\u00f3veis de at\u00e9 R$ 500 mil com financiamentos em at\u00e9 420 meses \u2014 Foto: Divulga\u00e7\u00e3o<\/sub><\/figcaption><\/figure>\n\n\n\n<p>O governo federal ampliou a faixa de renda familiar para a participa\u00e7\u00e3o no programa &#8220;Minha Casa, Minha Vida&#8221; para at\u00e9 R$ 12 mil. Anteriormente, a faixa de renda era de at\u00e9 R$ 8 mil.<\/p>\n\n\n\n<p>A medida foi anunciada nesta quinta-feira (3) no evento \u201cO Brasil dando a volta por cima\u201d, que contou com a presen\u00e7a do presidente Luiz In\u00e1cio Lula da Silva.<\/p>\n\n\n\n<p>De acordo com o an\u00fancio do governo, a amplia\u00e7\u00e3o do programa social \u00e9 poss\u00edvel porque o Fundo Social do Pr\u00e9-Sal vai passar a compor o or\u00e7amento das Faixas 1 e 2 do programa.<\/p>\n\n\n\n<p><a href=\"https:\/\/whatsapp.com\/channel\/0029VaAT7tDLI8Yfj5y9Z50Z\"><strong><mark style=\"background-color:rgba(0, 0, 0, 0)\" class=\"has-inline-color has-vivid-red-color\">Siga nosso canal no WhatsApp e veja mais not\u00edcias<\/mark><\/strong><\/a><\/p>\n\n\n\n<p>Por conta da amplia\u00e7\u00e3o da faixa de renda, o programa permitir\u00e1 a compra de im\u00f3veis de at\u00e9 R$ 500 mil com financiamentos em at\u00e9 420 meses, com taxa de juros de 10,5% ao ano. H\u00e1 a expectativa de que 120 mil fam\u00edlias passam a se beneficiar pela mudan\u00e7a, direcionada \u00e0 classe m\u00e9dia.<\/p>\n\n\n\n<p>\u201cEstamos refor\u00e7ando o Minha Casa, Minha Vida, para que ele possa atender a mais brasileiros. Agora a classe m\u00e9dia tamb\u00e9m vai ser beneficiada. A gente tem feito um longo trabalho nestes \u00faltimos dois anos. S\u00e3o milhares de pessoas realizando o sonho da casa pr\u00f3pria\u201d, disse o ministro das Cidades, Jader Filho.<\/p>\n","protected":false},"excerpt":{"rendered":"<p>An\u00fancio foi feito durante evento com o presidente Lula na quinta-feira (3). Amplia\u00e7\u00e3o direcionada \u00e0 classe m\u00e9dia deve beneficiar 120 mil fam\u00edlias. Por g1 O governo federal ampliou a faixa de renda familiar para a participa\u00e7\u00e3o no programa &#8220;Minha Casa, Minha Vida&#8221; para at\u00e9 R$ 12 mil. Anteriormente, a faixa de renda era de at\u00e9 [&hellip;]<\/p>\n","protected":false},"author":2,"featured_media":86885,"comment_status":"open","ping_status":"open","sticky":false,"template":"","format":"standard","meta":{"_acf_changed":false,"_monsterinsights_skip_tracking":false,"_monsterinsights_sitenote_active":false,"_monsterinsights_sitenote_note":"","_monsterinsights_sitenote_category":0,"_jetpack_memberships_contains_paid_content":false,"footnotes":"","jetpack_publicize_message":"","jetpack_publicize_feature_enabled":true,"jetpack_social_post_already_shared":true,"jetpack_social_options":{"image_generator_settings":{"template":"highway","default_image_id":0,"font":"","enabled":false},"version":2}},"categories":[3],"tags":[],"class_list":["post-86884","post","type-post","status-publish","format-standard","has-post-thumbnail","hentry","category-politica"],"acf":[],"jetpack_publicize_connections":[],"jetpack_featured_media_url":"https:\/\/i0.wp.com\/blogdoeloiltoncajuhy.com.br\/site\/wp-content\/uploads\/2025\/04\/GOVFED_Programa-Minha-Casa-Mnha-Vida-040425-%E2%80%94-Foto-Divulgacao.jpg?fit=720%2C405&ssl=1","jetpack_sharing_enabled":true,"publishpress_future_workflow_manual_trigger":{"enabledWorkflows":[]},"_links":{"self":[{"href":"https:\/\/blogdoeloiltoncajuhy.com.br\/site\/wp-json\/wp\/v2\/posts\/86884","targetHints":{"allow":["GET"]}}],"collection":[{"href":"https:\/\/blogdoeloiltoncajuhy.com.br\/site\/wp-json\/wp\/v2\/posts"}],"about":[{"href":"https:\/\/blogdoeloiltoncajuhy.com.br\/site\/wp-json\/wp\/v2\/types\/post"}],"author":[{"embeddable":true,"href":"https:\/\/blogdoeloiltoncajuhy.com.br\/site\/wp-json\/wp\/v2\/users\/2"}],"replies":[{"embeddable":true,"href":"https:\/\/blogdoeloiltoncajuhy.com.br\/site\/wp-json\/wp\/v2\/comments?post=86884"}],"version-history":[{"count":1,"href":"https:\/\/blogdoeloiltoncajuhy.com.br\/site\/wp-json\/wp\/v2\/posts\/86884\/revisions"}],"predecessor-version":[{"id":86886,"href":"https:\/\/blogdoeloiltoncajuhy.com.br\/site\/wp-json\/wp\/v2\/posts\/86884\/revisions\/86886"}],"wp:featuredmedia":[{"embeddable":true,"href":"https:\/\/blogdoeloiltoncajuhy.com.br\/site\/wp-json\/wp\/v2\/media\/86885"}],"wp:attachment":[{"href":"https:\/\/blogdoeloiltoncajuhy.com.br\/site\/wp-json\/wp\/v2\/media?parent=86884"}],"wp:term":[{"taxonomy":"category","embeddable":true,"href":"https:\/\/blogdoeloiltoncajuhy.com.br\/site\/wp-json\/wp\/v2\/categories?post=86884"},{"taxonomy":"post_tag","embeddable":true,"href":"https:\/\/blogdoeloiltoncajuhy.com.br\/site\/wp-json\/wp\/v2\/tags?post=86884"}],"curies":[{"name":"wp","href":"https:\/\/api.w.org\/{rel}","templated":true}]}}