{"id":86872,"date":"2025-04-03T15:48:00","date_gmt":"2025-04-03T18:48:00","guid":{"rendered":"https:\/\/blogdoeloiltoncajuhy.com.br\/site\/?p=86872"},"modified":"2025-04-03T15:48:40","modified_gmt":"2025-04-03T18:48:40","slug":"industria-da-musica-espera-reducao-de-imposto-do-vinil","status":"publish","type":"post","link":"https:\/\/blogdoeloiltoncajuhy.com.br\/site\/industria-da-musica-espera-reducao-de-imposto-do-vinil\/","title":{"rendered":"Ind\u00fastria da m\u00fasica espera redu\u00e7\u00e3o de imposto do vinil"},"content":{"rendered":"\n<p class=\"has-medium-font-size\"><strong>Ministro da Fazenda disse em programa que conversaria com Receita para que produto fosse tratado como artigo cultural.<\/strong><\/p>\n\n\n\n<p><strong>Por Painel S.A\/Folha de S.Paulo<\/strong><\/p>\n\n\n\n<figure class=\"wp-block-image aligncenter size-full\"><a href=\"https:\/\/i0.wp.com\/blogdoeloiltoncajuhy.com.br\/site\/wp-content\/uploads\/2025\/04\/Discos-de-vinil_Foto-Karime-Xavier-Folhapress.jpg?ssl=1\"><img data-recalc-dims=\"1\" fetchpriority=\"high\" decoding=\"async\" width=\"740\" height=\"493\" src=\"https:\/\/i0.wp.com\/blogdoeloiltoncajuhy.com.br\/site\/wp-content\/uploads\/2025\/04\/Discos-de-vinil_Foto-Karime-Xavier-Folhapress.jpg?resize=740%2C493&#038;ssl=1\" alt=\"\" class=\"wp-image-86873\" srcset=\"https:\/\/i0.wp.com\/blogdoeloiltoncajuhy.com.br\/site\/wp-content\/uploads\/2025\/04\/Discos-de-vinil_Foto-Karime-Xavier-Folhapress.jpg?w=740&amp;ssl=1 740w, https:\/\/i0.wp.com\/blogdoeloiltoncajuhy.com.br\/site\/wp-content\/uploads\/2025\/04\/Discos-de-vinil_Foto-Karime-Xavier-Folhapress.jpg?resize=300%2C200&amp;ssl=1 300w\" sizes=\"(max-width: 740px) 100vw, 740px\" \/><\/a><figcaption class=\"wp-element-caption\"><sub>Foto: Karime Xavier\/Folhapress<\/sub><\/figcaption><\/figure>\n\n\n\n<p><a href=\"https:\/\/whatsapp.com\/channel\/0029VaAT7tDLI8Yfj5y9Z50Z\"><strong><mark style=\"background-color:rgba(0, 0, 0, 0)\" class=\"has-inline-color has-vivid-red-color\">Siga nosso canal no WhatsApp e veja mais not\u00edcias<\/mark><\/strong><\/a><\/p>\n\n\n\n<p>A ind\u00fastria nacional da m\u00fasica, que produz instrumentos e discos, cobra uma promessa feita pelo ministro Fernando Haddad (Fazenda) de rever impostos que incidem sobre discos de vinil importados.<\/p>\n\n\n\n<p>A Anafima (Associa\u00e7\u00e3o Nacional da Ind\u00fastria da M\u00fasica) e a deputada Fernanda Pessoa (UB-CE) j\u00e1 pediram uma agenda com o ministro que, em entrevista ao podcast &#8220;Intelig\u00eancia Ltda&#8221;, afirmou que n\u00e3o fazia sentido os discos terem enquadramento diferente de livros e que conversaria sobre isso com o secret\u00e1rio da Receita.<\/p>\n\n\n\n<p>Apesar de defender os discos, a associa\u00e7\u00e3o quer aproveitar a oportunidade para incluir na reivindica\u00e7\u00e3o os tributos incidentes sobre equipamentos musicais e de \u00e1udio em geral.<\/p>\n\n\n\n<p>Somente no caso dos discos, itens de colecionador, que normalmente n\u00e3o integram o cadastro do programa Remessa Conforme, da Receita Federal, acabam custando 88,8% a mais devido \u00e0 incid\u00eancia de tributos. Os importados adquiridos dentro do programa custam, em m\u00e9dia, 41% a mais, um pouco acima dos itens nacionais.<\/p>\n","protected":false},"excerpt":{"rendered":"<p>Ministro da Fazenda disse em programa que conversaria com Receita para que produto fosse tratado como artigo cultural. Por Painel S.A\/Folha de S.Paulo Siga nosso canal no WhatsApp e veja mais not\u00edcias A ind\u00fastria nacional da m\u00fasica, que produz instrumentos e discos, cobra uma promessa feita pelo ministro Fernando Haddad (Fazenda) de rever impostos que [&hellip;]<\/p>\n","protected":false},"author":2,"featured_media":86873,"comment_status":"open","ping_status":"open","sticky":false,"template":"","format":"standard","meta":{"_acf_changed":false,"_monsterinsights_skip_tracking":false,"_monsterinsights_sitenote_active":false,"_monsterinsights_sitenote_note":"","_monsterinsights_sitenote_category":0,"_jetpack_memberships_contains_paid_content":false,"footnotes":"","jetpack_publicize_message":"","jetpack_publicize_feature_enabled":true,"jetpack_social_post_already_shared":true,"jetpack_social_options":{"image_generator_settings":{"template":"highway","default_image_id":0,"font":"","enabled":false},"version":2}},"categories":[8],"tags":[],"class_list":["post-86872","post","type-post","status-publish","format-standard","has-post-thumbnail","hentry","category-cultura"],"acf":[],"jetpack_publicize_connections":[],"jetpack_featured_media_url":"https:\/\/i0.wp.com\/blogdoeloiltoncajuhy.com.br\/site\/wp-content\/uploads\/2025\/04\/Discos-de-vinil_Foto-Karime-Xavier-Folhapress.jpg?fit=740%2C493&ssl=1","jetpack_sharing_enabled":true,"publishpress_future_workflow_manual_trigger":{"enabledWorkflows":[]},"_links":{"self":[{"href":"https:\/\/blogdoeloiltoncajuhy.com.br\/site\/wp-json\/wp\/v2\/posts\/86872","targetHints":{"allow":["GET"]}}],"collection":[{"href":"https:\/\/blogdoeloiltoncajuhy.com.br\/site\/wp-json\/wp\/v2\/posts"}],"about":[{"href":"https:\/\/blogdoeloiltoncajuhy.com.br\/site\/wp-json\/wp\/v2\/types\/post"}],"author":[{"embeddable":true,"href":"https:\/\/blogdoeloiltoncajuhy.com.br\/site\/wp-json\/wp\/v2\/users\/2"}],"replies":[{"embeddable":true,"href":"https:\/\/blogdoeloiltoncajuhy.com.br\/site\/wp-json\/wp\/v2\/comments?post=86872"}],"version-history":[{"count":2,"href":"https:\/\/blogdoeloiltoncajuhy.com.br\/site\/wp-json\/wp\/v2\/posts\/86872\/revisions"}],"predecessor-version":[{"id":86875,"href":"https:\/\/blogdoeloiltoncajuhy.com.br\/site\/wp-json\/wp\/v2\/posts\/86872\/revisions\/86875"}],"wp:featuredmedia":[{"embeddable":true,"href":"https:\/\/blogdoeloiltoncajuhy.com.br\/site\/wp-json\/wp\/v2\/media\/86873"}],"wp:attachment":[{"href":"https:\/\/blogdoeloiltoncajuhy.com.br\/site\/wp-json\/wp\/v2\/media?parent=86872"}],"wp:term":[{"taxonomy":"category","embeddable":true,"href":"https:\/\/blogdoeloiltoncajuhy.com.br\/site\/wp-json\/wp\/v2\/categories?post=86872"},{"taxonomy":"post_tag","embeddable":true,"href":"https:\/\/blogdoeloiltoncajuhy.com.br\/site\/wp-json\/wp\/v2\/tags?post=86872"}],"curies":[{"name":"wp","href":"https:\/\/api.w.org\/{rel}","templated":true}]}}