{"id":86867,"date":"2025-04-03T15:24:08","date_gmt":"2025-04-03T18:24:08","guid":{"rendered":"https:\/\/blogdoeloiltoncajuhy.com.br\/site\/?p=86867"},"modified":"2025-04-03T15:24:10","modified_gmt":"2025-04-03T18:24:10","slug":"operacao-overclean-pf-cumpre-mandados-contra-grupo-suspeito-de-desvios-milionarios","status":"publish","type":"post","link":"https:\/\/blogdoeloiltoncajuhy.com.br\/site\/operacao-overclean-pf-cumpre-mandados-contra-grupo-suspeito-de-desvios-milionarios\/","title":{"rendered":"Opera\u00e7\u00e3o Overclean: PF cumpre mandados contra grupo suspeito de desvios milion\u00e1rios"},"content":{"rendered":"\n<p class=\"has-medium-font-size\"><strong>H\u00e1 16 mandados de busca e apreens\u00e3o e uma ordem de afastamento de servidor p\u00fablico; alvos est\u00e3o em Salvador, S\u00e3o Paulo, Belo Horizonte e Aracaju. Investiga\u00e7\u00e3o estima movimenta\u00e7\u00e3o de R$ 1,4 bilh\u00e3o.<\/strong><\/p>\n\n\n\n<p><strong>Por Jo\u00e3o Souza, Monica Melo, g1 BA e TV Bahia<\/strong><\/p>\n\n\n\n<figure class=\"wp-block-image aligncenter size-full\"><a href=\"https:\/\/i0.wp.com\/blogdoeloiltoncajuhy.com.br\/site\/wp-content\/uploads\/2025\/04\/PF-cumpre-mandados-Overcleen-%E2%80%94-Foto-Policia-Federal.jpeg?ssl=1\"><img data-recalc-dims=\"1\" fetchpriority=\"high\" decoding=\"async\" width=\"700\" height=\"525\" src=\"https:\/\/i0.wp.com\/blogdoeloiltoncajuhy.com.br\/site\/wp-content\/uploads\/2025\/04\/PF-cumpre-mandados-Overcleen-%E2%80%94-Foto-Policia-Federal.jpeg?resize=700%2C525&#038;ssl=1\" alt=\"\" class=\"wp-image-86868\" srcset=\"https:\/\/i0.wp.com\/blogdoeloiltoncajuhy.com.br\/site\/wp-content\/uploads\/2025\/04\/PF-cumpre-mandados-Overcleen-%E2%80%94-Foto-Policia-Federal.jpeg?w=700&amp;ssl=1 700w, https:\/\/i0.wp.com\/blogdoeloiltoncajuhy.com.br\/site\/wp-content\/uploads\/2025\/04\/PF-cumpre-mandados-Overcleen-%E2%80%94-Foto-Policia-Federal.jpeg?resize=300%2C225&amp;ssl=1 300w\" sizes=\"(max-width: 700px) 100vw, 700px\" \/><\/a><figcaption class=\"wp-element-caption\"><sub>PF cumpre mandados contra grupo suspeito de desvios milion\u00e1rios em recursos p\u00fablicos \u2014 Foto: Pol\u00edcia Federal<\/sub><\/figcaption><\/figure>\n\n\n\n<p>A Pol\u00edcia Federal cumpre, nesta quinta-feira (3), 16 mandados de busca e apreens\u00e3o e uma ordem de afastamento cautelar de um servidor p\u00fablico na <strong><mark style=\"background-color:rgba(0, 0, 0, 0)\" class=\"has-inline-color has-black-color\">3\u00aa fase da Opera\u00e7\u00e3o Overclean<\/mark><\/strong>, que investiga um grupo suspeito de atuar em fraudes licitat\u00f3rias, desvio de recursos p\u00fablicos, corrup\u00e7\u00e3o e lavagem de dinheiro.<\/p>\n\n\n\n<p>Os mandados, que foram expedidos pelo Supremo Tribunal Federal (STF), foram cumpridos em Salvador, S\u00e3o Paulo, Belo Horizonte e Aracaju.<\/p>\n\n\n\n<p>A <strong>TV Bahia<\/strong> apurou que dois dos alvos da 3\u00aa fase da opera\u00e7\u00e3o s\u00e3o o <strong><mark style=\"background-color:rgba(0, 0, 0, 0)\" class=\"has-inline-color has-black-color\">empres\u00e1rio Jos\u00e9 Marcos Moura, conhecido como &#8220;Rei do Lixo&#8221;<\/mark><\/strong>, suspeito de atuar como um dos chefes no esquema criminoso, e o secret\u00e1rio de Educa\u00e7\u00e3o de Belo Horizonte, Bruno Barral.<\/p>\n\n\n\n<p><a href=\"https:\/\/whatsapp.com\/channel\/0029VaAT7tDLI8Yfj5y9Z50Z\"><strong><mark style=\"background-color:rgba(0, 0, 0, 0)\" class=\"has-inline-color has-vivid-red-color\">Siga nosso canal no WhatsApp e veja mais not\u00edcias<\/mark><\/strong><\/a><\/p>\n\n\n\n<p>Bruno Barral foi secret\u00e1rio de Educa\u00e7\u00e3o de Salvador entre setembro de 2017 e novembro de 2018. Ele foi alvo de mandados de busca e apreens\u00e3o nesta quinta-feira, nas capitais baiana e mineira.<\/p>\n\n\n\n<p>O <strong>g1<\/strong> e a <strong>TV Bahia<\/strong> tentam contato com as defesas de Jos\u00e9 Marcos Moura e Bruno Barral, mas n\u00e3o conseguiu at\u00e9 a \u00faltima atualiza\u00e7\u00e3o desta reportagem.<\/p>\n\n\n\n<h4 class=\"wp-block-heading\"><strong><mark style=\"background-color:rgba(0, 0, 0, 0)\" class=\"has-inline-color has-black-color\">Atua\u00e7\u00e3o &#8216;sistem\u00e1tica e coordenada&#8217;<\/mark><\/strong><\/h4>\n\n\n\n<figure class=\"wp-block-image aligncenter size-full\"><a href=\"https:\/\/i0.wp.com\/blogdoeloiltoncajuhy.com.br\/site\/wp-content\/uploads\/2025\/04\/PF-cumpre-mandados-Overcleen-02-%E2%80%94-Foto-Policia-Federal.jpeg?ssl=1\"><img data-recalc-dims=\"1\" decoding=\"async\" width=\"700\" height=\"525\" src=\"https:\/\/i0.wp.com\/blogdoeloiltoncajuhy.com.br\/site\/wp-content\/uploads\/2025\/04\/PF-cumpre-mandados-Overcleen-02-%E2%80%94-Foto-Policia-Federal.jpeg?resize=700%2C525&#038;ssl=1\" alt=\"\" class=\"wp-image-86869\" srcset=\"https:\/\/i0.wp.com\/blogdoeloiltoncajuhy.com.br\/site\/wp-content\/uploads\/2025\/04\/PF-cumpre-mandados-Overcleen-02-%E2%80%94-Foto-Policia-Federal.jpeg?w=700&amp;ssl=1 700w, https:\/\/i0.wp.com\/blogdoeloiltoncajuhy.com.br\/site\/wp-content\/uploads\/2025\/04\/PF-cumpre-mandados-Overcleen-02-%E2%80%94-Foto-Policia-Federal.jpeg?resize=300%2C225&amp;ssl=1 300w\" sizes=\"(max-width: 700px) 100vw, 700px\" \/><\/a><figcaption class=\"wp-element-caption\"><sub>PF cumpre mandados contra grupo suspeito de desvios milion\u00e1rios em recursos p\u00fablicos \u2014 Foto: Pol\u00edcia Federal<\/sub><\/figcaption><\/figure>\n\n\n\n<p>A organiza\u00e7\u00e3o criminosa suspeita de promover desvios milion\u00e1rios em recursos p\u00fablicos &#8220;atua de forma sistem\u00e1tica e coordenada pelo menos desde 2021&#8221;, conforme descrito na decis\u00e3o judicial que determinou as pris\u00f5es preventivas de Jos\u00e9 Marcos Moura e outras 15 pessoas, em 2024. Os investigados j\u00e1 est\u00e3o soltos.<\/p>\n\n\n\n<p>O grupo teria movimentado aproximadamente R$ 1,4 bilh\u00e3o. Parte desse montante \u00e9 proveniente de emendas parlamentares e contratos firmados com \u00f3rg\u00e3os p\u00fablicos apenas em 2024.<\/p>\n\n\n\n<p>Inicialmente, o desvio ocorria por meio de contratos superfaturados firmados com o Departamento Nacional de Obras Contra as Secas (DNOCS). Os crimes apurados incluem corrup\u00e7\u00e3o ativa e passiva, peculato, fraude em licita\u00e7\u00f5es e contratos e lavagem de dinheiro.<\/p>\n\n\n\n<h4 class=\"wp-block-heading\"><strong><mark style=\"background-color:rgba(0, 0, 0, 0)\" class=\"has-inline-color has-black-color\">Hist\u00f3rico da opera\u00e7\u00e3o<\/mark><\/strong><\/h4>\n\n\n\n<p>Ainda em dezembro de 2024, uma semana antes da Opera\u00e7\u00e3o Overclean, a Pol\u00edcia Federal apreendeu R$ 1.538.700,00 com suspeitos de desvios milion\u00e1rios em recursos p\u00fablicos. Para os investigadores, n\u00e3o havia d\u00favidas de que o dinheiro tinha origem il\u00edcita e destinava-se ao pagamento de propinas em Bras\u00edlia.<\/p>\n\n\n\n<p>Segundo a Receita Federal, a organiza\u00e7\u00e3o criminosa usava um esquema estruturado para direcionar recursos p\u00fablicos de emendas parlamentares e conv\u00eanios para empresas e indiv\u00edduos ligados a administra\u00e7\u00f5es municipais.<\/p>\n\n\n\n<p>A quantia apreendida dias antes da opera\u00e7\u00e3o foi transportada em um voo particular, que saiu de Salvador para Bras\u00edlia.<\/p>\n\n\n\n<figure class=\"wp-block-image aligncenter size-full\"><a href=\"https:\/\/i0.wp.com\/blogdoeloiltoncajuhy.com.br\/site\/wp-content\/uploads\/2025\/04\/PF-cumpre-mandados-judiciais-em-cinco-estados-%E2%80%94-Foto-Receita-Federal.jpeg?ssl=1\"><img data-recalc-dims=\"1\" decoding=\"async\" width=\"700\" height=\"495\" src=\"https:\/\/i0.wp.com\/blogdoeloiltoncajuhy.com.br\/site\/wp-content\/uploads\/2025\/04\/PF-cumpre-mandados-judiciais-em-cinco-estados-%E2%80%94-Foto-Receita-Federal.jpeg?resize=700%2C495&#038;ssl=1\" alt=\"\" class=\"wp-image-86870\" srcset=\"https:\/\/i0.wp.com\/blogdoeloiltoncajuhy.com.br\/site\/wp-content\/uploads\/2025\/04\/PF-cumpre-mandados-judiciais-em-cinco-estados-%E2%80%94-Foto-Receita-Federal.jpeg?w=700&amp;ssl=1 700w, https:\/\/i0.wp.com\/blogdoeloiltoncajuhy.com.br\/site\/wp-content\/uploads\/2025\/04\/PF-cumpre-mandados-judiciais-em-cinco-estados-%E2%80%94-Foto-Receita-Federal.jpeg?resize=300%2C212&amp;ssl=1 300w\" sizes=\"(max-width: 700px) 100vw, 700px\" \/><\/a><figcaption class=\"wp-element-caption\"><sub>PF cumpre mandados judiciais em cinco estados \u2014 Foto: Receita Federal<\/sub><\/figcaption><\/figure>\n\n\n\n<p>De acordo com a decis\u00e3o judicial, a investiga\u00e7\u00e3o da PF identificou que o <strong><mark style=\"background-color:rgba(0, 0, 0, 0)\" class=\"has-inline-color has-black-color\">empres\u00e1rio Alex Rezende Parente e o ex-coordenador do DNOCS na Bahia, Lucas Maciel Lob\u00e3o Vieira<\/mark><\/strong>, usavam aeronaves para transportar valores em esp\u00e9cie. Os dois foram monitorados desde o hangar, em Salvador, at\u00e9 a abordagem na capital federal.<\/p>\n\n\n\n<p>Atrav\u00e9s de nota, a defesa de Alex Rezende Parente disse que recebeu com surpresa a nova fase da opera\u00e7\u00e3o, porque o investigado &#8220;t\u00eam cumprido rigorosamente todas as medidas judiciais estabelecidas quanto a si&#8221;.<\/p>\n\n\n\n<p>Disse ainda que n\u00e3o pode comentar a decis\u00e3o que determinou a busca e apreens\u00e3o, porque n\u00e3o teve acesso ao teor da medida. Acrescentou tamb\u00e9m que &#8220;todos os fatos ser\u00e3o oportunamente esclarecidos perante as autoridades competentes, assim que tiverem pleno acesso \u00e0 decis\u00e3o e demais elementos dos autos&#8221;.<\/p>\n\n\n\n<p>Al\u00e9m de apreender o dinheiro, a PF colheu depoimentos dos suspeitos envolvidos no ato e constatou &#8220;diversas contradi\u00e7\u00f5es&#8221;. A decis\u00e3o descreveu que &#8220;Alex Rezende alegou que o montante provinha de vendas de equipamentos, enquanto Lucas Lob\u00e3o afirmou desconhecer a exist\u00eancia do dinheiro&#8221;.<\/p>\n\n\n\n<p>Na ocasi\u00e3o, tamb\u00e9m foi apreendida uma planilha &#8220;contendo rela\u00e7\u00e3o de contratos e valores, com men\u00e7\u00e3o a &#8216;MM&#8217; (poss\u00edvel refer\u00eancia a Marcos Moura), totalizando mais de R$ 200 milh\u00f5es em contratos suspeitos no Rio de Janeiro e Amap\u00e1&#8221;.<\/p>\n\n\n\n<p>O <strong>g1<\/strong> procurou a defesa de Alex e Lucas, que preferiu n\u00e3o se posicionar em respeito ao sigilo profissional. Em nota emitida, o advogado Seb\u00e1stian Borges de Albuquerque Mello disse que &#8220;pretendia se manifestar sobre o m\u00e9rito da acusa\u00e7\u00e3o perante as autoridades competentes, no tempo e local adequados&#8221;.<\/p>\n\n\n\n<h4 class=\"wp-block-heading\"><strong><mark style=\"background-color:rgba(0, 0, 0, 0)\" class=\"has-inline-color has-black-color\">Entenda o modus-operandi da organiza\u00e7\u00e3o criminosa<\/mark><\/strong><\/h4>\n\n\n\n<p>A apura\u00e7\u00e3o come\u00e7ou quando os investigadores da Receita Federal descobriram que uma organiza\u00e7\u00e3o criminosa tinha um esquema estruturado para desviar recursos p\u00fablicos. Esses recursos, provenientes de emendas parlamentares e conv\u00eanios, eram direcionados para empresas e pessoas ligadas a administra\u00e7\u00f5es municipais.<\/p>\n\n\n\n<p>As investiga\u00e7\u00f5es constataram a pr\u00e1tica de superfaturamento em obras e desvios de recursos com o apoio de interlocutores que facilitavam a libera\u00e7\u00e3o de verbas destinadas a projetos previamente selecionados pela organiza\u00e7\u00e3o criminosa.<\/p>\n\n\n\n<p class=\"has-black-color has-text-color has-link-color wp-elements-12cb0471e354880409accdb1b8098b31\"><strong>Veja abaixo como o grupo atuava:<\/strong><\/p>\n\n\n\n<ul class=\"wp-block-list\">\n<li>por meio de operadores centrais e regionais, que cooptavam servidores p\u00fablicos para obter vantagens indevidas, tanto no direcionamento quanto na execu\u00e7\u00e3o de contratos;<\/li>\n\n\n\n<li>ap\u00f3s garantir a celebra\u00e7\u00e3o dos contratos fraudulentos, as empresas envolvidas superfaturavam valores e aplicavam pre\u00e7os acima dos pre\u00e7os referenciais de mercado;<\/li>\n\n\n\n<li>os pagamentos de propinas eram realizados por meio de empresas de fachada ou m\u00e9todos que dificultavam a identifica\u00e7\u00e3o da origem dos valores.<\/li>\n<\/ul>\n\n\n\n<p><\/p>\n\n\n\n<p>A Receita Federal informou ainda que as investiga\u00e7\u00f5es apontaram tamb\u00e9m que a lavagem de dinheiro era realizada de forma &#8220;altamente sofisticada&#8221;, incluindo o uso de:<\/p>\n\n\n\n<ul class=\"wp-block-list\">\n<li>empresas de fachada controladas por \u201claranjas\u201d, que movimentavam os recursos il\u00edcitos;<\/li>\n\n\n\n<li>empresas com grande fluxo financeiro em esp\u00e9cie, utilizadas para dissimular a origem dos valores desviados.<\/li>\n<\/ul>\n\n\n\n<p><\/p>\n\n\n\n<p>Relat\u00f3rios elaborados pelo \u00f3rg\u00e3o, em cumprimento \u00e0 ordem judicial, apontaram inconsist\u00eancias fiscais, movimenta\u00e7\u00f5es financeiras incompat\u00edveis, omiss\u00e3o de receitas, utiliza\u00e7\u00e3o de interpostas pessoas e ind\u00edcios de varia\u00e7\u00e3o patrimonial a descoberto.<\/p>\n\n\n\n<p>Os crimes apurados incluem corrup\u00e7\u00e3o ativa e passiva, com penas de 2 a 12 anos de reclus\u00e3o, peculato, fraude em licita\u00e7\u00f5es e contratos e lavagem de dinheiro. As penas somadas podem ultrapassar 50 anos de reclus\u00e3o, al\u00e9m das multas previstas na legisla\u00e7\u00e3o.<\/p>\n","protected":false},"excerpt":{"rendered":"<p>H\u00e1 16 mandados de busca e apreens\u00e3o e uma ordem de afastamento de servidor p\u00fablico; alvos est\u00e3o em Salvador, S\u00e3o Paulo, Belo Horizonte e Aracaju. Investiga\u00e7\u00e3o estima movimenta\u00e7\u00e3o de R$ 1,4 bilh\u00e3o. Por Jo\u00e3o Souza, Monica Melo, g1 BA e TV Bahia A Pol\u00edcia Federal cumpre, nesta quinta-feira (3), 16 mandados de busca e apreens\u00e3o [&hellip;]<\/p>\n","protected":false},"author":2,"featured_media":86868,"comment_status":"open","ping_status":"open","sticky":false,"template":"","format":"standard","meta":{"_acf_changed":false,"_monsterinsights_skip_tracking":false,"_monsterinsights_sitenote_active":false,"_monsterinsights_sitenote_note":"","_monsterinsights_sitenote_category":0,"_jetpack_memberships_contains_paid_content":false,"footnotes":"","jetpack_publicize_message":"","jetpack_publicize_feature_enabled":true,"jetpack_social_post_already_shared":true,"jetpack_social_options":{"image_generator_settings":{"template":"highway","default_image_id":0,"font":"","enabled":false},"version":2}},"categories":[15],"tags":[],"class_list":["post-86867","post","type-post","status-publish","format-standard","has-post-thumbnail","hentry","category-policia"],"acf":[],"jetpack_publicize_connections":[],"jetpack_featured_media_url":"https:\/\/i0.wp.com\/blogdoeloiltoncajuhy.com.br\/site\/wp-content\/uploads\/2025\/04\/PF-cumpre-mandados-Overcleen-%E2%80%94-Foto-Policia-Federal.jpeg?fit=700%2C525&ssl=1","jetpack_sharing_enabled":true,"publishpress_future_workflow_manual_trigger":{"enabledWorkflows":[]},"_links":{"self":[{"href":"https:\/\/blogdoeloiltoncajuhy.com.br\/site\/wp-json\/wp\/v2\/posts\/86867","targetHints":{"allow":["GET"]}}],"collection":[{"href":"https:\/\/blogdoeloiltoncajuhy.com.br\/site\/wp-json\/wp\/v2\/posts"}],"about":[{"href":"https:\/\/blogdoeloiltoncajuhy.com.br\/site\/wp-json\/wp\/v2\/types\/post"}],"author":[{"embeddable":true,"href":"https:\/\/blogdoeloiltoncajuhy.com.br\/site\/wp-json\/wp\/v2\/users\/2"}],"replies":[{"embeddable":true,"href":"https:\/\/blogdoeloiltoncajuhy.com.br\/site\/wp-json\/wp\/v2\/comments?post=86867"}],"version-history":[{"count":1,"href":"https:\/\/blogdoeloiltoncajuhy.com.br\/site\/wp-json\/wp\/v2\/posts\/86867\/revisions"}],"predecessor-version":[{"id":86871,"href":"https:\/\/blogdoeloiltoncajuhy.com.br\/site\/wp-json\/wp\/v2\/posts\/86867\/revisions\/86871"}],"wp:featuredmedia":[{"embeddable":true,"href":"https:\/\/blogdoeloiltoncajuhy.com.br\/site\/wp-json\/wp\/v2\/media\/86868"}],"wp:attachment":[{"href":"https:\/\/blogdoeloiltoncajuhy.com.br\/site\/wp-json\/wp\/v2\/media?parent=86867"}],"wp:term":[{"taxonomy":"category","embeddable":true,"href":"https:\/\/blogdoeloiltoncajuhy.com.br\/site\/wp-json\/wp\/v2\/categories?post=86867"},{"taxonomy":"post_tag","embeddable":true,"href":"https:\/\/blogdoeloiltoncajuhy.com.br\/site\/wp-json\/wp\/v2\/tags?post=86867"}],"curies":[{"name":"wp","href":"https:\/\/api.w.org\/{rel}","templated":true}]}}