{"id":86856,"date":"2025-04-03T08:17:17","date_gmt":"2025-04-03T11:17:17","guid":{"rendered":"https:\/\/blogdoeloiltoncajuhy.com.br\/site\/?p=86856"},"modified":"2025-04-03T08:17:19","modified_gmt":"2025-04-03T11:17:19","slug":"wanda-chase-jornalista-e-apresentadora-morre-ao-passar-por-cirurgia-em-salvador","status":"publish","type":"post","link":"https:\/\/blogdoeloiltoncajuhy.com.br\/site\/wanda-chase-jornalista-e-apresentadora-morre-ao-passar-por-cirurgia-em-salvador\/","title":{"rendered":"Wanda Chase, jornalista e apresentadora, morre ao passar por cirurgia em Salvador"},"content":{"rendered":"\n<p class=\"has-medium-font-size\"><strong>Nascida no Amazonas, Wanda Chase se mudou para a Bahia em 1991, onde se consolidou como jornalista.<\/strong><\/p>\n\n\n\n<p><strong>Por g1 BA<\/strong><\/p>\n\n\n\n<figure class=\"wp-block-image aligncenter size-full is-resized\"><a href=\"https:\/\/i0.wp.com\/blogdoeloiltoncajuhy.com.br\/site\/wp-content\/uploads\/2025\/04\/Wanda-Chase-%E2%80%94-Foto-Reproducao-Redes-Sociais.png?ssl=1\"><img data-recalc-dims=\"1\" fetchpriority=\"high\" decoding=\"async\" width=\"359\" height=\"448\" src=\"https:\/\/i0.wp.com\/blogdoeloiltoncajuhy.com.br\/site\/wp-content\/uploads\/2025\/04\/Wanda-Chase-%E2%80%94-Foto-Reproducao-Redes-Sociais.png?resize=359%2C448&#038;ssl=1\" alt=\"\" class=\"wp-image-86857\" style=\"width:442px;height:auto\" srcset=\"https:\/\/i0.wp.com\/blogdoeloiltoncajuhy.com.br\/site\/wp-content\/uploads\/2025\/04\/Wanda-Chase-%E2%80%94-Foto-Reproducao-Redes-Sociais.png?w=359&amp;ssl=1 359w, https:\/\/i0.wp.com\/blogdoeloiltoncajuhy.com.br\/site\/wp-content\/uploads\/2025\/04\/Wanda-Chase-%E2%80%94-Foto-Reproducao-Redes-Sociais.png?resize=240%2C300&amp;ssl=1 240w\" sizes=\"(max-width: 359px) 100vw, 359px\" \/><\/a><figcaption class=\"wp-element-caption\"><sub>Morre Wanda Chase \u2014 Foto: Reprodu\u00e7\u00e3o\/Redes Sociais<\/sub><\/figcaption><\/figure>\n\n\n\n<p>A jornalista Wanda Chase morreu na noite de quarta-feira (2), ao passar por uma cirurgia de aneurisma da aorta no Hospital Tereza de Lisieux, em Salvador. A rep\u00f3rter e apresentadora trabalhou por 27 anos na TV Bahia, onde se consolidou como comunicadora e ativista do movimento negro.<\/p>\n\n\n\n<p>Nascida no Amazonas, Wanda Chase se mudou para a Bahia em 1991, onde se consolidou como jornalista. O enterro dela deve acontecer no s\u00e1bado (5), no Cemit\u00e9rio Campo Santo, quando os familiares chegar\u00e3o na capital baiana.<\/p>\n\n\n\n<p>Segundo a fam\u00edlia, Wanda anunciou que estava com problemas de sa\u00fade h\u00e1 cerca de um m\u00eas, ap\u00f3s uma virose. Depois de procurar ajuda m\u00e9dica, a jornalista foi diagnosticada com uma infec\u00e7\u00e3o urin\u00e1ria e, em seguida, uma infec\u00e7\u00e3o intestinal.<\/p>\n\n\n\n<p><a href=\"https:\/\/whatsapp.com\/channel\/0029VaAT7tDLI8Yfj5y9Z50Z\"><strong><mark style=\"background-color:rgba(0, 0, 0, 0)\" class=\"has-inline-color has-vivid-red-color\">Siga nosso canal no WhatsApp e veja mais not\u00edcias<\/mark><\/strong><\/a><\/p>\n\n\n\n<p>Wanda Chase deu entrada no hospital na quarta-feira, onde teve o diagn\u00f3stico de aneurisma dissecante da aorta, doen\u00e7a grave que ocorre quando a camada interna da aorta se rompe.<\/p>\n\n\n\n<p>A jornalista entrou em cirurgia por volta das 17h. A morte dela foi comunicada para os familiares quase 6 horas depois.<\/p>\n\n\n\n<h4 class=\"wp-block-heading\"><strong><mark style=\"background-color:rgba(0, 0, 0, 0)\" class=\"has-inline-color has-black-color\">Hist\u00f3ria na comunica\u00e7\u00e3o<\/mark><\/strong><\/h4>\n\n\n\n<figure class=\"wp-block-image aligncenter size-full is-resized\"><a href=\"https:\/\/i0.wp.com\/blogdoeloiltoncajuhy.com.br\/site\/wp-content\/uploads\/2025\/04\/Wanda-Chase-%E2%80%94-Foto-Reproducao-Redes-Sociais-2.png?ssl=1\"><img data-recalc-dims=\"1\" decoding=\"async\" width=\"447\" height=\"445\" src=\"https:\/\/i0.wp.com\/blogdoeloiltoncajuhy.com.br\/site\/wp-content\/uploads\/2025\/04\/Wanda-Chase-%E2%80%94-Foto-Reproducao-Redes-Sociais-2.png?resize=447%2C445&#038;ssl=1\" alt=\"\" class=\"wp-image-86858\" style=\"width:505px;height:auto\" srcset=\"https:\/\/i0.wp.com\/blogdoeloiltoncajuhy.com.br\/site\/wp-content\/uploads\/2025\/04\/Wanda-Chase-%E2%80%94-Foto-Reproducao-Redes-Sociais-2.png?w=447&amp;ssl=1 447w, https:\/\/i0.wp.com\/blogdoeloiltoncajuhy.com.br\/site\/wp-content\/uploads\/2025\/04\/Wanda-Chase-%E2%80%94-Foto-Reproducao-Redes-Sociais-2.png?resize=300%2C300&amp;ssl=1 300w, https:\/\/i0.wp.com\/blogdoeloiltoncajuhy.com.br\/site\/wp-content\/uploads\/2025\/04\/Wanda-Chase-%E2%80%94-Foto-Reproducao-Redes-Sociais-2.png?resize=150%2C150&amp;ssl=1 150w\" sizes=\"(max-width: 447px) 100vw, 447px\" \/><\/a><figcaption class=\"wp-element-caption\"><sub>Wanda Chase \u2014 Foto: Reprodu\u00e7\u00e3o\/Redes Sociais<\/sub><\/figcaption><\/figure>\n\n\n\n<p>Wanda Chase teve uma hist\u00f3ria marcante na Bahia e faz parte da hist\u00f3ria do jornalismo no estado. Trabalhou em ve\u00edculos de comunica\u00e7\u00e3o como Rede Manchete, TV Cabo Branco e Rede Globo Nordeste. Tamb\u00e9m foi assessora de imprensa da banda Olodum.<\/p>\n\n\n\n<p>Ap\u00f3s a aposentadoria, Wanda Chase virou colunista do portal iBahia e participou de um projeto de podcast.<\/p>\n\n\n\n<p>Com 45 pr\u00eamios acumulados ao longo de mais de tr\u00eas d\u00e9cadas de atua\u00e7\u00e3o, a jornalista tamb\u00e9m \u00e9 reconhecida por ter dado visibilidade \u00e0 cultura baiana, especialmente \u00e0s manifesta\u00e7\u00f5es ligadas \u00e0 cultura negra.<\/p>\n\n\n\n<p>Em 2002, recebeu o T\u00edtulo de Cidad\u00e3 Soteropolitana concedido pela C\u00e2mara Municipal de Salvador. Em mar\u00e7o deste ano, receberia ainda o T\u00edtulo de Cidad\u00e3 Baiana, pela Assembleia Legislativa da Bahia (Alba). No entanto, a cerim\u00f4nia foi adiada por causa dos problemas de sa\u00fade da jornalista.<\/p>\n\n\n\n<p class=\"has-black-color has-text-color has-link-color wp-elements-06241a828e0c7848e7a230f61b8ea2f4\"><strong>Veja a \u00edntegra da nota divulgada pela fam\u00edlia de Wanda:<\/strong><\/p>\n\n\n\n<p><em>&#8220;A fam\u00edlia Chase, lamenta com pesar, informar o falecimento da irm\u00e3, tia e tia av\u00f3 Wanda Chase. Jornalista, uma mulher pioneira e inspiradora na luta pela igualdade racial e pela representatividade na m\u00eddia.<\/em><\/p>\n\n\n\n<p><em>Nascida no Amazonas, Wanda Chase construiu uma carreira exemplar no jornalismo, passando por importantes ve\u00edculos de comunica\u00e7\u00e3o, como o Jornal A Cr\u00edtica, Rede Manchete, Tv Cabo Branco, Rede Globo Nordeste e por \u00faltimo, a convite, por 27 anos na Tv Bahia.<\/em><\/p>\n\n\n\n<p><em>Al\u00e9m de sua destacada atua\u00e7\u00e3o como rep\u00f3rter, editora, colunista e apresentadora, Wanda Chase foi uma militante incans\u00e1vel do movimento negro, lutando por mais visibilidade e inclus\u00e3o para as comunidades afrodescendentes.<\/em><\/p>\n\n\n\n<p><em>Mesmo ap\u00f3s sua aposentadoria, Wanda, continuou ativa, escrevendo sua coluna \u201cOpra\u00ed Wanda Chase\u201d no Portal IBahia e trabalhando em projetos como um podcast \u201cBastidores com Wanda Chase\u201d e um livro sobre a ax\u00e9 music.<\/em><\/p>\n\n\n\n<p><em>Sua partida deixa um vazio irrepar\u00e1vel, mas seu legado de luta, perseveran\u00e7a e paix\u00e3o pela vida e pela justi\u00e7a social continuar\u00e1 a inspirar gera\u00e7\u00f5es futuras.<\/em><\/p>\n\n\n\n<p><em>Para n\u00f3s, seus familiares, Wanda \u00e9 refer\u00eancia de alegria, determina\u00e7\u00e3o, sensatez, honestidade e compet\u00eancia.<\/em><\/p>\n\n\n\n<p><em>Na vida a Wanda amou tudo que fez e nosso amor por ela \u00e9 para sempre.<\/em><\/p>\n\n\n\n<p><em>Em breve daremos informa\u00e7\u00f5es sobre o funeral&#8221;.<\/em><\/p>\n","protected":false},"excerpt":{"rendered":"<p>Nascida no Amazonas, Wanda Chase se mudou para a Bahia em 1991, onde se consolidou como jornalista. Por g1 BA A jornalista Wanda Chase morreu na noite de quarta-feira (2), ao passar por uma cirurgia de aneurisma da aorta no Hospital Tereza de Lisieux, em Salvador. A rep\u00f3rter e apresentadora trabalhou por 27 anos na [&hellip;]<\/p>\n","protected":false},"author":2,"featured_media":86857,"comment_status":"open","ping_status":"open","sticky":false,"template":"","format":"standard","meta":{"_acf_changed":false,"_monsterinsights_skip_tracking":false,"_monsterinsights_sitenote_active":false,"_monsterinsights_sitenote_note":"","_monsterinsights_sitenote_category":0,"_jetpack_memberships_contains_paid_content":false,"footnotes":"","jetpack_publicize_message":"","jetpack_publicize_feature_enabled":true,"jetpack_social_post_already_shared":true,"jetpack_social_options":{"image_generator_settings":{"template":"highway","default_image_id":0,"font":"","enabled":false},"version":2}},"categories":[1],"tags":[],"class_list":["post-86856","post","type-post","status-publish","format-standard","has-post-thumbnail","hentry","category-noticias"],"acf":[],"jetpack_publicize_connections":[],"jetpack_featured_media_url":"https:\/\/i0.wp.com\/blogdoeloiltoncajuhy.com.br\/site\/wp-content\/uploads\/2025\/04\/Wanda-Chase-%E2%80%94-Foto-Reproducao-Redes-Sociais.png?fit=359%2C448&ssl=1","jetpack_sharing_enabled":true,"publishpress_future_workflow_manual_trigger":{"enabledWorkflows":[]},"_links":{"self":[{"href":"https:\/\/blogdoeloiltoncajuhy.com.br\/site\/wp-json\/wp\/v2\/posts\/86856","targetHints":{"allow":["GET"]}}],"collection":[{"href":"https:\/\/blogdoeloiltoncajuhy.com.br\/site\/wp-json\/wp\/v2\/posts"}],"about":[{"href":"https:\/\/blogdoeloiltoncajuhy.com.br\/site\/wp-json\/wp\/v2\/types\/post"}],"author":[{"embeddable":true,"href":"https:\/\/blogdoeloiltoncajuhy.com.br\/site\/wp-json\/wp\/v2\/users\/2"}],"replies":[{"embeddable":true,"href":"https:\/\/blogdoeloiltoncajuhy.com.br\/site\/wp-json\/wp\/v2\/comments?post=86856"}],"version-history":[{"count":1,"href":"https:\/\/blogdoeloiltoncajuhy.com.br\/site\/wp-json\/wp\/v2\/posts\/86856\/revisions"}],"predecessor-version":[{"id":86859,"href":"https:\/\/blogdoeloiltoncajuhy.com.br\/site\/wp-json\/wp\/v2\/posts\/86856\/revisions\/86859"}],"wp:featuredmedia":[{"embeddable":true,"href":"https:\/\/blogdoeloiltoncajuhy.com.br\/site\/wp-json\/wp\/v2\/media\/86857"}],"wp:attachment":[{"href":"https:\/\/blogdoeloiltoncajuhy.com.br\/site\/wp-json\/wp\/v2\/media?parent=86856"}],"wp:term":[{"taxonomy":"category","embeddable":true,"href":"https:\/\/blogdoeloiltoncajuhy.com.br\/site\/wp-json\/wp\/v2\/categories?post=86856"},{"taxonomy":"post_tag","embeddable":true,"href":"https:\/\/blogdoeloiltoncajuhy.com.br\/site\/wp-json\/wp\/v2\/tags?post=86856"}],"curies":[{"name":"wp","href":"https:\/\/api.w.org\/{rel}","templated":true}]}}