{"id":86851,"date":"2025-04-02T16:58:10","date_gmt":"2025-04-02T19:58:10","guid":{"rendered":"https:\/\/blogdoeloiltoncajuhy.com.br\/site\/?p=86851"},"modified":"2025-04-02T16:58:12","modified_gmt":"2025-04-02T19:58:12","slug":"projeto-garante-a-pessoas-com-autismo-direito-ao-trabalho-inclusivo-e-adaptado","status":"publish","type":"post","link":"https:\/\/blogdoeloiltoncajuhy.com.br\/site\/projeto-garante-a-pessoas-com-autismo-direito-ao-trabalho-inclusivo-e-adaptado\/","title":{"rendered":"Projeto garante a pessoas com autismo direito ao trabalho inclusivo e adaptado"},"content":{"rendered":"\n<p class=\"has-medium-font-size\"><strong>Empresas que investirem na adapta\u00e7\u00e3o ter\u00e3o incentivos fiscais e cr\u00e9dito especial; a C\u00e2mara dos Deputados est\u00e1 discutindo o assunto.<\/strong><\/p>\n\n\n\n<p><strong>Por Ag\u00eancia C\u00e2mara de Not\u00edcias<\/strong><\/p>\n\n\n\n<figure class=\"wp-block-image aligncenter size-full\"><a href=\"https:\/\/i0.wp.com\/blogdoeloiltoncajuhy.com.br\/site\/wp-content\/uploads\/2017\/04\/autismo-ilus-e1491143251703.jpg\"><img data-recalc-dims=\"1\" fetchpriority=\"high\" decoding=\"async\" width=\"580\" height=\"389\" src=\"https:\/\/i0.wp.com\/blogdoeloiltoncajuhy.com.br\/site\/wp-content\/uploads\/2017\/04\/autismo-ilus-e1491143251703.jpg?resize=580%2C389\" alt=\"\" class=\"wp-image-16455\"\/><\/a><figcaption class=\"wp-element-caption\"><sub>Projeto garante a pessoas com autismo direito ao trabalho inclusivo e adaptado<\/sub><\/figcaption><\/figure>\n\n\n\n<p>O Projeto de Lei 340\/25 estabelece medidas para assegurar o direito de pessoas com transtorno do espectro autista (TEA) ao trabalho acess\u00edvel, inclusivo e em igualdade de oportunidades com outros trabalhadores.<\/p>\n\n\n\n<p>A C\u00e2mara dos Deputados analisa a proposta, que altera o Estatuto da Pessoa com Defici\u00eancia e a Lei Org\u00e2nica da Seguridade Social.<\/p>\n\n\n\n<p>Al\u00e9m de estender a pessoas com autismo os mesmos direitos ao trabalho j\u00e1 previstos para pessoas com defici\u00eancia, como o direito a ambientes de trabalho acess\u00edveis e inclusivos, o projeto passa a prever a op\u00e7\u00e3o de teletrabalho quando este for mais adequado.<\/p>\n\n\n\n<h4 class=\"wp-block-heading\"><strong><mark style=\"background-color:rgba(0, 0, 0, 0)\" class=\"has-inline-color has-black-color\">Incentivos<\/mark><\/strong><\/h4>\n\n\n\n<p>O texto tamb\u00e9m prev\u00ea incentivos fiscais e linhas de cr\u00e9dito especiais para empresas que investirem na adapta\u00e7\u00e3o do ambiente de trabalho e em tecnologias assistivas para empregar pessoas com defici\u00eancia ou com TEA.<\/p>\n\n\n\n<p>Atualmente, a legisla\u00e7\u00e3o j\u00e1 determina que o governo, junto com o Conselho Nacional da Seguridade Social, crie maneiras para incentivar empresas a contratar pessoas com defici\u00eancia.<\/p>\n\n\n\n<p>Autora do projeto, a deputada Renata Abreu (Pode-SP) afirma que o projeto pretende alinhar a legisla\u00e7\u00e3o \u00e0s necessidades reais de trabalhadores com defici\u00eancia, no setor p\u00fablico e no privado.<\/p>\n\n\n\n<p>\u201cA aprova\u00e7\u00e3o dessa iniciativa representa um passo significativo para garantir o direito ao trabalho digno e adequado para todas as pessoas com defici\u00eancia no Brasil, incluindo aquelas diagnosticadas com TEA&#8221;, afirma a autora.<\/p>\n\n\n\n<h4 class=\"wp-block-heading\"><strong><mark style=\"background-color:rgba(0, 0, 0, 0)\" class=\"has-inline-color has-black-color\">Pr\u00f3ximas etapas<\/mark><\/strong><\/h4>\n\n\n\n<p>A proposta ser\u00e1 analisada, em car\u00e1ter conclusivo, pelas comiss\u00f5es de Trabalho; de Defesa dos Direitos das Pessoas com Defici\u00eancia; de Finan\u00e7as e Tributa\u00e7\u00e3o; e de Constitui\u00e7\u00e3o e Justi\u00e7a e de Cidadania.<\/p>\n\n\n\n<p>Para virar lei, o texto precisa ser aprovado pela C\u00e2mara e pelo Senado.<\/p>\n","protected":false},"excerpt":{"rendered":"<p>Empresas que investirem na adapta\u00e7\u00e3o ter\u00e3o incentivos fiscais e cr\u00e9dito especial; a C\u00e2mara dos Deputados est\u00e1 discutindo o assunto. Por Ag\u00eancia C\u00e2mara de Not\u00edcias O Projeto de Lei 340\/25 estabelece medidas para assegurar o direito de pessoas com transtorno do espectro autista (TEA) ao trabalho acess\u00edvel, inclusivo e em igualdade de oportunidades com outros trabalhadores. [&hellip;]<\/p>\n","protected":false},"author":2,"featured_media":16455,"comment_status":"open","ping_status":"open","sticky":false,"template":"","format":"standard","meta":{"_acf_changed":false,"_monsterinsights_skip_tracking":false,"_monsterinsights_sitenote_active":false,"_monsterinsights_sitenote_note":"","_monsterinsights_sitenote_category":0,"_jetpack_memberships_contains_paid_content":false,"footnotes":"","jetpack_publicize_message":"","jetpack_publicize_feature_enabled":true,"jetpack_social_post_already_shared":true,"jetpack_social_options":{"image_generator_settings":{"template":"highway","default_image_id":0,"font":"","enabled":false},"version":2}},"categories":[3],"tags":[],"class_list":["post-86851","post","type-post","status-publish","format-standard","has-post-thumbnail","hentry","category-politica"],"acf":[],"jetpack_publicize_connections":[],"jetpack_featured_media_url":"https:\/\/i0.wp.com\/blogdoeloiltoncajuhy.com.br\/site\/wp-content\/uploads\/2017\/04\/autismo-ilus-e1491143251703.jpg?fit=580%2C389&ssl=1","jetpack_sharing_enabled":true,"publishpress_future_workflow_manual_trigger":{"enabledWorkflows":[]},"_links":{"self":[{"href":"https:\/\/blogdoeloiltoncajuhy.com.br\/site\/wp-json\/wp\/v2\/posts\/86851","targetHints":{"allow":["GET"]}}],"collection":[{"href":"https:\/\/blogdoeloiltoncajuhy.com.br\/site\/wp-json\/wp\/v2\/posts"}],"about":[{"href":"https:\/\/blogdoeloiltoncajuhy.com.br\/site\/wp-json\/wp\/v2\/types\/post"}],"author":[{"embeddable":true,"href":"https:\/\/blogdoeloiltoncajuhy.com.br\/site\/wp-json\/wp\/v2\/users\/2"}],"replies":[{"embeddable":true,"href":"https:\/\/blogdoeloiltoncajuhy.com.br\/site\/wp-json\/wp\/v2\/comments?post=86851"}],"version-history":[{"count":1,"href":"https:\/\/blogdoeloiltoncajuhy.com.br\/site\/wp-json\/wp\/v2\/posts\/86851\/revisions"}],"predecessor-version":[{"id":86852,"href":"https:\/\/blogdoeloiltoncajuhy.com.br\/site\/wp-json\/wp\/v2\/posts\/86851\/revisions\/86852"}],"wp:featuredmedia":[{"embeddable":true,"href":"https:\/\/blogdoeloiltoncajuhy.com.br\/site\/wp-json\/wp\/v2\/media\/16455"}],"wp:attachment":[{"href":"https:\/\/blogdoeloiltoncajuhy.com.br\/site\/wp-json\/wp\/v2\/media?parent=86851"}],"wp:term":[{"taxonomy":"category","embeddable":true,"href":"https:\/\/blogdoeloiltoncajuhy.com.br\/site\/wp-json\/wp\/v2\/categories?post=86851"},{"taxonomy":"post_tag","embeddable":true,"href":"https:\/\/blogdoeloiltoncajuhy.com.br\/site\/wp-json\/wp\/v2\/tags?post=86851"}],"curies":[{"name":"wp","href":"https:\/\/api.w.org\/{rel}","templated":true}]}}