{"id":86846,"date":"2025-04-02T15:58:11","date_gmt":"2025-04-02T18:58:11","guid":{"rendered":"https:\/\/blogdoeloiltoncajuhy.com.br\/site\/?p=86846"},"modified":"2025-04-02T15:58:13","modified_gmt":"2025-04-02T18:58:13","slug":"senadores-pedem-mais-debate-e-analise-do-novo-codigo-eleitoral-e-adiada","status":"publish","type":"post","link":"https:\/\/blogdoeloiltoncajuhy.com.br\/site\/senadores-pedem-mais-debate-e-analise-do-novo-codigo-eleitoral-e-adiada\/","title":{"rendered":"Senadores pedem mais debate e an\u00e1lise do novo C\u00f3digo Eleitoral \u00e9 adiada"},"content":{"rendered":"\n<p class=\"has-medium-font-size\"><strong>Relator apresentou novo parecer e parlamentares pediram a realiza\u00e7\u00e3o de audi\u00eancias p\u00fablicas; comiss\u00e3o prev\u00ea vota\u00e7\u00e3o em maio.<\/strong><\/p>\n\n\n\n<p><strong>Por Emilly Behnke\/CNN-Bras\u00edlia<\/strong><\/p>\n\n\n\n<figure class=\"wp-block-image aligncenter size-full\"><a href=\"https:\/\/i0.wp.com\/blogdoeloiltoncajuhy.com.br\/site\/wp-content\/uploads\/2025\/04\/Senadores-durante-reuniao-da-CCJ-Foto-Roque-de-Sa-Agencia-Senado.jpeg?ssl=1\"><img data-recalc-dims=\"1\" fetchpriority=\"high\" decoding=\"async\" width=\"720\" height=\"398\" src=\"https:\/\/i0.wp.com\/blogdoeloiltoncajuhy.com.br\/site\/wp-content\/uploads\/2025\/04\/Senadores-durante-reuniao-da-CCJ-Foto-Roque-de-Sa-Agencia-Senado.jpeg?resize=720%2C398&#038;ssl=1\" alt=\"\" class=\"wp-image-86847\" srcset=\"https:\/\/i0.wp.com\/blogdoeloiltoncajuhy.com.br\/site\/wp-content\/uploads\/2025\/04\/Senadores-durante-reuniao-da-CCJ-Foto-Roque-de-Sa-Agencia-Senado.jpeg?w=720&amp;ssl=1 720w, https:\/\/i0.wp.com\/blogdoeloiltoncajuhy.com.br\/site\/wp-content\/uploads\/2025\/04\/Senadores-durante-reuniao-da-CCJ-Foto-Roque-de-Sa-Agencia-Senado.jpeg?resize=300%2C166&amp;ssl=1 300w\" sizes=\"(max-width: 720px) 100vw, 720px\" \/><\/a><figcaption class=\"wp-element-caption\"><sub>Senadores durante reuni\u00e3o da Comiss\u00e3o de Constitui\u00e7\u00e3o e Justi\u00e7a (CCJ) nesta quarta-feira (2) \u2022 Foto: Roque de S\u00e1\/Ag\u00eancia Senado<\/sub><\/figcaption><\/figure>\n\n\n\n<p>A Comiss\u00e3o de Constitui\u00e7\u00e3o e Justi\u00e7a (CCJ) do Senado adiou nesta quarta-feira (2) a an\u00e1lise do projeto do novo C\u00f3digo Eleitoral. O relator, senador Marcelo Castro (MDB-PI), apresentou uma nova vers\u00e3o do seu parecer e os senadores do colegiado solicitaram audi\u00eancia p\u00fablica para debater o texto.<\/p>\n\n\n\n<p>Ap\u00f3s as novas discuss\u00f5es, a previs\u00e3o atual \u00e9 que o texto seja lido na reuni\u00e3o da CCJ de 7 de maio e, depois, votado em 14 de maio.<\/p>\n\n\n\n<p>O novo relat\u00f3rio, apresentado na semana passada, tem mais de 600 p\u00e1ginas. A proposta re\u00fane, em uma \u00fanica norma, a legisla\u00e7\u00e3o eleitoral e partid\u00e1ria do pa\u00eds. A expectativa de Castro era ler seu parecer na reuni\u00e3o desta quarta, mas isso n\u00e3o ocorreu.<\/p>\n\n\n\n<p><a href=\"https:\/\/whatsapp.com\/channel\/0029VaAT7tDLI8Yfj5y9Z50Z\"><strong><mark style=\"background-color:rgba(0, 0, 0, 0)\" class=\"has-inline-color has-vivid-red-color\">Siga nosso canal no WhatsApp e veja mais not\u00edcias<\/mark><\/strong><\/a><\/p>\n\n\n\n<p>Integrantes da oposi\u00e7\u00e3o e da bancada feminina apoiaram a realiza\u00e7\u00e3o de um ciclo de debates. Ante o apelo de senadores, o presidente da CCJ, senador Otto Alencar (PSD-BA), decidiu que o projeto ser\u00e1 tema de ao menos tr\u00eas audi\u00eancias p\u00fablicas, nos dias 8, 15 e 22 de abril, antes de ser lido na comiss\u00e3o e votado.<\/p>\n\n\n\n<p>Castro argumentou contra o adiamento e defendeu que o texto est\u00e1 \u201camadurecido\u201d. Ele destacou que a proposta est\u00e1 em an\u00e1lise desde 2021 no Senado e j\u00e1 teve tr\u00eas relatores na Casa. Ele foi designado para a relatoria h\u00e1 dois anos, em abril de 2023.<\/p>\n\n\n\n<p>\u201cEste agora \u00e9 o quarto relat\u00f3rio que eu apresento. Nesses dois anos, eu recebi e estive \u00e0 disposi\u00e7\u00e3o de toda a sociedade brasileira, especialmente os senadores e os deputados, OAB [Ordem dos Advogados do Brasil], Tribunal Superior Eleitoral, associa\u00e7\u00e3o de advogados eleitoralistas\u201d, disse na reuni\u00e3o.<\/p>\n\n\n\n<p>O projeto trata, entre outros pontos, sobre regras para partidos pol\u00edticos e federa\u00e7\u00f5es; a atua\u00e7\u00e3o dos tribunais regionais eleitorais e dos ju\u00edzes eleitorais; o sistema eleitoral; a propaganda pol\u00edtica; e os crimes eleitorais, inclusive a divulga\u00e7\u00e3o de \u201cfake news\u201d.<\/p>\n\n\n\n<p>Entre as mudan\u00e7as, o projeto altera as regras sobre os prazos de inelegibilidade e per\u00edodo m\u00e1ximo de oito anos. O texto tamb\u00e9m determina reserva de 20% das vagas para mulheres nas elei\u00e7\u00f5es para a C\u00e2mara dos Deputados, Assembleias Legislativas, C\u00e2mara Legislativa do Distrito Federal e C\u00e2maras Municipais. N\u00e3o h\u00e1 previs\u00e3o de reserva para cadeiras no Senado.<\/p>\n\n\n\n<p>Depois de passar na CCJ, o texto ainda precisa ser votado no plen\u00e1rio. A proposta j\u00e1 foi aprovada na C\u00e2mara dos Deputados, em 2021. Por ter sido alvo de altera\u00e7\u00f5es, se receber o aval do Senado, dever\u00e1 retornar para uma nova an\u00e1lise dos deputados.<\/p>\n\n\n\n<p>Em entrevista \u00e0 <strong>CNN<\/strong>, na ter\u00e7a-feira, Castro afirmou que conduziu a elabora\u00e7\u00e3o do seu relat\u00f3rio com \u201cmuita prud\u00eancia\u201d e que estimava a aprova\u00e7\u00e3o no Congresso at\u00e9 o primeiro semestre. Com as audi\u00eancias p\u00fablicas aprovadas nesta manh\u00e3, o texto deve ter o avan\u00e7o travado pelas pr\u00f3ximas semanas.<\/p>\n\n\n\n<p>Para valer nas pr\u00f3ximas elei\u00e7\u00f5es, o texto tem que ser aprovado nas duas Casas e ser sancionado at\u00e9 outubro \u2014 um ano antes do pleito.<\/p>\n","protected":false},"excerpt":{"rendered":"<p>Relator apresentou novo parecer e parlamentares pediram a realiza\u00e7\u00e3o de audi\u00eancias p\u00fablicas; comiss\u00e3o prev\u00ea vota\u00e7\u00e3o em maio. Por Emilly Behnke\/CNN-Bras\u00edlia A Comiss\u00e3o de Constitui\u00e7\u00e3o e Justi\u00e7a (CCJ) do Senado adiou nesta quarta-feira (2) a an\u00e1lise do projeto do novo C\u00f3digo Eleitoral. O relator, senador Marcelo Castro (MDB-PI), apresentou uma nova vers\u00e3o do seu parecer e [&hellip;]<\/p>\n","protected":false},"author":2,"featured_media":86847,"comment_status":"open","ping_status":"open","sticky":false,"template":"","format":"standard","meta":{"_acf_changed":false,"_monsterinsights_skip_tracking":false,"_monsterinsights_sitenote_active":false,"_monsterinsights_sitenote_note":"","_monsterinsights_sitenote_category":0,"_jetpack_memberships_contains_paid_content":false,"footnotes":"","jetpack_publicize_message":"","jetpack_publicize_feature_enabled":true,"jetpack_social_post_already_shared":true,"jetpack_social_options":{"image_generator_settings":{"template":"highway","default_image_id":0,"font":"","enabled":false},"version":2}},"categories":[3],"tags":[],"class_list":["post-86846","post","type-post","status-publish","format-standard","has-post-thumbnail","hentry","category-politica"],"acf":[],"jetpack_publicize_connections":[],"jetpack_featured_media_url":"https:\/\/i0.wp.com\/blogdoeloiltoncajuhy.com.br\/site\/wp-content\/uploads\/2025\/04\/Senadores-durante-reuniao-da-CCJ-Foto-Roque-de-Sa-Agencia-Senado.jpeg?fit=720%2C398&ssl=1","jetpack_sharing_enabled":true,"publishpress_future_workflow_manual_trigger":{"enabledWorkflows":[]},"_links":{"self":[{"href":"https:\/\/blogdoeloiltoncajuhy.com.br\/site\/wp-json\/wp\/v2\/posts\/86846","targetHints":{"allow":["GET"]}}],"collection":[{"href":"https:\/\/blogdoeloiltoncajuhy.com.br\/site\/wp-json\/wp\/v2\/posts"}],"about":[{"href":"https:\/\/blogdoeloiltoncajuhy.com.br\/site\/wp-json\/wp\/v2\/types\/post"}],"author":[{"embeddable":true,"href":"https:\/\/blogdoeloiltoncajuhy.com.br\/site\/wp-json\/wp\/v2\/users\/2"}],"replies":[{"embeddable":true,"href":"https:\/\/blogdoeloiltoncajuhy.com.br\/site\/wp-json\/wp\/v2\/comments?post=86846"}],"version-history":[{"count":1,"href":"https:\/\/blogdoeloiltoncajuhy.com.br\/site\/wp-json\/wp\/v2\/posts\/86846\/revisions"}],"predecessor-version":[{"id":86848,"href":"https:\/\/blogdoeloiltoncajuhy.com.br\/site\/wp-json\/wp\/v2\/posts\/86846\/revisions\/86848"}],"wp:featuredmedia":[{"embeddable":true,"href":"https:\/\/blogdoeloiltoncajuhy.com.br\/site\/wp-json\/wp\/v2\/media\/86847"}],"wp:attachment":[{"href":"https:\/\/blogdoeloiltoncajuhy.com.br\/site\/wp-json\/wp\/v2\/media?parent=86846"}],"wp:term":[{"taxonomy":"category","embeddable":true,"href":"https:\/\/blogdoeloiltoncajuhy.com.br\/site\/wp-json\/wp\/v2\/categories?post=86846"},{"taxonomy":"post_tag","embeddable":true,"href":"https:\/\/blogdoeloiltoncajuhy.com.br\/site\/wp-json\/wp\/v2\/tags?post=86846"}],"curies":[{"name":"wp","href":"https:\/\/api.w.org\/{rel}","templated":true}]}}