{"id":86843,"date":"2025-04-02T08:44:54","date_gmt":"2025-04-02T11:44:54","guid":{"rendered":"https:\/\/blogdoeloiltoncajuhy.com.br\/site\/?p=86843"},"modified":"2025-04-02T08:44:55","modified_gmt":"2025-04-02T11:44:55","slug":"mais-de-12-mil-pessoas-foram-internadas-apos-acidentes-com-motocicleta-na-bahia-em-2024","status":"publish","type":"post","link":"https:\/\/blogdoeloiltoncajuhy.com.br\/site\/mais-de-12-mil-pessoas-foram-internadas-apos-acidentes-com-motocicleta-na-bahia-em-2024\/","title":{"rendered":"Mais de 12 mil pessoas foram internadas ap\u00f3s acidentes com motocicleta na Bahia em 2024"},"content":{"rendered":"\n<p class=\"has-medium-font-size\"><strong>N\u00famero \u00e9 117% maior que registrado dez anos atr\u00e1s, quando o balan\u00e7o da Abramet fechou em 5.949 v\u00edtimas.<\/strong><\/p>\n\n\n\n<p><strong>Por g1 BA e TV Bahia<\/strong><\/p>\n\n\n\n<figure class=\"wp-block-image aligncenter size-full is-resized\"><a href=\"https:\/\/i0.wp.com\/blogdoeloiltoncajuhy.com.br\/site\/wp-content\/uploads\/2025\/04\/BA_Mais-de-12-mil-pessoas-foram-internadas-apos-acidentes-de-motocicleta-%E2%80%94-Foto-Reproducao-TV-Bahia.jpeg?ssl=1\"><img data-recalc-dims=\"1\" fetchpriority=\"high\" decoding=\"async\" width=\"720\" height=\"432\" src=\"https:\/\/i0.wp.com\/blogdoeloiltoncajuhy.com.br\/site\/wp-content\/uploads\/2025\/04\/BA_Mais-de-12-mil-pessoas-foram-internadas-apos-acidentes-de-motocicleta-%E2%80%94-Foto-Reproducao-TV-Bahia.jpeg?resize=720%2C432&#038;ssl=1\" alt=\"\" class=\"wp-image-86844\" style=\"width:720px;height:auto\" srcset=\"https:\/\/i0.wp.com\/blogdoeloiltoncajuhy.com.br\/site\/wp-content\/uploads\/2025\/04\/BA_Mais-de-12-mil-pessoas-foram-internadas-apos-acidentes-de-motocicleta-%E2%80%94-Foto-Reproducao-TV-Bahia.jpeg?w=720&amp;ssl=1 720w, https:\/\/i0.wp.com\/blogdoeloiltoncajuhy.com.br\/site\/wp-content\/uploads\/2025\/04\/BA_Mais-de-12-mil-pessoas-foram-internadas-apos-acidentes-de-motocicleta-%E2%80%94-Foto-Reproducao-TV-Bahia.jpeg?resize=300%2C180&amp;ssl=1 300w\" sizes=\"(max-width: 720px) 100vw, 720px\" \/><\/a><figcaption class=\"wp-element-caption\"><sub>Mais de 12 mil pessoas foram internadas ap\u00f3s acidentes de motocicleta na Bahia \u2014 Foto: Reprodu\u00e7\u00e3o\/TV Bahia<\/sub><\/figcaption><\/figure>\n\n\n\n<p>O n\u00famero de v\u00edtimas de acidentes com motocicletas internadas na Bahia em 2024 chegou a 12.888. Os dados mais que dobraram em rela\u00e7\u00e3o a dez anos atr\u00e1s. \u00c9 o que aponta um balan\u00e7o divulgado pela Associa\u00e7\u00e3o Brasileira de Medicina de Tr\u00e1fego (Abramet).<\/p>\n\n\n\n<p>Segundo os registros, foram contabilizadas 5.949 v\u00edtimas em 2014. O aumento \u00e9 de 117% em rela\u00e7\u00e3o ao ano anterior. Especialistas apontam que o crescimento tem rela\u00e7\u00e3o com a expans\u00e3o da frota de motocicletas nas ruas.<\/p>\n\n\n\n<p>Conforme aponta o Departamento Estadual de Tr\u00e2nsito (Detran), 2024 apresentou a maior quantidade de motos emplacadas em Salvador, com 16.851 unidades.<\/p>\n\n\n\n<p>&#8220;As principais v\u00edtimas s\u00e3o dessa faixa adulto\/jovem, que vai dos 20 aos 29 anos. A grande maioria do s\u00e9culo masculino. Ent\u00e3o, \u00e9 realmente um problema muito grave, que precisa ser visto com mais aten\u00e7\u00e3o&#8221;, afirmou o presidente da Abramet, Ant\u00f4nio Meira J\u00fanior.<\/p>\n\n\n\n<p><a href=\"https:\/\/whatsapp.com\/channel\/0029VaAT7tDLI8Yfj5y9Z50Z\"><strong><mark style=\"background-color:rgba(0, 0, 0, 0)\" class=\"has-inline-color has-vivid-red-color\">Siga nosso canal no WhatsApp e veja mais not\u00edcias<\/mark><\/strong><\/a><\/p>\n\n\n\n<p>O Hospital Ortop\u00e9dico da Bahia, que fica em Salvador, recebe por dia 15 pacientes oriundos de v\u00e1rias partes do estado. Segundo a gest\u00e3o, 70% do atendimento abrange v\u00edtimas de acidentes de tr\u00e2nsito e mais da metade dele envolve motos.<\/p>\n\n\n\n<blockquote class=\"wp-block-quote is-layout-flow wp-block-quote-is-layout-flow\">\n<p><strong><mark style=\"background-color:rgba(0, 0, 0, 0)\" class=\"has-inline-color has-black-color\">&#8220;Hoje, os acidentes de motocicleta s\u00e3o um problema de sa\u00fade p\u00fablica na Bahia. A cada ano, os n\u00fameros t\u00eam aumentado. A quest\u00e3o da velocidade \u00e9 algo muito importante. Muitos deles, \u00e0s vezes, caem e n\u00e3o est\u00e3o usando equipamentos de prote\u00e7\u00e3o, como luva e capacete, de forma adequada. Tem uma quest\u00e3o tamb\u00e9m do uso de \u00e1lcool e drogas. E tem a quest\u00e3o das vias tamb\u00e9m, de buracos, mal ilumina\u00e7\u00e3o\u2026 ent\u00e3o, \u00e9 uma s\u00e9rie de vari\u00e1veis que causam essa quantidade t\u00e3o grande de acidentes&#8221;, disse Roger Alencar, diretor m\u00e9dico da unidade de sa\u00fade.<\/mark><\/strong><\/p>\n<\/blockquote>\n","protected":false},"excerpt":{"rendered":"<p>N\u00famero \u00e9 117% maior que registrado dez anos atr\u00e1s, quando o balan\u00e7o da Abramet fechou em 5.949 v\u00edtimas. Por g1 BA e TV Bahia O n\u00famero de v\u00edtimas de acidentes com motocicletas internadas na Bahia em 2024 chegou a 12.888. Os dados mais que dobraram em rela\u00e7\u00e3o a dez anos atr\u00e1s. \u00c9 o que aponta [&hellip;]<\/p>\n","protected":false},"author":2,"featured_media":86844,"comment_status":"open","ping_status":"open","sticky":false,"template":"","format":"standard","meta":{"_acf_changed":false,"_monsterinsights_skip_tracking":false,"_monsterinsights_sitenote_active":false,"_monsterinsights_sitenote_note":"","_monsterinsights_sitenote_category":0,"_jetpack_memberships_contains_paid_content":false,"footnotes":"","jetpack_publicize_message":"","jetpack_publicize_feature_enabled":true,"jetpack_social_post_already_shared":true,"jetpack_social_options":{"image_generator_settings":{"template":"highway","default_image_id":0,"font":"","enabled":false},"version":2}},"categories":[5],"tags":[],"class_list":["post-86843","post","type-post","status-publish","format-standard","has-post-thumbnail","hentry","category-cotidiano"],"acf":[],"jetpack_publicize_connections":[],"jetpack_featured_media_url":"https:\/\/i0.wp.com\/blogdoeloiltoncajuhy.com.br\/site\/wp-content\/uploads\/2025\/04\/BA_Mais-de-12-mil-pessoas-foram-internadas-apos-acidentes-de-motocicleta-%E2%80%94-Foto-Reproducao-TV-Bahia.jpeg?fit=720%2C432&ssl=1","jetpack_sharing_enabled":true,"publishpress_future_workflow_manual_trigger":{"enabledWorkflows":[]},"_links":{"self":[{"href":"https:\/\/blogdoeloiltoncajuhy.com.br\/site\/wp-json\/wp\/v2\/posts\/86843","targetHints":{"allow":["GET"]}}],"collection":[{"href":"https:\/\/blogdoeloiltoncajuhy.com.br\/site\/wp-json\/wp\/v2\/posts"}],"about":[{"href":"https:\/\/blogdoeloiltoncajuhy.com.br\/site\/wp-json\/wp\/v2\/types\/post"}],"author":[{"embeddable":true,"href":"https:\/\/blogdoeloiltoncajuhy.com.br\/site\/wp-json\/wp\/v2\/users\/2"}],"replies":[{"embeddable":true,"href":"https:\/\/blogdoeloiltoncajuhy.com.br\/site\/wp-json\/wp\/v2\/comments?post=86843"}],"version-history":[{"count":1,"href":"https:\/\/blogdoeloiltoncajuhy.com.br\/site\/wp-json\/wp\/v2\/posts\/86843\/revisions"}],"predecessor-version":[{"id":86845,"href":"https:\/\/blogdoeloiltoncajuhy.com.br\/site\/wp-json\/wp\/v2\/posts\/86843\/revisions\/86845"}],"wp:featuredmedia":[{"embeddable":true,"href":"https:\/\/blogdoeloiltoncajuhy.com.br\/site\/wp-json\/wp\/v2\/media\/86844"}],"wp:attachment":[{"href":"https:\/\/blogdoeloiltoncajuhy.com.br\/site\/wp-json\/wp\/v2\/media?parent=86843"}],"wp:term":[{"taxonomy":"category","embeddable":true,"href":"https:\/\/blogdoeloiltoncajuhy.com.br\/site\/wp-json\/wp\/v2\/categories?post=86843"},{"taxonomy":"post_tag","embeddable":true,"href":"https:\/\/blogdoeloiltoncajuhy.com.br\/site\/wp-json\/wp\/v2\/tags?post=86843"}],"curies":[{"name":"wp","href":"https:\/\/api.w.org\/{rel}","templated":true}]}}