{"id":86824,"date":"2025-04-01T16:15:08","date_gmt":"2025-04-01T19:15:08","guid":{"rendered":"https:\/\/blogdoeloiltoncajuhy.com.br\/site\/?p=86824"},"modified":"2025-04-01T16:15:10","modified_gmt":"2025-04-01T19:15:10","slug":"dino-manda-estados-e-municipios-prestarem-contas-de-emendas-pix-sob-pena-de-brecar-execucao","status":"publish","type":"post","link":"https:\/\/blogdoeloiltoncajuhy.com.br\/site\/dino-manda-estados-e-municipios-prestarem-contas-de-emendas-pix-sob-pena-de-brecar-execucao\/","title":{"rendered":"Dino manda estados e munic\u00edpios prestarem contas de emendas Pix sob pena de brecar execu\u00e7\u00e3o"},"content":{"rendered":"\n<p class=\"has-medium-font-size\"><strong>Relat\u00f3rio do TCU revelou que 6.247 emendas desde 2020 n\u00e3o tiveram plano de trabalho apresentado.<\/strong><\/p>\n\n\n\n<p><strong>Por Folha de S.Paulo<\/strong><\/p>\n\n\n\n<figure class=\"wp-block-image aligncenter size-full\"><a href=\"https:\/\/i0.wp.com\/blogdoeloiltoncajuhy.com.br\/site\/wp-content\/uploads\/2025\/04\/Ministro-Flavio-Dino-Foto-Pedro-Ladeira-Folhapress.jpg?ssl=1\"><img data-recalc-dims=\"1\" fetchpriority=\"high\" decoding=\"async\" width=\"760\" height=\"507\" src=\"https:\/\/i0.wp.com\/blogdoeloiltoncajuhy.com.br\/site\/wp-content\/uploads\/2025\/04\/Ministro-Flavio-Dino-Foto-Pedro-Ladeira-Folhapress.jpg?resize=760%2C507&#038;ssl=1\" alt=\"\" class=\"wp-image-86825\" srcset=\"https:\/\/i0.wp.com\/blogdoeloiltoncajuhy.com.br\/site\/wp-content\/uploads\/2025\/04\/Ministro-Flavio-Dino-Foto-Pedro-Ladeira-Folhapress.jpg?w=760&amp;ssl=1 760w, https:\/\/i0.wp.com\/blogdoeloiltoncajuhy.com.br\/site\/wp-content\/uploads\/2025\/04\/Ministro-Flavio-Dino-Foto-Pedro-Ladeira-Folhapress.jpg?resize=300%2C200&amp;ssl=1 300w\" sizes=\"(max-width: 760px) 100vw, 760px\" \/><\/a><figcaption class=\"wp-element-caption\"><sub>O ministro Fl\u00e1vio Dino \u00e9 o relator de quatro a\u00e7\u00f5es que questionam a transpar\u00eancia das emendas parlamentares no Supremo &#8211; Foto: Pedro Ladeira\/Folhapress<\/sub><\/figcaption><\/figure>\n\n\n\n<p>O ministro Fl\u00e1vio Dino, do Supremo Tribunal Federal (STF), determinou nesta ter\u00e7a-feira (1\u00ba) que estados e munic\u00edpios prestem contas da execu\u00e7\u00e3o de mais de 6 mil emendas Pix que n\u00e3o tiveram plano de trabalho.<\/p>\n\n\n\n<p>O prazo para a presta\u00e7\u00e3o de contas \u00e9 de 90 dias. Segundo a decis\u00e3o, a execu\u00e7\u00e3o das emendas ser\u00e1 suspensa por &#8220;impedimento de ordem t\u00e9cnica&#8221; caso estados e munic\u00edpios n\u00e3o apresentem as informa\u00e7\u00f5es solicitadas pelo Supremo.<\/p>\n\n\n\n<p>A decis\u00e3o se deu ap\u00f3s o Tribunal de Contas da Uni\u00e3o (TCU) enviar na sexta-feira (28) nota t\u00e9cnica ao Supremo com os resultados de um pente-fino realizado nas emendas Pix de 2020 a 2024.<\/p>\n\n\n\n<p>Dino disse que a falta de transpar\u00eancia na execu\u00e7\u00e3o das emendas \u2014 com 6.247 planos de trabalho n\u00e3o cadastrados que somam &#8220;dezenas de bilh\u00f5es [de reais] do or\u00e7amento p\u00fablico federal&#8221;\u2014 demonstra o &#8220;n\u00edvel de desorganiza\u00e7\u00e3o institucional&#8221; das emendas Pix.<\/p>\n\n\n\n<p>&#8220;Como j\u00e1 demonstrado nestes autos, deveres b\u00e1sicos atinentes ao planejamento, controle, transpar\u00eancia, rastreabilidade e presta\u00e7\u00e3o de contas restaram inadimplidos, afrontando preceitos constitucionais e legais&#8221;, afirmou o ministro.<\/p>\n\n\n\n<p><a href=\"https:\/\/whatsapp.com\/channel\/0029VaAT7tDLI8Yfj5y9Z50Z\"><strong><mark style=\"background-color:rgba(0, 0, 0, 0)\" class=\"has-inline-color has-vivid-red-color\">Siga nosso canal no WhatsApp e veja mais not\u00edcias<\/mark><\/strong><\/a><\/p>\n\n\n\n<p>As emendas Pix s\u00e3o transfer\u00eancias de recursos feitas por parlamentares que, at\u00e9 2024, n\u00e3o tinham objeto predeterminado de contrata\u00e7\u00e3o. O Supremo determinou que cada emenda desse tipo deve ter um plano de trabalho especificando sua execu\u00e7\u00e3o.<\/p>\n\n\n\n<p>Na mesma decis\u00e3o desta ter\u00e7a, Fl\u00e1vio Dino determinou a suspens\u00e3o de novos repasses de emendas parlamentares para institui\u00e7\u00f5es de ensino superior estaduais e suas Funda\u00e7\u00f5es de Apoio dos estados do Acre, de Alagoas, do Maranh\u00e3o, da Para\u00edba, de Pernambuco, do Piau\u00ed, de Rond\u00f4nia e de Sergipe.<\/p>\n\n\n\n<p>Esses oito estados n\u00e3o se manifestaram sobre as novas regras de execu\u00e7\u00e3o das emendas recebidas no prazo definido pelo Supremo. Em janeiro, Dino determinou que a Uni\u00e3o e os estados publicassem novas normas e orienta\u00e7\u00f5es sobre a aplica\u00e7\u00e3o das emendas parlamentares federais, por falta de transpar\u00eancia e rastreabilidade.<\/p>\n\n\n\n<p>Os gestores da Bahia, do Esp\u00edrito Santo, do Goi\u00e1s, do Par\u00e1, do Paran\u00e1, do Rio de Janeiro e do Tocantins ter\u00e3o de apresentar informa\u00e7\u00f5es complementares em 15 dias. Segundo Dino, esses sete estados se manifestaram no processo, mas de forma insuficiente.<\/p>\n\n\n\n<p>Fl\u00e1vio Dino \u00e9 relator de quatro a\u00e7\u00f5es no Supremo que questionam a transpar\u00eancia das emendas parlamentares.<\/p>\n\n\n\n<p>Os processos s\u00e3o motivo de embates entre o Congresso e o Supremo. Foi por meio deles que o tribunal determinou o fim das emendas de relator em 2022 e suspendeu o pagamento de todos os recursos no ano passado.<\/p>\n","protected":false},"excerpt":{"rendered":"<p>Relat\u00f3rio do TCU revelou que 6.247 emendas desde 2020 n\u00e3o tiveram plano de trabalho apresentado. Por Folha de S.Paulo O ministro Fl\u00e1vio Dino, do Supremo Tribunal Federal (STF), determinou nesta ter\u00e7a-feira (1\u00ba) que estados e munic\u00edpios prestem contas da execu\u00e7\u00e3o de mais de 6 mil emendas Pix que n\u00e3o tiveram plano de trabalho. O prazo [&hellip;]<\/p>\n","protected":false},"author":2,"featured_media":86825,"comment_status":"open","ping_status":"open","sticky":false,"template":"","format":"standard","meta":{"_acf_changed":false,"_monsterinsights_skip_tracking":false,"_monsterinsights_sitenote_active":false,"_monsterinsights_sitenote_note":"","_monsterinsights_sitenote_category":0,"_jetpack_memberships_contains_paid_content":false,"footnotes":"","jetpack_publicize_message":"","jetpack_publicize_feature_enabled":true,"jetpack_social_post_already_shared":true,"jetpack_social_options":{"image_generator_settings":{"template":"highway","default_image_id":0,"font":"","enabled":false},"version":2}},"categories":[3],"tags":[],"class_list":["post-86824","post","type-post","status-publish","format-standard","has-post-thumbnail","hentry","category-politica"],"acf":[],"jetpack_publicize_connections":[],"jetpack_featured_media_url":"https:\/\/i0.wp.com\/blogdoeloiltoncajuhy.com.br\/site\/wp-content\/uploads\/2025\/04\/Ministro-Flavio-Dino-Foto-Pedro-Ladeira-Folhapress.jpg?fit=760%2C507&ssl=1","jetpack_sharing_enabled":true,"publishpress_future_workflow_manual_trigger":{"enabledWorkflows":[]},"_links":{"self":[{"href":"https:\/\/blogdoeloiltoncajuhy.com.br\/site\/wp-json\/wp\/v2\/posts\/86824","targetHints":{"allow":["GET"]}}],"collection":[{"href":"https:\/\/blogdoeloiltoncajuhy.com.br\/site\/wp-json\/wp\/v2\/posts"}],"about":[{"href":"https:\/\/blogdoeloiltoncajuhy.com.br\/site\/wp-json\/wp\/v2\/types\/post"}],"author":[{"embeddable":true,"href":"https:\/\/blogdoeloiltoncajuhy.com.br\/site\/wp-json\/wp\/v2\/users\/2"}],"replies":[{"embeddable":true,"href":"https:\/\/blogdoeloiltoncajuhy.com.br\/site\/wp-json\/wp\/v2\/comments?post=86824"}],"version-history":[{"count":1,"href":"https:\/\/blogdoeloiltoncajuhy.com.br\/site\/wp-json\/wp\/v2\/posts\/86824\/revisions"}],"predecessor-version":[{"id":86826,"href":"https:\/\/blogdoeloiltoncajuhy.com.br\/site\/wp-json\/wp\/v2\/posts\/86824\/revisions\/86826"}],"wp:featuredmedia":[{"embeddable":true,"href":"https:\/\/blogdoeloiltoncajuhy.com.br\/site\/wp-json\/wp\/v2\/media\/86825"}],"wp:attachment":[{"href":"https:\/\/blogdoeloiltoncajuhy.com.br\/site\/wp-json\/wp\/v2\/media?parent=86824"}],"wp:term":[{"taxonomy":"category","embeddable":true,"href":"https:\/\/blogdoeloiltoncajuhy.com.br\/site\/wp-json\/wp\/v2\/categories?post=86824"},{"taxonomy":"post_tag","embeddable":true,"href":"https:\/\/blogdoeloiltoncajuhy.com.br\/site\/wp-json\/wp\/v2\/tags?post=86824"}],"curies":[{"name":"wp","href":"https:\/\/api.w.org\/{rel}","templated":true}]}}