{"id":86822,"date":"2025-04-01T15:45:50","date_gmt":"2025-04-01T18:45:50","guid":{"rendered":"https:\/\/blogdoeloiltoncajuhy.com.br\/site\/?p=86822"},"modified":"2025-04-01T15:45:51","modified_gmt":"2025-04-01T18:45:51","slug":"caso-davi-apos-conclusao-de-inquerito-mp-ba-pede-informacoes-e-documentos-a-policia","status":"publish","type":"post","link":"https:\/\/blogdoeloiltoncajuhy.com.br\/site\/caso-davi-apos-conclusao-de-inquerito-mp-ba-pede-informacoes-e-documentos-a-policia\/","title":{"rendered":"Caso Davi: ap\u00f3s conclus\u00e3o de inqu\u00e9rito, MP-BA pede informa\u00e7\u00f5es e documentos \u00e0 pol\u00edcia"},"content":{"rendered":"\n<p class=\"has-medium-font-size\"><strong>Menino de 12 anos desapareceu em 2021, na cidade de Iti\u00faba. Pol\u00edcia concluiu inqu\u00e9rito em mar\u00e7o deste ano e fam\u00edlia contesta vers\u00e3o das autoridades.<\/strong><\/p>\n\n\n\n<p><strong>Por g1 BA<\/strong><\/p>\n\n\n\n<figure class=\"wp-block-image aligncenter size-full\"><a href=\"https:\/\/i0.wp.com\/blogdoeloiltoncajuhy.com.br\/site\/wp-content\/uploads\/2022\/03\/Davi-Lima-28032022.png\"><img data-recalc-dims=\"1\" fetchpriority=\"high\" decoding=\"async\" width=\"800\" height=\"536\" src=\"https:\/\/i0.wp.com\/blogdoeloiltoncajuhy.com.br\/site\/wp-content\/uploads\/2022\/03\/Davi-Lima-28032022.png?resize=800%2C536\" alt=\"\" class=\"wp-image-63857\" srcset=\"https:\/\/i0.wp.com\/blogdoeloiltoncajuhy.com.br\/site\/wp-content\/uploads\/2022\/03\/Davi-Lima-28032022.png?w=820&amp;ssl=1 820w, https:\/\/i0.wp.com\/blogdoeloiltoncajuhy.com.br\/site\/wp-content\/uploads\/2022\/03\/Davi-Lima-28032022.png?resize=300%2C201&amp;ssl=1 300w, https:\/\/i0.wp.com\/blogdoeloiltoncajuhy.com.br\/site\/wp-content\/uploads\/2022\/03\/Davi-Lima-28032022.png?resize=768%2C514&amp;ssl=1 768w\" sizes=\"(max-width: 800px) 100vw, 800px\" \/><\/a><figcaption class=\"wp-element-caption\"><sub>Foto: Arquivo da Fam\u00edlia<\/sub><\/figcaption><\/figure>\n\n\n\n<p>O Minist\u00e9rio P\u00fablico da Bahia (MP-BA) informou, nesta ter\u00e7a-feira (1\u00ba), que solicitou informa\u00e7\u00f5es e documentos sobre o caso Davi Lima \u00e0 Pol\u00edcia Civil. O garoto de 12 anos desapareceu em 2021, na cidade de Iti\u00faba. Em mar\u00e7o deste ano, o inqu\u00e9rito foi finalizado e a pol\u00edcia concluiu que n\u00e3o houve crime, o que \u00e9 refutado pelos familiares.<\/p>\n\n\n\n<p><a href=\"https:\/\/whatsapp.com\/channel\/0029VaAT7tDLI8Yfj5y9Z50Z\"><strong><mark style=\"background-color:rgba(0, 0, 0, 0)\" class=\"has-inline-color has-vivid-red-color\">Siga nosso canal no WhatsApp e veja mais not\u00edcias<\/mark><\/strong><\/a><\/p>\n\n\n\n<p>Davi Lima desapareceu no dia 28 de mar\u00e7o de 2021, enquanto passava f\u00e9rias na cidade. Apesar de terem sido feitas buscas com c\u00e3es farejadores, drones e helic\u00f3pteros, nenhum rastro do menino foi achado durante quase quatro anos.<\/p>\n\n\n\n<p>Somente em novembro de 2024, os restos mortais do garoto foram encontrados por vaqueiros em uma \u00e1rea de dif\u00edcil acesso. Em mar\u00e7o deste ano, a pol\u00edcia informou que o inqu\u00e9rito havia sido conclu\u00eddo. O documento aponta que Davi se perdeu na mata e morreu de causas naturais ou devido a algum acidente.<\/p>\n\n\n\n<p>A m\u00e3e do garoto contestou a vers\u00e3o da pol\u00edcia e pediu apoio do MP-BA para que haja uma revis\u00e3o na investiga\u00e7\u00e3o. Ap\u00f3s a finaliza\u00e7\u00e3o do inqu\u00e9rito, o \u00f3rg\u00e3o informou que requisitou acesso \u00e0 \u00edntegra de:<\/p>\n\n\n\n<ul class=\"wp-block-list\">\n<li>todas as medidas cautelares realizadas;<br><\/li>\n<\/ul>\n\n\n\n<ul class=\"wp-block-list\">\n<li>laudo de reprodu\u00e7\u00e3o simulada dos fatos;<br><\/li>\n<\/ul>\n\n\n\n<ul class=\"wp-block-list\">\n<li>laudo do local em que a ossada foi encontrada;<br><\/li>\n<\/ul>\n\n\n\n<ul class=\"wp-block-list\">\n<li>confirma\u00e7\u00e3o de que todas as dilig\u00eancias anteriormente determinadas foram realizadas durante a investiga\u00e7\u00e3o.<\/li>\n<\/ul>\n","protected":false},"excerpt":{"rendered":"<p>Menino de 12 anos desapareceu em 2021, na cidade de Iti\u00faba. Pol\u00edcia concluiu inqu\u00e9rito em mar\u00e7o deste ano e fam\u00edlia contesta vers\u00e3o das autoridades. Por g1 BA O Minist\u00e9rio P\u00fablico da Bahia (MP-BA) informou, nesta ter\u00e7a-feira (1\u00ba), que solicitou informa\u00e7\u00f5es e documentos sobre o caso Davi Lima \u00e0 Pol\u00edcia Civil. O garoto de 12 anos [&hellip;]<\/p>\n","protected":false},"author":2,"featured_media":57572,"comment_status":"open","ping_status":"open","sticky":false,"template":"","format":"standard","meta":{"_acf_changed":false,"_monsterinsights_skip_tracking":false,"_monsterinsights_sitenote_active":false,"_monsterinsights_sitenote_note":"","_monsterinsights_sitenote_category":0,"_jetpack_memberships_contains_paid_content":false,"footnotes":"","jetpack_publicize_message":"","jetpack_publicize_feature_enabled":true,"jetpack_social_post_already_shared":true,"jetpack_social_options":{"image_generator_settings":{"template":"highway","default_image_id":0,"font":"","enabled":false},"version":2}},"categories":[11],"tags":[],"class_list":["post-86822","post","type-post","status-publish","format-standard","has-post-thumbnail","hentry","category-regional"],"acf":[],"jetpack_publicize_connections":[],"jetpack_featured_media_url":"https:\/\/i0.wp.com\/blogdoeloiltoncajuhy.com.br\/site\/wp-content\/uploads\/2021\/06\/Davi-Lima-2021-06-28.jpeg?fit=984%2C643&ssl=1","jetpack_sharing_enabled":true,"publishpress_future_workflow_manual_trigger":{"enabledWorkflows":[]},"_links":{"self":[{"href":"https:\/\/blogdoeloiltoncajuhy.com.br\/site\/wp-json\/wp\/v2\/posts\/86822","targetHints":{"allow":["GET"]}}],"collection":[{"href":"https:\/\/blogdoeloiltoncajuhy.com.br\/site\/wp-json\/wp\/v2\/posts"}],"about":[{"href":"https:\/\/blogdoeloiltoncajuhy.com.br\/site\/wp-json\/wp\/v2\/types\/post"}],"author":[{"embeddable":true,"href":"https:\/\/blogdoeloiltoncajuhy.com.br\/site\/wp-json\/wp\/v2\/users\/2"}],"replies":[{"embeddable":true,"href":"https:\/\/blogdoeloiltoncajuhy.com.br\/site\/wp-json\/wp\/v2\/comments?post=86822"}],"version-history":[{"count":1,"href":"https:\/\/blogdoeloiltoncajuhy.com.br\/site\/wp-json\/wp\/v2\/posts\/86822\/revisions"}],"predecessor-version":[{"id":86823,"href":"https:\/\/blogdoeloiltoncajuhy.com.br\/site\/wp-json\/wp\/v2\/posts\/86822\/revisions\/86823"}],"wp:featuredmedia":[{"embeddable":true,"href":"https:\/\/blogdoeloiltoncajuhy.com.br\/site\/wp-json\/wp\/v2\/media\/57572"}],"wp:attachment":[{"href":"https:\/\/blogdoeloiltoncajuhy.com.br\/site\/wp-json\/wp\/v2\/media?parent=86822"}],"wp:term":[{"taxonomy":"category","embeddable":true,"href":"https:\/\/blogdoeloiltoncajuhy.com.br\/site\/wp-json\/wp\/v2\/categories?post=86822"},{"taxonomy":"post_tag","embeddable":true,"href":"https:\/\/blogdoeloiltoncajuhy.com.br\/site\/wp-json\/wp\/v2\/tags?post=86822"}],"curies":[{"name":"wp","href":"https:\/\/api.w.org\/{rel}","templated":true}]}}