{"id":86816,"date":"2025-04-01T15:14:48","date_gmt":"2025-04-01T18:14:48","guid":{"rendered":"https:\/\/blogdoeloiltoncajuhy.com.br\/site\/?p=86816"},"modified":"2025-04-01T15:23:36","modified_gmt":"2025-04-01T18:23:36","slug":"bolsonaro-precisa-aprender-portugues","status":"publish","type":"post","link":"https:\/\/blogdoeloiltoncajuhy.com.br\/site\/bolsonaro-precisa-aprender-portugues\/","title":{"rendered":"Bolsonaro precisa aprender portugu\u00eas"},"content":{"rendered":"\n<p class=\"has-medium-font-size\"><strong>Ele e os seus ser\u00e3o julgados conforme a lei, o que a ditadura que admiram n\u00e3o permitia aos advers\u00e1rios.<\/strong><\/p>\n\n\n\n<p class=\"has-text-align-right\"><strong>*Por Ruy Castro<\/strong><\/p>\n\n\n\n<figure class=\"wp-block-image aligncenter size-full\"><a href=\"https:\/\/i0.wp.com\/blogdoeloiltoncajuhy.com.br\/site\/wp-content\/uploads\/2025\/04\/Bolsonaro-em-comicio-em-Copacabana-Foto-Alexandre-Cassiano-Agencia-O-Globo.jpg?ssl=1\"><img data-recalc-dims=\"1\" fetchpriority=\"high\" decoding=\"async\" width=\"760\" height=\"507\" src=\"https:\/\/i0.wp.com\/blogdoeloiltoncajuhy.com.br\/site\/wp-content\/uploads\/2025\/04\/Bolsonaro-em-comicio-em-Copacabana-Foto-Alexandre-Cassiano-Agencia-O-Globo.jpg?resize=760%2C507&#038;ssl=1\" alt=\"\" class=\"wp-image-86818\" srcset=\"https:\/\/i0.wp.com\/blogdoeloiltoncajuhy.com.br\/site\/wp-content\/uploads\/2025\/04\/Bolsonaro-em-comicio-em-Copacabana-Foto-Alexandre-Cassiano-Agencia-O-Globo.jpg?w=760&amp;ssl=1 760w, https:\/\/i0.wp.com\/blogdoeloiltoncajuhy.com.br\/site\/wp-content\/uploads\/2025\/04\/Bolsonaro-em-comicio-em-Copacabana-Foto-Alexandre-Cassiano-Agencia-O-Globo.jpg?resize=300%2C200&amp;ssl=1 300w\" sizes=\"(max-width: 760px) 100vw, 760px\" \/><\/a><figcaption class=\"wp-element-caption\"><sub>Bolsonaro em com\u00edcio em Copacabana &#8211; Foto: Alexandre Cassiano\/Ag\u00eancia O Globo<\/sub><\/figcaption><\/figure>\n\n\n\n<p><a href=\"https:\/\/whatsapp.com\/channel\/0029VaAT7tDLI8Yfj5y9Z50Z\"><strong><mark style=\"background-color:rgba(0, 0, 0, 0)\" class=\"has-inline-color has-vivid-red-color\">Siga nosso canal no WhatsApp e veja mais not\u00edcias<\/mark><\/strong><\/a><\/p>\n\n\n\n<p>Bolsonaro precisa aprender portugu\u00eas. Quer ser absolvido de crimes que diz n\u00e3o ter cometido. Como ser absolvido de algo de que n\u00e3o se \u00e9 culpado? Outro dia subiu a um palanque para pedir anistia para os inocentes que tocaram o terror em Bras\u00edlia no 8\/1 na tentativa de induzir o Ex\u00e9rcito a dar um golpe. Mas \u00e9 poss\u00edvel anistiar inocentes? E ele n\u00e3o admite que se condene a 17 anos uma doce velhinha de B\u00edblia na m\u00e3o, sa\u00edda de seu burgo na ro\u00e7a, apenas porque ela se deixou iludir pelas mentiras que ele pr\u00f3prio disseminou. Como ela poderia saber que estaria em t\u00e3o m\u00e1s companhias quando lhe ofereceram um passeio a Bras\u00edlia com tudo pago e uma apraz\u00edvel temporada num camping diante de um quartel?<\/p>\n\n\n\n<p>O general Braga Netto tamb\u00e9m deveria ver sua pris\u00e3o preventiva como uma saison de merecidas f\u00e9rias. Afinal, n\u00e3o est\u00e1 numa cela gradeada e \u00famida, entre bandidos carentes e mal-intencionados. Est\u00e1 muito bem instalado num quarto com arm\u00e1rio, frigobar, TV, ar-condicionado e banheiro exclusivo, no quartel da 1\u00aa Divis\u00e3o do Ex\u00e9rcito, na Vila Militar, em Deodoro, Zona Oeste do Rio, a 50 quil\u00f4metros de seu antigo apartamento em Copacabana. Muito melhor do que as celas do tempo de seu chefe nos anos 1970, o general Sylvio Frota, em que os presos pol\u00edticos, em vez daqueles confortos, s\u00f3 dispunham de pau de arara, m\u00e1quina de choques, cadeira do drag\u00e3o, estupros e eventual &#8220;suic\u00eddio&#8221;.<\/p>\n\n\n\n<p>Bolsonaro e seus seguidores est\u00e3o convencidos de que vivemos numa ditadura comandada por Alexandre de Moraes. \u00c9 refrescante saber que ele e os seus se converteram \u00e0 democracia, depois de tantos anos louvando a ditadura, cujo defeito foi n\u00e3o ter matado tanta gente como eles gostariam.<\/p>\n\n\n\n<p>E, convictos da parcialidade da Justi\u00e7a contra eles, deveriam ficar aliviados por saber que ser\u00e3o julgados conforme a lei, em tribunais reconhecidos, com ampla possibilidade de defesa, mil recursos e transmiss\u00e3o pela TV e pela internet. Os r\u00e9us da ditadura n\u00e3o tinham essa colher de ch\u00e1.<\/p>\n\n\n\n<p>Isso quando sobreviviam para chegar a r\u00e9us.<\/p>\n\n\n\n<p><strong><mark style=\"background-color:rgba(0, 0, 0, 0)\" class=\"has-inline-color has-black-color\">*Ruy Castro<\/mark><\/strong><br><em>Jornalista e escritor, autor das biografias de Carmen Miranda, Garrincha e Nelson Rodrigues, \u00e9 membro da Academia Brasileira de Letras<\/em><\/p>\n","protected":false},"excerpt":{"rendered":"<p>Ele e os seus ser\u00e3o julgados conforme a lei, o que a ditadura que admiram n\u00e3o permitia aos advers\u00e1rios. *Por Ruy Castro Siga nosso canal no WhatsApp e veja mais not\u00edcias Bolsonaro precisa aprender portugu\u00eas. Quer ser absolvido de crimes que diz n\u00e3o ter cometido. Como ser absolvido de algo de que n\u00e3o se \u00e9 [&hellip;]<\/p>\n","protected":false},"author":2,"featured_media":86818,"comment_status":"open","ping_status":"open","sticky":false,"template":"","format":"standard","meta":{"_acf_changed":false,"_monsterinsights_skip_tracking":false,"_monsterinsights_sitenote_active":false,"_monsterinsights_sitenote_note":"","_monsterinsights_sitenote_category":0,"_jetpack_memberships_contains_paid_content":false,"footnotes":"","jetpack_publicize_message":"","jetpack_publicize_feature_enabled":true,"jetpack_social_post_already_shared":true,"jetpack_social_options":{"image_generator_settings":{"template":"highway","default_image_id":0,"font":"","enabled":false},"version":2}},"categories":[3],"tags":[],"class_list":["post-86816","post","type-post","status-publish","format-standard","has-post-thumbnail","hentry","category-politica"],"acf":[],"jetpack_publicize_connections":[],"jetpack_featured_media_url":"https:\/\/i0.wp.com\/blogdoeloiltoncajuhy.com.br\/site\/wp-content\/uploads\/2025\/04\/Bolsonaro-em-comicio-em-Copacabana-Foto-Alexandre-Cassiano-Agencia-O-Globo.jpg?fit=760%2C507&ssl=1","jetpack_sharing_enabled":true,"publishpress_future_workflow_manual_trigger":{"enabledWorkflows":[]},"_links":{"self":[{"href":"https:\/\/blogdoeloiltoncajuhy.com.br\/site\/wp-json\/wp\/v2\/posts\/86816","targetHints":{"allow":["GET"]}}],"collection":[{"href":"https:\/\/blogdoeloiltoncajuhy.com.br\/site\/wp-json\/wp\/v2\/posts"}],"about":[{"href":"https:\/\/blogdoeloiltoncajuhy.com.br\/site\/wp-json\/wp\/v2\/types\/post"}],"author":[{"embeddable":true,"href":"https:\/\/blogdoeloiltoncajuhy.com.br\/site\/wp-json\/wp\/v2\/users\/2"}],"replies":[{"embeddable":true,"href":"https:\/\/blogdoeloiltoncajuhy.com.br\/site\/wp-json\/wp\/v2\/comments?post=86816"}],"version-history":[{"count":3,"href":"https:\/\/blogdoeloiltoncajuhy.com.br\/site\/wp-json\/wp\/v2\/posts\/86816\/revisions"}],"predecessor-version":[{"id":86821,"href":"https:\/\/blogdoeloiltoncajuhy.com.br\/site\/wp-json\/wp\/v2\/posts\/86816\/revisions\/86821"}],"wp:featuredmedia":[{"embeddable":true,"href":"https:\/\/blogdoeloiltoncajuhy.com.br\/site\/wp-json\/wp\/v2\/media\/86818"}],"wp:attachment":[{"href":"https:\/\/blogdoeloiltoncajuhy.com.br\/site\/wp-json\/wp\/v2\/media?parent=86816"}],"wp:term":[{"taxonomy":"category","embeddable":true,"href":"https:\/\/blogdoeloiltoncajuhy.com.br\/site\/wp-json\/wp\/v2\/categories?post=86816"},{"taxonomy":"post_tag","embeddable":true,"href":"https:\/\/blogdoeloiltoncajuhy.com.br\/site\/wp-json\/wp\/v2\/tags?post=86816"}],"curies":[{"name":"wp","href":"https:\/\/api.w.org\/{rel}","templated":true}]}}