{"id":86807,"date":"2025-04-01T08:55:33","date_gmt":"2025-04-01T11:55:33","guid":{"rendered":"https:\/\/blogdoeloiltoncajuhy.com.br\/site\/?p=86807"},"modified":"2025-04-01T08:55:35","modified_gmt":"2025-04-01T11:55:35","slug":"baiana-de-retirolandia-e-assassinada-no-rio-grande-do-sul-e-companheiro-e-preso-suspeito-do-crime","status":"publish","type":"post","link":"https:\/\/blogdoeloiltoncajuhy.com.br\/site\/baiana-de-retirolandia-e-assassinada-no-rio-grande-do-sul-e-companheiro-e-preso-suspeito-do-crime\/","title":{"rendered":"Baiana de Retirol\u00e2ndia \u00e9 assassinada no Rio Grande do Sul e companheiro \u00e9 preso suspeito do crime"},"content":{"rendered":"\n<p class=\"has-medium-font-size\"><strong>\u00c9rica Garc\u00eas de Oliveira foi morta no s\u00e1bado (29), na cidade de Bento Gon\u00e7alves. Parentes da mulher j\u00e1 deram in\u00edcios aos tr\u00e2mites para levar o corpo at\u00e9 sua cidade natal.<\/strong><\/p>\n\n\n\n<p><strong>Blog do Eloilton Cajuhy \u2013 BEC<\/strong><\/p>\n\n\n\n<figure class=\"wp-block-image aligncenter size-full\"><a href=\"https:\/\/i0.wp.com\/blogdoeloiltoncajuhy.com.br\/site\/wp-content\/uploads\/2025\/04\/Vitima-natural-de-Retirolandia-foi-assassinada-a-tiros-pelo-companheiro-%E2%80%94-Foto-Redes-Sociais.png?ssl=1\"><img data-recalc-dims=\"1\" fetchpriority=\"high\" decoding=\"async\" width=\"550\" height=\"500\" src=\"https:\/\/i0.wp.com\/blogdoeloiltoncajuhy.com.br\/site\/wp-content\/uploads\/2025\/04\/Vitima-natural-de-Retirolandia-foi-assassinada-a-tiros-pelo-companheiro-%E2%80%94-Foto-Redes-Sociais.png?resize=550%2C500&#038;ssl=1\" alt=\"\" class=\"wp-image-86811\" srcset=\"https:\/\/i0.wp.com\/blogdoeloiltoncajuhy.com.br\/site\/wp-content\/uploads\/2025\/04\/Vitima-natural-de-Retirolandia-foi-assassinada-a-tiros-pelo-companheiro-%E2%80%94-Foto-Redes-Sociais.png?w=550&amp;ssl=1 550w, https:\/\/i0.wp.com\/blogdoeloiltoncajuhy.com.br\/site\/wp-content\/uploads\/2025\/04\/Vitima-natural-de-Retirolandia-foi-assassinada-a-tiros-pelo-companheiro-%E2%80%94-Foto-Redes-Sociais.png?resize=300%2C273&amp;ssl=1 300w\" sizes=\"(max-width: 550px) 100vw, 550px\" \/><\/a><figcaption class=\"wp-element-caption\"><sub>V\u00edtima natural de Retirol\u00e2ndia foi assassinada a tiros pelo companheiro \u2014 Foto: Redes Sociais<\/sub><\/figcaption><\/figure>\n\n\n\n<p>Uma baiana de 31 anos foi morta a tiros em Bento Gon\u00e7alves, cidade no interior do Rio Grande do Sul, no s\u00e1bado (29). Nesta segunda-feira (31), o companheiro dela foi preso, suspeito de cometer o crime.<\/p>\n\n\n\n<p>A mulher foi identificada como <strong><mark style=\"background-color:rgba(0, 0, 0, 0)\" class=\"has-inline-color has-black-color\">\u00c9rica Garc\u00eas de Oliveira<\/mark><\/strong>. Ela foi baleada na Rua Tupanciret\u00e3, no bairro Juventude da Enologia, quando retornava do trabalho.<\/p>\n\n\n\n<p>Conforme apurado pela TV Suba\u00e9, \u00c9rica chegou a ser socorrida pelo Servi\u00e7o de Atendimento M\u00f3vel de Urg\u00eancia (Samu) e foi encaminhada ao Hospital Tacchini, mas n\u00e3o resistiu aos ferimentos. Ela deixa quatro filhos, dois deles fruto do relacionamento com o suspeito, identificado como <strong><mark style=\"background-color:rgba(0, 0, 0, 0)\" class=\"has-inline-color has-black-color\">Idelm\u00e1rio Merc\u00eas Santana<\/mark><\/strong>, de 30 anos.<\/p>\n\n\n\n<p><a href=\"https:\/\/whatsapp.com\/channel\/0029VaAT7tDLI8Yfj5y9Z50Z\"><strong><mark style=\"background-color:rgba(0, 0, 0, 0)\" class=\"has-inline-color has-vivid-red-color\">Siga nosso canal no WhatsApp e veja mais not\u00edcias<\/mark><\/strong><\/a><\/p>\n\n\n\n<p>Com mandado de pris\u00e3o preventiva em aberto, o homem foi capturado na cidade ga\u00facha. Ele era procurado pela pol\u00edcia desde o fim de semana.<\/p>\n\n\n\n<p>De acordo com a emissora, Idelm\u00e1rio tamb\u00e9m \u00e9 baiano, natural de Concei\u00e7\u00e3o do Coit\u00e9. Familiares disseram \u00e0 equipe de reportagem que o homem tinha muito ci\u00fame de \u00c9rica. O feminic\u00eddio \u00e9 investigado pela Pol\u00edcia Civil.<\/p>\n\n\n\n<h4 class=\"wp-block-heading\"><strong><mark style=\"background-color:rgba(0, 0, 0, 0)\" class=\"has-inline-color has-black-color\">Transfer\u00eancia do corpo<\/mark><\/strong><\/h4>\n\n\n\n<p>A fam\u00edlia de \u00c9rica vive em Retirol\u00e2ndia. Eles j\u00e1 iniciaram os tr\u00e2mites para levar o corpo da mulher \u00e0 cidade baiana.<\/p>\n\n\n\n<p>De acordo com a m\u00e3e de \u00c9rica, Gilzete Garc\u00eas, os parentes na cidade ga\u00facha est\u00e3o reunindo os documentos para a viagem. A expectativa \u00e9 realizar o sepultamento de \u00c9rica nesta ter\u00e7a-feira (1\u00ba), em Retirol\u00e2ndia.<\/p>\n\n\n\n<figure class=\"wp-block-image aligncenter size-full\"><a href=\"https:\/\/i0.wp.com\/blogdoeloiltoncajuhy.com.br\/site\/wp-content\/uploads\/2025\/04\/Vitima-natural-de-Retirolandia-foi-morta-pelo-companheiro-no-RS-%E2%80%94-Foto-Redes-Sociais.png?ssl=1\"><img data-recalc-dims=\"1\" decoding=\"async\" width=\"475\" height=\"502\" src=\"https:\/\/i0.wp.com\/blogdoeloiltoncajuhy.com.br\/site\/wp-content\/uploads\/2025\/04\/Vitima-natural-de-Retirolandia-foi-morta-pelo-companheiro-no-RS-%E2%80%94-Foto-Redes-Sociais.png?resize=475%2C502&#038;ssl=1\" alt=\"\" class=\"wp-image-86812\" srcset=\"https:\/\/i0.wp.com\/blogdoeloiltoncajuhy.com.br\/site\/wp-content\/uploads\/2025\/04\/Vitima-natural-de-Retirolandia-foi-morta-pelo-companheiro-no-RS-%E2%80%94-Foto-Redes-Sociais.png?w=475&amp;ssl=1 475w, https:\/\/i0.wp.com\/blogdoeloiltoncajuhy.com.br\/site\/wp-content\/uploads\/2025\/04\/Vitima-natural-de-Retirolandia-foi-morta-pelo-companheiro-no-RS-%E2%80%94-Foto-Redes-Sociais.png?resize=284%2C300&amp;ssl=1 284w\" sizes=\"(max-width: 475px) 100vw, 475px\" \/><\/a><figcaption class=\"wp-element-caption\"><sub>V\u00edtima natural de Retirol\u00e2ndia foi morta pelo companheiro, no RS \u2014 Foto: Redes Sociais<\/sub><\/figcaption><\/figure>\n","protected":false},"excerpt":{"rendered":"<p>\u00c9rica Garc\u00eas de Oliveira foi morta no s\u00e1bado (29), na cidade de Bento Gon\u00e7alves. Parentes da mulher j\u00e1 deram in\u00edcios aos tr\u00e2mites para levar o corpo at\u00e9 sua cidade natal. Blog do Eloilton Cajuhy \u2013 BEC Uma baiana de 31 anos foi morta a tiros em Bento Gon\u00e7alves, cidade no interior do Rio Grande do [&hellip;]<\/p>\n","protected":false},"author":2,"featured_media":86811,"comment_status":"open","ping_status":"open","sticky":false,"template":"","format":"standard","meta":{"_acf_changed":false,"_monsterinsights_skip_tracking":false,"_monsterinsights_sitenote_active":false,"_monsterinsights_sitenote_note":"","_monsterinsights_sitenote_category":0,"_jetpack_memberships_contains_paid_content":false,"footnotes":"","jetpack_publicize_message":"","jetpack_publicize_feature_enabled":true,"jetpack_social_post_already_shared":false,"jetpack_social_options":{"image_generator_settings":{"template":"highway","enabled":false},"version":2}},"categories":[15],"tags":[],"class_list":["post-86807","post","type-post","status-publish","format-standard","has-post-thumbnail","hentry","category-policia"],"acf":[],"jetpack_publicize_connections":[],"jetpack_featured_media_url":"https:\/\/i0.wp.com\/blogdoeloiltoncajuhy.com.br\/site\/wp-content\/uploads\/2025\/04\/Vitima-natural-de-Retirolandia-foi-assassinada-a-tiros-pelo-companheiro-%E2%80%94-Foto-Redes-Sociais.png?fit=550%2C500&ssl=1","jetpack_sharing_enabled":true,"publishpress_future_workflow_manual_trigger":{"enabledWorkflows":[]},"_links":{"self":[{"href":"https:\/\/blogdoeloiltoncajuhy.com.br\/site\/wp-json\/wp\/v2\/posts\/86807","targetHints":{"allow":["GET"]}}],"collection":[{"href":"https:\/\/blogdoeloiltoncajuhy.com.br\/site\/wp-json\/wp\/v2\/posts"}],"about":[{"href":"https:\/\/blogdoeloiltoncajuhy.com.br\/site\/wp-json\/wp\/v2\/types\/post"}],"author":[{"embeddable":true,"href":"https:\/\/blogdoeloiltoncajuhy.com.br\/site\/wp-json\/wp\/v2\/users\/2"}],"replies":[{"embeddable":true,"href":"https:\/\/blogdoeloiltoncajuhy.com.br\/site\/wp-json\/wp\/v2\/comments?post=86807"}],"version-history":[{"count":2,"href":"https:\/\/blogdoeloiltoncajuhy.com.br\/site\/wp-json\/wp\/v2\/posts\/86807\/revisions"}],"predecessor-version":[{"id":86813,"href":"https:\/\/blogdoeloiltoncajuhy.com.br\/site\/wp-json\/wp\/v2\/posts\/86807\/revisions\/86813"}],"wp:featuredmedia":[{"embeddable":true,"href":"https:\/\/blogdoeloiltoncajuhy.com.br\/site\/wp-json\/wp\/v2\/media\/86811"}],"wp:attachment":[{"href":"https:\/\/blogdoeloiltoncajuhy.com.br\/site\/wp-json\/wp\/v2\/media?parent=86807"}],"wp:term":[{"taxonomy":"category","embeddable":true,"href":"https:\/\/blogdoeloiltoncajuhy.com.br\/site\/wp-json\/wp\/v2\/categories?post=86807"},{"taxonomy":"post_tag","embeddable":true,"href":"https:\/\/blogdoeloiltoncajuhy.com.br\/site\/wp-json\/wp\/v2\/tags?post=86807"}],"curies":[{"name":"wp","href":"https:\/\/api.w.org\/{rel}","templated":true}]}}