{"id":86767,"date":"2025-03-30T00:10:00","date_gmt":"2025-03-30T03:10:00","guid":{"rendered":"https:\/\/blogdoeloiltoncajuhy.com.br\/site\/?p=86767"},"modified":"2025-03-29T12:32:21","modified_gmt":"2025-03-29T15:32:21","slug":"luiz-gonzaga-cantou-no-sao-joao-de-bonfim-no-ano-do-centenario-da-cidade","status":"publish","type":"post","link":"https:\/\/blogdoeloiltoncajuhy.com.br\/site\/luiz-gonzaga-cantou-no-sao-joao-de-bonfim-no-ano-do-centenario-da-cidade\/","title":{"rendered":"Luiz Gonzaga cantou no S\u00e3o Jo\u00e3o de Bonfim no ano do centen\u00e1rio da cidade"},"content":{"rendered":"\n<p class=\"has-medium-font-size\"><strong>Artista foi uma das atra\u00e7\u00f5es dos festejos juninos no ano em que a cidade comemorou 100 anos.<\/strong><\/p>\n\n\n\n<p><strong>Por Blog do Eloilton Cajuhy &#8211; BEC<\/strong><\/p>\n\n\n\n<figure class=\"wp-block-image aligncenter size-full\"><a href=\"https:\/\/i0.wp.com\/blogdoeloiltoncajuhy.com.br\/site\/wp-content\/uploads\/2025\/03\/MC_Recorte-Os-Sertoes-2025-03-22.jpeg?ssl=1\"><img data-recalc-dims=\"1\" fetchpriority=\"high\" decoding=\"async\" width=\"560\" height=\"700\" src=\"https:\/\/i0.wp.com\/blogdoeloiltoncajuhy.com.br\/site\/wp-content\/uploads\/2025\/03\/MC_Recorte-Os-Sertoes-2025-03-22.jpeg?resize=560%2C700&#038;ssl=1\" alt=\"\" class=\"wp-image-86768\" srcset=\"https:\/\/i0.wp.com\/blogdoeloiltoncajuhy.com.br\/site\/wp-content\/uploads\/2025\/03\/MC_Recorte-Os-Sertoes-2025-03-22.jpeg?w=560&amp;ssl=1 560w, https:\/\/i0.wp.com\/blogdoeloiltoncajuhy.com.br\/site\/wp-content\/uploads\/2025\/03\/MC_Recorte-Os-Sertoes-2025-03-22.jpeg?resize=240%2C300&amp;ssl=1 240w\" sizes=\"(max-width: 560px) 100vw, 560px\" \/><\/a><figcaption class=\"wp-element-caption\"><sub>Capa do Jornal Correios dos Sert\u00f5es anunciava a Guerra de Espadas no S\u00e3o Jo\u00e3o de Bonfim no ano do centen\u00e1rio da cidade<\/sub><\/figcaption><\/figure>\n\n\n\n<p>Recorte da capa do <strong><mark style=\"background-color:rgba(0, 0, 0, 0)\" class=\"has-inline-color has-black-color\">jornal Correio dos Sert\u00f5es<\/mark><\/strong> de junho de 1985 (<em>veja acima<\/em>), destacando a Guerra de Espadas no <strong><mark style=\"background-color:rgba(0, 0, 0, 0)\" class=\"has-inline-color has-black-color\">S\u00e3o Jo\u00e3o do centen\u00e1rio de Senhor do Bonfim<\/mark><\/strong>, anunciava a realiza\u00e7\u00e3o de uma das mais fortes tradi\u00e7\u00f5es dos nossos festejos.<\/p>\n\n\n\n<p>Naquele ano, a cidade viveu uma das maiores festas juninas de sua hist\u00f3ria, promovida pela gest\u00e3o de C\u00e2ndido Augusto Martins.<\/p>\n\n\n\n<p>Entre os dias 15 e 26 de junho, o Arraial Tapera, na Pra\u00e7a Nova do Congresso, recebeu grandes nomes, como Luiz Gonzaga, Dominguinhos e Oswaldinho do Acordeon. A programa\u00e7\u00e3o oficial incluiu a tradicional Guerra de Espadas, Festival de M\u00fasica Junina, Desfile de Carro\u00e7as, Tarde dos Bal\u00f5es, quadrilhas juninas e muito mais.<\/p>\n\n\n\n<p>Foram 30 dias de festa, encerrando com a Fogueira das Mo\u00e7as e o S\u00e3o Pedro em Andorinha.<\/p>\n\n\n\n<p>Atualmente, a Guerra de Espadas saiu da programa\u00e7\u00e3o festiva do S\u00e3o Jo\u00e3o, por conta de a\u00e7\u00e3o judicial.<\/p>\n\n\n\n<figure class=\"wp-block-image aligncenter size-full\"><a href=\"https:\/\/i0.wp.com\/blogdoeloiltoncajuhy.com.br\/site\/wp-content\/uploads\/2025\/03\/Luiz-Gonzaga-Dr-Nequinho-Foto-Mauro-Celho.png?ssl=1\"><img data-recalc-dims=\"1\" decoding=\"async\" width=\"800\" height=\"441\" src=\"https:\/\/i0.wp.com\/blogdoeloiltoncajuhy.com.br\/site\/wp-content\/uploads\/2025\/03\/Luiz-Gonzaga-Dr-Nequinho-Foto-Mauro-Celho.png?resize=800%2C441&#038;ssl=1\" alt=\"\" class=\"wp-image-86769\" srcset=\"https:\/\/i0.wp.com\/blogdoeloiltoncajuhy.com.br\/site\/wp-content\/uploads\/2025\/03\/Luiz-Gonzaga-Dr-Nequinho-Foto-Mauro-Celho.png?w=800&amp;ssl=1 800w, https:\/\/i0.wp.com\/blogdoeloiltoncajuhy.com.br\/site\/wp-content\/uploads\/2025\/03\/Luiz-Gonzaga-Dr-Nequinho-Foto-Mauro-Celho.png?resize=300%2C165&amp;ssl=1 300w, https:\/\/i0.wp.com\/blogdoeloiltoncajuhy.com.br\/site\/wp-content\/uploads\/2025\/03\/Luiz-Gonzaga-Dr-Nequinho-Foto-Mauro-Celho.png?resize=768%2C423&amp;ssl=1 768w\" sizes=\"(max-width: 800px) 100vw, 800px\" \/><\/a><figcaption class=\"wp-element-caption\">Luiz Gonzaga em uma de suas passagens por Senhor do Bonfim, ao lado de Dr, Nequinho, esposa e amigos &#8211; Foto: Mauro Coelho<\/figcaption><\/figure>\n\n\n\n<p><a href=\"https:\/\/whatsapp.com\/channel\/0029VaAT7tDLI8Yfj5y9Z50Z\"><strong><mark style=\"background-color:rgba(0, 0, 0, 0)\" class=\"has-inline-color has-vivid-red-color\">Siga nosso canal no WhatsApp e veja mais not\u00edcias<\/mark><\/strong><\/a><\/p>\n","protected":false},"excerpt":{"rendered":"<p>Artista foi uma das atra\u00e7\u00f5es dos festejos juninos no ano em que a cidade comemorou 100 anos. Por Blog do Eloilton Cajuhy &#8211; BEC Recorte da capa do jornal Correio dos Sert\u00f5es de junho de 1985 (veja acima), destacando a Guerra de Espadas no S\u00e3o Jo\u00e3o do centen\u00e1rio de Senhor do Bonfim, anunciava a realiza\u00e7\u00e3o [&hellip;]<\/p>\n","protected":false},"author":2,"featured_media":12182,"comment_status":"open","ping_status":"open","sticky":false,"template":"","format":"standard","meta":{"_acf_changed":false,"_monsterinsights_skip_tracking":false,"_monsterinsights_sitenote_active":false,"_monsterinsights_sitenote_note":"","_monsterinsights_sitenote_category":0,"_jetpack_memberships_contains_paid_content":false,"footnotes":"","jetpack_publicize_message":"","jetpack_publicize_feature_enabled":true,"jetpack_social_post_already_shared":true,"jetpack_social_options":{"image_generator_settings":{"template":"highway","enabled":false},"version":2}},"categories":[8],"tags":[],"class_list":["post-86767","post","type-post","status-publish","format-standard","has-post-thumbnail","hentry","category-cultura"],"acf":[],"jetpack_publicize_connections":[],"jetpack_featured_media_url":"https:\/\/i0.wp.com\/blogdoeloiltoncajuhy.com.br\/site\/wp-content\/uploads\/2016\/09\/Luiz-Gonzaga.jpg?fit=1600%2C1208&ssl=1","jetpack_sharing_enabled":true,"publishpress_future_workflow_manual_trigger":{"enabledWorkflows":[]},"_links":{"self":[{"href":"https:\/\/blogdoeloiltoncajuhy.com.br\/site\/wp-json\/wp\/v2\/posts\/86767","targetHints":{"allow":["GET"]}}],"collection":[{"href":"https:\/\/blogdoeloiltoncajuhy.com.br\/site\/wp-json\/wp\/v2\/posts"}],"about":[{"href":"https:\/\/blogdoeloiltoncajuhy.com.br\/site\/wp-json\/wp\/v2\/types\/post"}],"author":[{"embeddable":true,"href":"https:\/\/blogdoeloiltoncajuhy.com.br\/site\/wp-json\/wp\/v2\/users\/2"}],"replies":[{"embeddable":true,"href":"https:\/\/blogdoeloiltoncajuhy.com.br\/site\/wp-json\/wp\/v2\/comments?post=86767"}],"version-history":[{"count":2,"href":"https:\/\/blogdoeloiltoncajuhy.com.br\/site\/wp-json\/wp\/v2\/posts\/86767\/revisions"}],"predecessor-version":[{"id":86771,"href":"https:\/\/blogdoeloiltoncajuhy.com.br\/site\/wp-json\/wp\/v2\/posts\/86767\/revisions\/86771"}],"wp:featuredmedia":[{"embeddable":true,"href":"https:\/\/blogdoeloiltoncajuhy.com.br\/site\/wp-json\/wp\/v2\/media\/12182"}],"wp:attachment":[{"href":"https:\/\/blogdoeloiltoncajuhy.com.br\/site\/wp-json\/wp\/v2\/media?parent=86767"}],"wp:term":[{"taxonomy":"category","embeddable":true,"href":"https:\/\/blogdoeloiltoncajuhy.com.br\/site\/wp-json\/wp\/v2\/categories?post=86767"},{"taxonomy":"post_tag","embeddable":true,"href":"https:\/\/blogdoeloiltoncajuhy.com.br\/site\/wp-json\/wp\/v2\/tags?post=86767"}],"curies":[{"name":"wp","href":"https:\/\/api.w.org\/{rel}","templated":true}]}}