{"id":86756,"date":"2025-03-29T00:10:00","date_gmt":"2025-03-29T03:10:00","guid":{"rendered":"https:\/\/blogdoeloiltoncajuhy.com.br\/site\/?p=86756"},"modified":"2025-03-28T18:34:52","modified_gmt":"2025-03-28T21:34:52","slug":"senado-aprova-uso-de-tornozeleira-eletronica-para-acusados-de-violencia-domestica","status":"publish","type":"post","link":"https:\/\/blogdoeloiltoncajuhy.com.br\/site\/senado-aprova-uso-de-tornozeleira-eletronica-para-acusados-de-violencia-domestica\/","title":{"rendered":"Senado aprova uso de tornozeleira eletr\u00f4nica para acusados de viol\u00eancia dom\u00e9stica"},"content":{"rendered":"\n<p class=\"has-medium-font-size\"><strong>Texto tamb\u00e9m prev\u00ea que a v\u00edtima e a pol\u00edcia sejam alertadas quanto \u00e0 aproxima\u00e7\u00e3o indevida do agressor. O projeto segue \u00e0 san\u00e7\u00e3o presidencial.<\/strong><\/p>\n\n\n\n<p><strong>Por Brasil 61<\/strong><\/p>\n\n\n\n<figure class=\"wp-block-image aligncenter size-full\"><a href=\"https:\/\/i0.wp.com\/blogdoeloiltoncajuhy.com.br\/site\/wp-content\/uploads\/2025\/03\/Violencia-contra-a-mulher-Foto-rawpixel.com-Freepik.jpg?ssl=1\"><img data-recalc-dims=\"1\" fetchpriority=\"high\" decoding=\"async\" width=\"760\" height=\"507\" src=\"https:\/\/i0.wp.com\/blogdoeloiltoncajuhy.com.br\/site\/wp-content\/uploads\/2025\/03\/Violencia-contra-a-mulher-Foto-rawpixel.com-Freepik.jpg?resize=760%2C507&#038;ssl=1\" alt=\"\" class=\"wp-image-86757\" srcset=\"https:\/\/i0.wp.com\/blogdoeloiltoncajuhy.com.br\/site\/wp-content\/uploads\/2025\/03\/Violencia-contra-a-mulher-Foto-rawpixel.com-Freepik.jpg?w=760&amp;ssl=1 760w, https:\/\/i0.wp.com\/blogdoeloiltoncajuhy.com.br\/site\/wp-content\/uploads\/2025\/03\/Violencia-contra-a-mulher-Foto-rawpixel.com-Freepik.jpg?resize=300%2C200&amp;ssl=1 300w\" sizes=\"(max-width: 760px) 100vw, 760px\" \/><\/a><figcaption class=\"wp-element-caption\"><sub>Foto: rawpixel.com\/Freepik<\/sub><\/figcaption><\/figure>\n\n\n\n<p>Na \u00faltima quarta-feira (26), o Plen\u00e1rio do Senado aprovou o projeto de lei (PL 5.427\/2023), que estabelece que agressor de mulher ter\u00e1 de usar tornozeleira eletr\u00f4nica. O objetivo da medida \u00e9 garantir o cumprimento de medidas protetivas em casos de viol\u00eancia dom\u00e9stica e familiar. Pelo texto, a v\u00edtima e a pol\u00edcia dever\u00e3o ser alertadas sobre uma aproxima\u00e7\u00e3o indevida do agressor. O projeto segue \u00e0 san\u00e7\u00e3o presidencial.<\/p>\n\n\n\n<p>A proposta prev\u00ea que o juiz tamb\u00e9m pode oferecer dispositivo de seguran\u00e7a, como um aplicativo de celular ou &#8220;bot\u00e3o do p\u00e2nico\u201d. O dispositivo \u00e9 justificado tendo em vista que a medida protetiva de urg\u00eancia limita os locais que o acusado pode frequentar, com vistas a proteger a mulher.<\/p>\n\n\n\n<p>O projeto aprovado pelos senadores altera a Lei Maria da Penha, de 2006, ao incluir o monitoramento eletr\u00f4nico \u00e0 lista de medidas que o juiz pode aplicar. Pela norma atual, em casos de viol\u00eancia dom\u00e9stica e familiar, o juiz pode aplicar de imediato medidas como afastamento do lar, proibi\u00e7\u00e3o de aproxima\u00e7\u00e3o e contato com a v\u00edtima e o comparecimento a programas de reeduca\u00e7\u00e3o, entre outras.&nbsp;<\/p>\n\n\n\n<p><a href=\"https:\/\/whatsapp.com\/channel\/0029VaAT7tDLI8Yfj5y9Z50Z\"><strong><mark style=\"background-color:rgba(0, 0, 0, 0)\" class=\"has-inline-color has-vivid-red-color\">Siga nosso canal no WhatsApp e veja mais not\u00edcias<\/mark><\/strong><\/a><\/p>\n\n\n\n<p>O PL 5.427\/2023 \u00e9 de autoria do deputado federal Gutemberg Reis (MDB-RJ). No Senado, recebeu voto favor\u00e1vel da relatora, senadora Leila Barros (PDT-DF).<\/p>\n\n\n\n<p>O relator na Comiss\u00e3o de Direitos Humanos (CDH), senador Paulo Paim (PT-RS), alterou o texto para deixar a cargo das secretarias de Seguran\u00e7a P\u00fablica definir como as mulheres e a pol\u00edcia ser\u00e3o informadas em caso de aproxima\u00e7\u00e3o do acusado. Conforme o senador, as v\u00edtimas dever\u00e3o dispor de um dispositivo eletr\u00f4nico ou aplicativo que alerta sobre o descumprimento da medida protetiva.<\/p>\n\n\n\n<h4 class=\"wp-block-heading\"><strong><mark style=\"background-color:rgba(0, 0, 0, 0)\" class=\"has-inline-color has-black-color\">Prote\u00e7\u00e3o \u00e0 mulher<\/mark><\/strong><\/h4>\n\n\n\n<p>No \u00faltimo dia 19 de mar\u00e7o a Comiss\u00e3o de Direitos Humanos (CDH) aprovou dois projetos de combate \u00e0 viol\u00eancia contra a mulher. O PL 5.710\/2023 institui o Plano Nacional de Preven\u00e7\u00e3o e Enfrentamento \u00e0 Viol\u00eancia contra a Mulher, com princ\u00edpios e diretrizes para enfrentar o problema.<\/p>\n\n\n\n<p>As diretrizes do plano incluem, entre outros, a prote\u00e7\u00e3o da fam\u00edlia, o atendimento humanizado e n\u00e3o revitimizador da mulher, a assist\u00eancia \u00e0 mulher em situa\u00e7\u00e3o de viol\u00eancia e \u00e0 sua fam\u00edlia e o incentivo \u00e0 den\u00fancia. A proposta aguarda designa\u00e7\u00e3o de relator na Comiss\u00e3o de Seguran\u00e7a P\u00fablica (CSP).<\/p>\n\n\n\n<p>J\u00e1 a outra proposta aprovada, PL 4.781\/2023, estabelece que, al\u00e9m de pris\u00e3o, os agressores que praticaram crimes contra a mulher poder\u00e3o ser punidos com perda de bens e valores de propriedade equivalentes a no m\u00ednimo R$ 500 e no m\u00e1ximo R$ 100 mil. O texto espera indica\u00e7\u00e3o de relator na&nbsp;Comiss\u00e3o de Constitui\u00e7\u00e3o, Justi\u00e7a e Cidadania (CCJ).<\/p>\n\n\n\n<p><strong><em>Com informa\u00e7\u00f5es da Ag\u00eancia Senado<\/em><\/strong><\/p>\n","protected":false},"excerpt":{"rendered":"<p>Texto tamb\u00e9m prev\u00ea que a v\u00edtima e a pol\u00edcia sejam alertadas quanto \u00e0 aproxima\u00e7\u00e3o indevida do agressor. O projeto segue \u00e0 san\u00e7\u00e3o presidencial. Por Brasil 61 Na \u00faltima quarta-feira (26), o Plen\u00e1rio do Senado aprovou o projeto de lei (PL 5.427\/2023), que estabelece que agressor de mulher ter\u00e1 de usar tornozeleira eletr\u00f4nica. O objetivo da [&hellip;]<\/p>\n","protected":false},"author":2,"featured_media":86757,"comment_status":"open","ping_status":"open","sticky":false,"template":"","format":"standard","meta":{"_acf_changed":false,"_monsterinsights_skip_tracking":false,"_monsterinsights_sitenote_active":false,"_monsterinsights_sitenote_note":"","_monsterinsights_sitenote_category":0,"_jetpack_memberships_contains_paid_content":false,"footnotes":"","jetpack_publicize_message":"","jetpack_publicize_feature_enabled":true,"jetpack_social_post_already_shared":true,"jetpack_social_options":{"image_generator_settings":{"template":"highway","default_image_id":0,"font":"","enabled":false},"version":2}},"categories":[3],"tags":[],"class_list":["post-86756","post","type-post","status-publish","format-standard","has-post-thumbnail","hentry","category-politica"],"acf":[],"jetpack_publicize_connections":[],"jetpack_featured_media_url":"https:\/\/i0.wp.com\/blogdoeloiltoncajuhy.com.br\/site\/wp-content\/uploads\/2025\/03\/Violencia-contra-a-mulher-Foto-rawpixel.com-Freepik.jpg?fit=760%2C507&ssl=1","jetpack_sharing_enabled":true,"publishpress_future_workflow_manual_trigger":{"enabledWorkflows":[]},"_links":{"self":[{"href":"https:\/\/blogdoeloiltoncajuhy.com.br\/site\/wp-json\/wp\/v2\/posts\/86756","targetHints":{"allow":["GET"]}}],"collection":[{"href":"https:\/\/blogdoeloiltoncajuhy.com.br\/site\/wp-json\/wp\/v2\/posts"}],"about":[{"href":"https:\/\/blogdoeloiltoncajuhy.com.br\/site\/wp-json\/wp\/v2\/types\/post"}],"author":[{"embeddable":true,"href":"https:\/\/blogdoeloiltoncajuhy.com.br\/site\/wp-json\/wp\/v2\/users\/2"}],"replies":[{"embeddable":true,"href":"https:\/\/blogdoeloiltoncajuhy.com.br\/site\/wp-json\/wp\/v2\/comments?post=86756"}],"version-history":[{"count":1,"href":"https:\/\/blogdoeloiltoncajuhy.com.br\/site\/wp-json\/wp\/v2\/posts\/86756\/revisions"}],"predecessor-version":[{"id":86758,"href":"https:\/\/blogdoeloiltoncajuhy.com.br\/site\/wp-json\/wp\/v2\/posts\/86756\/revisions\/86758"}],"wp:featuredmedia":[{"embeddable":true,"href":"https:\/\/blogdoeloiltoncajuhy.com.br\/site\/wp-json\/wp\/v2\/media\/86757"}],"wp:attachment":[{"href":"https:\/\/blogdoeloiltoncajuhy.com.br\/site\/wp-json\/wp\/v2\/media?parent=86756"}],"wp:term":[{"taxonomy":"category","embeddable":true,"href":"https:\/\/blogdoeloiltoncajuhy.com.br\/site\/wp-json\/wp\/v2\/categories?post=86756"},{"taxonomy":"post_tag","embeddable":true,"href":"https:\/\/blogdoeloiltoncajuhy.com.br\/site\/wp-json\/wp\/v2\/tags?post=86756"}],"curies":[{"name":"wp","href":"https:\/\/api.w.org\/{rel}","templated":true}]}}