{"id":86753,"date":"2025-03-29T00:10:00","date_gmt":"2025-03-29T03:10:00","guid":{"rendered":"https:\/\/blogdoeloiltoncajuhy.com.br\/site\/?p=86753"},"modified":"2025-03-28T18:25:11","modified_gmt":"2025-03-28T21:25:11","slug":"governo-lula-propoe-aumento-de-ate-50-da-pena-na-compra-de-celular-roubado","status":"publish","type":"post","link":"https:\/\/blogdoeloiltoncajuhy.com.br\/site\/governo-lula-propoe-aumento-de-ate-50-da-pena-na-compra-de-celular-roubado\/","title":{"rendered":"Governo Lula prop\u00f5e aumento de at\u00e9 50% da pena na compra de celular roubado"},"content":{"rendered":"\n<p class=\"has-medium-font-size\"><strong>Projeto, desenhado pelo ministro Ricardo Lewandowski, est\u00e1 sob an\u00e1lise do Pal\u00e1cio do Planalto; medida \u00e9 tentativa de responder \u00e0 crise de inseguran\u00e7a p\u00fablica.<\/strong><\/p>\n\n\n\n<p><strong>Blog do Eloilton Cajuhy \u2013 BEC<\/strong><\/p>\n\n\n\n<figure class=\"wp-block-image aligncenter size-full is-resized\"><a href=\"https:\/\/i0.wp.com\/blogdoeloiltoncajuhy.com.br\/site\/wp-content\/uploads\/2025\/03\/Celulares-roubados-%E2%80%94-Foto-Divulgacao-SSP.jpeg?ssl=1\"><img data-recalc-dims=\"1\" fetchpriority=\"high\" decoding=\"async\" width=\"700\" height=\"594\" src=\"https:\/\/i0.wp.com\/blogdoeloiltoncajuhy.com.br\/site\/wp-content\/uploads\/2025\/03\/Celulares-roubados-%E2%80%94-Foto-Divulgacao-SSP.jpeg?resize=700%2C594&#038;ssl=1\" alt=\"\" class=\"wp-image-86754\" style=\"width:608px;height:auto\" srcset=\"https:\/\/i0.wp.com\/blogdoeloiltoncajuhy.com.br\/site\/wp-content\/uploads\/2025\/03\/Celulares-roubados-%E2%80%94-Foto-Divulgacao-SSP.jpeg?w=700&amp;ssl=1 700w, https:\/\/i0.wp.com\/blogdoeloiltoncajuhy.com.br\/site\/wp-content\/uploads\/2025\/03\/Celulares-roubados-%E2%80%94-Foto-Divulgacao-SSP.jpeg?resize=300%2C255&amp;ssl=1 300w\" sizes=\"(max-width: 700px) 100vw, 700px\" \/><\/a><figcaption class=\"wp-element-caption\"><sub>Celulares roubados \u2014 Foto: Divulga\u00e7\u00e3o\/SSP-SP<\/sub><\/figcaption><\/figure>\n\n\n\n<p>O Pal\u00e1cio do Planalto j\u00e1 analisa os detalhes de um projeto desenhado pelo ministro da Justi\u00e7a, Ricardo Lewandowski, que amplia em at\u00e9 50% a pena para o crime de recepta\u00e7\u00e3o de celulares, cabos e dispositivos eletr\u00f4nicos roubados. A medida representa uma mudan\u00e7a concreta no discurso do governo federal. H\u00e1 cerca de dez dias, Lula disse que n\u00e3o deixaria que o pa\u00eds se tornasse &#8220;a rep\u00fablica dos ladr\u00f5es&#8221; de telefones.<\/p>\n\n\n\n<p>Como antecipou o blog na semana passada, a Secretaria de Comunica\u00e7\u00e3o do Planalto detectou que boa parte da sensa\u00e7\u00e3o de inseguran\u00e7a nas maiores cidades do pa\u00eds est\u00e1 caindo no colo do presidente, e n\u00e3o dos governadores, respons\u00e1veis constitucionalmente pela gest\u00e3o das pol\u00edcias e pelas pol\u00edticas de combate ao crime nos estados.<\/p>\n\n\n\n<p>A partir da\u00ed, houve determina\u00e7\u00e3o para robustecer em diversas frentes, nos limites da atua\u00e7\u00e3o poss\u00edvel legalmente para o governo federal, pol\u00edticas que demonstrassem recrudescimento no combate ao crime.<\/p>\n\n\n\n<p><a href=\"https:\/\/whatsapp.com\/channel\/0029VaAT7tDLI8Yfj5y9Z50Z\"><strong><mark style=\"background-color:rgba(0, 0, 0, 0)\" class=\"has-inline-color has-vivid-red-color\">Siga nosso canal no WhatsApp e veja mais not\u00edcias<\/mark><\/strong><\/a><\/p>\n\n\n\n<p>O projeto, que chegou na quinta-feira (27) ao Planalto, prev\u00ea um aumento de no m\u00ednimo um ter\u00e7o e no m\u00e1ximo metade da pena para o crime de recepta\u00e7\u00e3o de dispositivos roubados, em especial celulares cabos e computadores com dados pessoais. Hoje, a pena \u00e9 de um a quatro anos de deten\u00e7\u00e3o.<\/p>\n\n\n\n<p>A pena m\u00ednima, ent\u00e3o, poderia passar de um ano para um ano e quatro meses (caso de aumento de 30%); ou um ano e 6 meses (aumento de 50%); e a m\u00e1xima, de quatro anos para cinco anos e dois meses (aumento de 30%) ou seis anos (aumento de 50%).<\/p>\n\n\n\n<p>A ideia \u00e9 apresentar a medida como algo que tem impacto na seguran\u00e7a p\u00fablica, mas tamb\u00e9m na economia. Segundo dados levantados pelo Minist\u00e9rio da Justi\u00e7a &#8211; e que est\u00e3o nas m\u00e3os do Planalto &#8211; em 2023 foram quase 1 milh\u00e3o de telefones roubados s\u00f3 de acordo com boletins de ocorr\u00eancia, o que indica que o n\u00famero pode ser maior.<\/p>\n\n\n\n<p>Segundo o estudo que deu base \u00e0 medida, esse tipo de crime, considerado de menor monta, passou a abastecer os cofres de grandes organiza\u00e7\u00f5es criminosas.<\/p>\n\n\n\n<p>Al\u00e9m da ampliar a pena para o crime de recepta\u00e7\u00e3o, o projeto desenhado por Lewandowski ainda prev\u00ea a cria\u00e7\u00e3o do crime de &#8220;e furto qualificado&#8221;, quando o crime \u00e9 cometido por encomenda.<\/p>\n\n\n\n<p>H\u00e1 ainda amplia\u00e7\u00e3o da puni\u00e7\u00e3o para furto de cabos e roubo de sinal, em sinal de combate \u00e0 atividade de mil\u00edcias, que exploram o chamado gatonet.<\/p>\n","protected":false},"excerpt":{"rendered":"<p>Projeto, desenhado pelo ministro Ricardo Lewandowski, est\u00e1 sob an\u00e1lise do Pal\u00e1cio do Planalto; medida \u00e9 tentativa de responder \u00e0 crise de inseguran\u00e7a p\u00fablica. Blog do Eloilton Cajuhy \u2013 BEC O Pal\u00e1cio do Planalto j\u00e1 analisa os detalhes de um projeto desenhado pelo ministro da Justi\u00e7a, Ricardo Lewandowski, que amplia em at\u00e9 50% a pena para [&hellip;]<\/p>\n","protected":false},"author":2,"featured_media":86754,"comment_status":"open","ping_status":"open","sticky":false,"template":"","format":"standard","meta":{"_acf_changed":false,"_monsterinsights_skip_tracking":false,"_monsterinsights_sitenote_active":false,"_monsterinsights_sitenote_note":"","_monsterinsights_sitenote_category":0,"_jetpack_memberships_contains_paid_content":false,"footnotes":"","jetpack_publicize_message":"","jetpack_publicize_feature_enabled":true,"jetpack_social_post_already_shared":true,"jetpack_social_options":{"image_generator_settings":{"template":"highway","enabled":false},"version":2}},"categories":[5],"tags":[],"class_list":["post-86753","post","type-post","status-publish","format-standard","has-post-thumbnail","hentry","category-cotidiano"],"acf":[],"jetpack_publicize_connections":[],"jetpack_featured_media_url":"https:\/\/i0.wp.com\/blogdoeloiltoncajuhy.com.br\/site\/wp-content\/uploads\/2025\/03\/Celulares-roubados-%E2%80%94-Foto-Divulgacao-SSP.jpeg?fit=700%2C594&ssl=1","jetpack_sharing_enabled":true,"publishpress_future_workflow_manual_trigger":{"enabledWorkflows":[]},"_links":{"self":[{"href":"https:\/\/blogdoeloiltoncajuhy.com.br\/site\/wp-json\/wp\/v2\/posts\/86753","targetHints":{"allow":["GET"]}}],"collection":[{"href":"https:\/\/blogdoeloiltoncajuhy.com.br\/site\/wp-json\/wp\/v2\/posts"}],"about":[{"href":"https:\/\/blogdoeloiltoncajuhy.com.br\/site\/wp-json\/wp\/v2\/types\/post"}],"author":[{"embeddable":true,"href":"https:\/\/blogdoeloiltoncajuhy.com.br\/site\/wp-json\/wp\/v2\/users\/2"}],"replies":[{"embeddable":true,"href":"https:\/\/blogdoeloiltoncajuhy.com.br\/site\/wp-json\/wp\/v2\/comments?post=86753"}],"version-history":[{"count":1,"href":"https:\/\/blogdoeloiltoncajuhy.com.br\/site\/wp-json\/wp\/v2\/posts\/86753\/revisions"}],"predecessor-version":[{"id":86755,"href":"https:\/\/blogdoeloiltoncajuhy.com.br\/site\/wp-json\/wp\/v2\/posts\/86753\/revisions\/86755"}],"wp:featuredmedia":[{"embeddable":true,"href":"https:\/\/blogdoeloiltoncajuhy.com.br\/site\/wp-json\/wp\/v2\/media\/86754"}],"wp:attachment":[{"href":"https:\/\/blogdoeloiltoncajuhy.com.br\/site\/wp-json\/wp\/v2\/media?parent=86753"}],"wp:term":[{"taxonomy":"category","embeddable":true,"href":"https:\/\/blogdoeloiltoncajuhy.com.br\/site\/wp-json\/wp\/v2\/categories?post=86753"},{"taxonomy":"post_tag","embeddable":true,"href":"https:\/\/blogdoeloiltoncajuhy.com.br\/site\/wp-json\/wp\/v2\/tags?post=86753"}],"curies":[{"name":"wp","href":"https:\/\/api.w.org\/{rel}","templated":true}]}}