{"id":86746,"date":"2025-03-29T00:10:00","date_gmt":"2025-03-29T03:10:00","guid":{"rendered":"https:\/\/blogdoeloiltoncajuhy.com.br\/site\/?p=86746"},"modified":"2025-03-28T17:56:01","modified_gmt":"2025-03-28T20:56:01","slug":"bahia-abre-201-mil-novos-empregos-formais-em-fevereiro","status":"publish","type":"post","link":"https:\/\/blogdoeloiltoncajuhy.com.br\/site\/bahia-abre-201-mil-novos-empregos-formais-em-fevereiro\/","title":{"rendered":"Bahia abre 20,1 mil novos empregos formais em fevereiro"},"content":{"rendered":"\n<p class=\"has-medium-font-size\"><strong>Resultado foi positivo nos cinco setores avaliados no estado. No pa\u00eds como um todo, s\u00e3o 432 mil vagas com carteira assinada no m\u00eas, o melhor fevereiro da s\u00e9rie hist\u00f3rica, e o estoque chegou a 47,7 milh\u00f5es.<\/strong><\/p>\n\n\n\n<p><strong>Blog do Eloilton Cajuhy \u2013 BEC<\/strong><\/p>\n\n\n\n<figure class=\"wp-block-image aligncenter size-full\"><a href=\"https:\/\/i0.wp.com\/blogdoeloiltoncajuhy.com.br\/site\/wp-content\/uploads\/2025\/03\/Empregos-Vagas-Carteira-Arte-Secom-PR.jpeg?ssl=1\"><img data-recalc-dims=\"1\" fetchpriority=\"high\" decoding=\"async\" width=\"720\" height=\"450\" src=\"https:\/\/i0.wp.com\/blogdoeloiltoncajuhy.com.br\/site\/wp-content\/uploads\/2025\/03\/Empregos-Vagas-Carteira-Arte-Secom-PR.jpeg?resize=720%2C450&#038;ssl=1\" alt=\"\" class=\"wp-image-86747\" srcset=\"https:\/\/i0.wp.com\/blogdoeloiltoncajuhy.com.br\/site\/wp-content\/uploads\/2025\/03\/Empregos-Vagas-Carteira-Arte-Secom-PR.jpeg?w=720&amp;ssl=1 720w, https:\/\/i0.wp.com\/blogdoeloiltoncajuhy.com.br\/site\/wp-content\/uploads\/2025\/03\/Empregos-Vagas-Carteira-Arte-Secom-PR.jpeg?resize=300%2C188&amp;ssl=1 300w\" sizes=\"(max-width: 720px) 100vw, 720px\" \/><\/a><figcaption class=\"wp-element-caption\"><sub>Pa\u00eds acumula saldo de mais de meio milh\u00e3o de empregos formais gerados nos dois primeiros meses de 2025: 576 mil &#8211; Arte: Secom \/ PR<\/sub><\/figcaption><\/figure>\n\n\n\n<p>A Bahia registrou, em fevereiro, um saldo de 20,1 mil novos postos de trabalho com carteira assinada, resultado de 99,5 mil admiss\u00f5es e 79,4 mil desligamentos no m\u00eas. Os dados s\u00e3o do Cadastro Geral de Empregados e Desempregados (Novo Caged) e foram divulgados nesta sexta-feira (28) pelo Minist\u00e9rio do Trabalho e Emprego (MTE).<\/p>\n\n\n\n<p>O resultado \u00e9 positivo tamb\u00e9m para o primeiro bimestre do ano, per\u00edodo em que o estado soma 27,6 mil novas vagas formais. J\u00e1 nos \u00faltimos 12 meses, o saldo registrado na Bahia \u00e9 de 99,9 mil empregos. O estoque, ou seja, a quantidade total de pessoas formalizadas trabalhando no estado, chegou a 2,16 milh\u00f5es de pessoas.<\/p>\n\n\n\n<p><a href=\"https:\/\/whatsapp.com\/channel\/0029VaAT7tDLI8Yfj5y9Z50Z\"><strong><mark style=\"background-color:rgba(0, 0, 0, 0)\" class=\"has-inline-color has-vivid-red-color\">Siga nosso canal no WhatsApp e veja mais not\u00edcias<\/mark><\/strong><\/a><\/p>\n\n\n\n<p>Em fevereiro, a Bahia apresentou desempenho positivo em todos os cinco grandes grupamentos de atividades econ\u00f4micas. O destaque foi o setor de Servi\u00e7os, que terminou o m\u00eas com um saldo de 11.473 vagas. Na sequ\u00eancia aparecem Com\u00e9rcio (2.552), Agropecu\u00e1ria (2.476), Ind\u00fastria (2.462) e Constru\u00e7\u00e3o (1.170).<\/p>\n\n\n\n<p>No estado, as novas vagas com carteira assinada foram ocupados, em sua maioria, por pessoas do sexo masculino (10.344). Pessoas com ensino m\u00e9dio completo foram as principais atendidas (15.253) com as vagas na Bahia. Jovens entre 18 e 24 anos s\u00e3o o grupo com maior saldo de vagas no estado: 9.134.<\/p>\n\n\n\n<h4 class=\"wp-block-heading\"><strong><mark style=\"background-color:rgba(0, 0, 0, 0)\" class=\"has-inline-color has-black-color\">Munic\u00edpios<\/mark><\/strong><\/h4>\n\n\n\n<p>A capital Salvador foi o munic\u00edpio com melhor saldo no estado em fevereiro, com 7.271 novos postos. A cidade tem hoje um estoque de 678,3 mil empregos formais. Na sequ\u00eancia dos munic\u00edpios com melhores desempenhos no m\u00eas de fevereiro no estado aparecem Feira de Santana (1.477), Cama\u00e7ari (1.151), Lu\u00eds Eduardo Magalh\u00e3es (903) e Lauro de Freitas (728).<\/p>\n","protected":false},"excerpt":{"rendered":"<p>Resultado foi positivo nos cinco setores avaliados no estado. No pa\u00eds como um todo, s\u00e3o 432 mil vagas com carteira assinada no m\u00eas, o melhor fevereiro da s\u00e9rie hist\u00f3rica, e o estoque chegou a 47,7 milh\u00f5es. Blog do Eloilton Cajuhy \u2013 BEC A Bahia registrou, em fevereiro, um saldo de 20,1 mil novos postos de [&hellip;]<\/p>\n","protected":false},"author":2,"featured_media":86747,"comment_status":"open","ping_status":"open","sticky":false,"template":"","format":"standard","meta":{"_acf_changed":false,"_monsterinsights_skip_tracking":false,"_monsterinsights_sitenote_active":false,"_monsterinsights_sitenote_note":"","_monsterinsights_sitenote_category":0,"_jetpack_memberships_contains_paid_content":false,"footnotes":"","jetpack_publicize_message":"","jetpack_publicize_feature_enabled":true,"jetpack_social_post_already_shared":true,"jetpack_social_options":{"image_generator_settings":{"template":"highway","enabled":false},"version":2}},"categories":[31],"tags":[],"class_list":["post-86746","post","type-post","status-publish","format-standard","has-post-thumbnail","hentry","category-economia"],"acf":[],"jetpack_publicize_connections":[],"jetpack_featured_media_url":"https:\/\/i0.wp.com\/blogdoeloiltoncajuhy.com.br\/site\/wp-content\/uploads\/2025\/03\/Empregos-Vagas-Carteira-Arte-Secom-PR.jpeg?fit=720%2C450&ssl=1","jetpack_sharing_enabled":true,"publishpress_future_workflow_manual_trigger":{"enabledWorkflows":[]},"_links":{"self":[{"href":"https:\/\/blogdoeloiltoncajuhy.com.br\/site\/wp-json\/wp\/v2\/posts\/86746","targetHints":{"allow":["GET"]}}],"collection":[{"href":"https:\/\/blogdoeloiltoncajuhy.com.br\/site\/wp-json\/wp\/v2\/posts"}],"about":[{"href":"https:\/\/blogdoeloiltoncajuhy.com.br\/site\/wp-json\/wp\/v2\/types\/post"}],"author":[{"embeddable":true,"href":"https:\/\/blogdoeloiltoncajuhy.com.br\/site\/wp-json\/wp\/v2\/users\/2"}],"replies":[{"embeddable":true,"href":"https:\/\/blogdoeloiltoncajuhy.com.br\/site\/wp-json\/wp\/v2\/comments?post=86746"}],"version-history":[{"count":1,"href":"https:\/\/blogdoeloiltoncajuhy.com.br\/site\/wp-json\/wp\/v2\/posts\/86746\/revisions"}],"predecessor-version":[{"id":86748,"href":"https:\/\/blogdoeloiltoncajuhy.com.br\/site\/wp-json\/wp\/v2\/posts\/86746\/revisions\/86748"}],"wp:featuredmedia":[{"embeddable":true,"href":"https:\/\/blogdoeloiltoncajuhy.com.br\/site\/wp-json\/wp\/v2\/media\/86747"}],"wp:attachment":[{"href":"https:\/\/blogdoeloiltoncajuhy.com.br\/site\/wp-json\/wp\/v2\/media?parent=86746"}],"wp:term":[{"taxonomy":"category","embeddable":true,"href":"https:\/\/blogdoeloiltoncajuhy.com.br\/site\/wp-json\/wp\/v2\/categories?post=86746"},{"taxonomy":"post_tag","embeddable":true,"href":"https:\/\/blogdoeloiltoncajuhy.com.br\/site\/wp-json\/wp\/v2\/tags?post=86746"}],"curies":[{"name":"wp","href":"https:\/\/api.w.org\/{rel}","templated":true}]}}