{"id":86675,"date":"2025-03-25T16:21:54","date_gmt":"2025-03-25T19:21:54","guid":{"rendered":"https:\/\/blogdoeloiltoncajuhy.com.br\/site\/?p=86675"},"modified":"2025-03-25T16:21:56","modified_gmt":"2025-03-25T19:21:56","slug":"if-baiano-abre-inscricoes-para-560-vagas-em-curso-preparatorio-gratuito-para-institutos-federais","status":"publish","type":"post","link":"https:\/\/blogdoeloiltoncajuhy.com.br\/site\/if-baiano-abre-inscricoes-para-560-vagas-em-curso-preparatorio-gratuito-para-institutos-federais\/","title":{"rendered":"IF Baiano abre inscri\u00e7\u00f5es para 560 vagas em curso preparat\u00f3rio gratuito para institutos federais"},"content":{"rendered":"\n<p class=\"has-medium-font-size\"><strong>Cursinho \u00e9 voltado para estudantes de escolas p\u00fablicas. Matriculados ter\u00e3o ajuda de custo de R$ 200 mensais.<\/strong><\/p>\n\n\n\n<p><strong>Por g1 BA<\/strong><\/p>\n\n\n\n<figure class=\"wp-block-image aligncenter size-full\"><a href=\"https:\/\/i0.wp.com\/blogdoeloiltoncajuhy.com.br\/site\/wp-content\/uploads\/2024\/04\/Concursos-Cursos-Creditos-iStotock.jpg\"><img data-recalc-dims=\"1\" fetchpriority=\"high\" decoding=\"async\" width=\"768\" height=\"512\" src=\"https:\/\/i0.wp.com\/blogdoeloiltoncajuhy.com.br\/site\/wp-content\/uploads\/2024\/04\/Concursos-Cursos-Creditos-iStotock.jpg?resize=768%2C512\" alt=\"\" class=\"wp-image-80240\" srcset=\"https:\/\/i0.wp.com\/blogdoeloiltoncajuhy.com.br\/site\/wp-content\/uploads\/2024\/04\/Concursos-Cursos-Creditos-iStotock.jpg?w=768&amp;ssl=1 768w, https:\/\/i0.wp.com\/blogdoeloiltoncajuhy.com.br\/site\/wp-content\/uploads\/2024\/04\/Concursos-Cursos-Creditos-iStotock.jpg?resize=300%2C200&amp;ssl=1 300w\" sizes=\"(max-width: 768px) 100vw, 768px\" \/><\/a><figcaption class=\"wp-element-caption\"><sub>Cr\u00e9ditos: iStock<\/sub><\/figcaption><\/figure>\n\n\n\n<p>O IF Baiano abriu inscri\u00e7\u00f5es para o curso preparat\u00f3rio do Partiu IF, programa que busca facilitar e ampliar o acesso de estudantes da rede p\u00fablica \u00e0 educa\u00e7\u00e3o profissional e tecnol\u00f3gica.<\/p>\n\n\n\n<p>As inscri\u00e7\u00f5es, que est\u00e3o abertas at\u00e9 30 de mar\u00e7o, s\u00e3o feitas pela internet. As vagas est\u00e3o distribu\u00eddas entre 14 unidades do IF Baiano.<\/p>\n\n\n\n<p>O cursinho \u00e9 voltado para a recupera\u00e7\u00e3o da aprendizagem e prepara\u00e7\u00e3o para estudantes que desejam ingressar nos cursos t\u00e9cnicos integrados ao ensino m\u00e9dio, ofertados pelos institutos federais (IFs) e demais institui\u00e7\u00f5es que integram a Rede Federal de Educa\u00e7\u00e3o Profissional, Cient\u00edfica e Tecnol\u00f3gica.<\/p>\n\n\n\n<h4 class=\"wp-block-heading\"><strong><mark style=\"background-color:rgba(0, 0, 0, 0)\" class=\"has-inline-color has-black-color\">Quem pode se inscrever?<\/mark><\/strong><\/h4>\n\n\n\n<p class=\"has-black-color has-text-color has-link-color wp-elements-9bc8d347e34aa46c5a2343847c5265b6\"><strong>Para se inscrever, o candidato deve:<\/strong><\/p>\n\n\n\n<ul class=\"wp-block-list\">\n<li>estar matriculado no 9\u00ba ano do Ensino Fundamental em escola da rede p\u00fablica;<\/li>\n\n\n\n<li>estar em situa\u00e7\u00e3o de vulnerabilidade social e pertencer a grupos priorit\u00e1rios definidos no edital.<\/li>\n<\/ul>\n\n\n\n<p><\/p>\n\n\n\n<h4 class=\"wp-block-heading\"><strong><mark style=\"background-color:rgba(0, 0, 0, 0)\" class=\"has-inline-color has-black-color\">Como ser\u00e1 o curso?<\/mark><\/strong><\/h4>\n\n\n\n<ul class=\"wp-block-list\">\n<li>ser\u00e1 presencial, em dias da semana estabelecidos por cada unidade;<\/li>\n\n\n\n<li>as aulas ter\u00e3o in\u00edcio em 14 de abril de 2025 e dura\u00e7\u00e3o de oito meses, totalizando 320 horas;<\/li>\n\n\n\n<li>incluir\u00e1 disciplinas como L\u00edngua Portuguesa, Matem\u00e1tica e Ci\u00eancias da Natureza, al\u00e9m de atividades complementares.<\/li>\n<\/ul>\n\n\n\n<p><\/p>\n\n\n\n<h4 class=\"wp-block-heading\"><strong><mark style=\"background-color:rgba(0, 0, 0, 0)\" class=\"has-inline-color has-black-color\">Como funcionar\u00e1 o processo seletivo?<\/mark><\/strong><\/h4>\n\n\n\n<p>A sele\u00e7\u00e3o dos participantes ser\u00e1 feita por sorteio eletr\u00f4nico, conduzido por servidores do IF Baiano. O sorteio ocorrer\u00e1 no dia 2 de abril de 2025, presencialmente na reitoria do instituto, em Salvador, e ser\u00e1 transmitido ao vivo pelo canal do IF Baiano na internet.<\/p>\n\n\n\n<p>Os candidatos sorteados dentro do n\u00famero de vagas ser\u00e3o convocados em Primeira chamada. Os demais ir\u00e3o compor uma lista de espera, e poder\u00e3o ser convocados em caso de desist\u00eancia.<\/p>\n\n\n\n<h4 class=\"wp-block-heading\"><strong><mark style=\"background-color:rgba(0, 0, 0, 0)\" class=\"has-inline-color has-black-color\">Ajuda de custo<\/mark><\/strong><\/h4>\n\n\n\n<p>Os estudantes selecionados receber\u00e3o uma bolsa de R$ 200 mensais por oito meses para auxiliar com transporte e alimenta\u00e7\u00e3o. Para manter o benef\u00edcio, \u00e9 necess\u00e1ria uma frequ\u00eancia m\u00ednima de 75%.<\/p>\n","protected":false},"excerpt":{"rendered":"<p>Cursinho \u00e9 voltado para estudantes de escolas p\u00fablicas. Matriculados ter\u00e3o ajuda de custo de R$ 200 mensais. Por g1 BA O IF Baiano abriu inscri\u00e7\u00f5es para o curso preparat\u00f3rio do Partiu IF, programa que busca facilitar e ampliar o acesso de estudantes da rede p\u00fablica \u00e0 educa\u00e7\u00e3o profissional e tecnol\u00f3gica. As inscri\u00e7\u00f5es, que est\u00e3o abertas [&hellip;]<\/p>\n","protected":false},"author":2,"featured_media":67279,"comment_status":"open","ping_status":"open","sticky":false,"template":"","format":"standard","meta":{"_acf_changed":false,"_monsterinsights_skip_tracking":false,"_monsterinsights_sitenote_active":false,"_monsterinsights_sitenote_note":"","_monsterinsights_sitenote_category":0,"_jetpack_memberships_contains_paid_content":false,"footnotes":"","jetpack_publicize_message":"","jetpack_publicize_feature_enabled":true,"jetpack_social_post_already_shared":true,"jetpack_social_options":{"image_generator_settings":{"template":"highway","default_image_id":0,"font":"","enabled":false},"version":2}},"categories":[32],"tags":[],"class_list":["post-86675","post","type-post","status-publish","format-standard","has-post-thumbnail","hentry","category-emprego"],"acf":[],"jetpack_publicize_connections":[],"jetpack_featured_media_url":"https:\/\/i0.wp.com\/blogdoeloiltoncajuhy.com.br\/site\/wp-content\/uploads\/2022\/08\/Concursos-07082022.jpg?fit=640%2C383&ssl=1","jetpack_sharing_enabled":true,"publishpress_future_workflow_manual_trigger":{"enabledWorkflows":[]},"_links":{"self":[{"href":"https:\/\/blogdoeloiltoncajuhy.com.br\/site\/wp-json\/wp\/v2\/posts\/86675","targetHints":{"allow":["GET"]}}],"collection":[{"href":"https:\/\/blogdoeloiltoncajuhy.com.br\/site\/wp-json\/wp\/v2\/posts"}],"about":[{"href":"https:\/\/blogdoeloiltoncajuhy.com.br\/site\/wp-json\/wp\/v2\/types\/post"}],"author":[{"embeddable":true,"href":"https:\/\/blogdoeloiltoncajuhy.com.br\/site\/wp-json\/wp\/v2\/users\/2"}],"replies":[{"embeddable":true,"href":"https:\/\/blogdoeloiltoncajuhy.com.br\/site\/wp-json\/wp\/v2\/comments?post=86675"}],"version-history":[{"count":1,"href":"https:\/\/blogdoeloiltoncajuhy.com.br\/site\/wp-json\/wp\/v2\/posts\/86675\/revisions"}],"predecessor-version":[{"id":86676,"href":"https:\/\/blogdoeloiltoncajuhy.com.br\/site\/wp-json\/wp\/v2\/posts\/86675\/revisions\/86676"}],"wp:featuredmedia":[{"embeddable":true,"href":"https:\/\/blogdoeloiltoncajuhy.com.br\/site\/wp-json\/wp\/v2\/media\/67279"}],"wp:attachment":[{"href":"https:\/\/blogdoeloiltoncajuhy.com.br\/site\/wp-json\/wp\/v2\/media?parent=86675"}],"wp:term":[{"taxonomy":"category","embeddable":true,"href":"https:\/\/blogdoeloiltoncajuhy.com.br\/site\/wp-json\/wp\/v2\/categories?post=86675"},{"taxonomy":"post_tag","embeddable":true,"href":"https:\/\/blogdoeloiltoncajuhy.com.br\/site\/wp-json\/wp\/v2\/tags?post=86675"}],"curies":[{"name":"wp","href":"https:\/\/api.w.org\/{rel}","templated":true}]}}