{"id":86669,"date":"2025-03-25T15:44:46","date_gmt":"2025-03-25T18:44:46","guid":{"rendered":"https:\/\/blogdoeloiltoncajuhy.com.br\/site\/?p=86669"},"modified":"2025-03-25T16:25:27","modified_gmt":"2025-03-25T19:25:27","slug":"ar-condicionado-um-aliado-importante-no-controle-da-rinite-alergica-sabia-disso","status":"publish","type":"post","link":"https:\/\/blogdoeloiltoncajuhy.com.br\/site\/ar-condicionado-um-aliado-importante-no-controle-da-rinite-alergica-sabia-disso\/","title":{"rendered":"Ar-condicionado, um aliado importante no controle da rinite al\u00e9rgica. Sabia disso?"},"content":{"rendered":"\n<p class=\"has-medium-font-size\"><strong>Mais do que refrescar ambientes, equipamento reduz a umidade e promove a filtragem constante do ar, evitando a prolifera\u00e7\u00e3o de \u00e1caros, fungos e, at\u00e9 mesmo, part\u00edculas microsc\u00f3picas, como p\u00f3len, poeira e poluentes.<\/strong><\/p>\n\n\n\n<p><strong>Blog do Eloilton Cajuhy \u2013 BEC<\/strong><\/p>\n\n\n\n<figure class=\"wp-block-image aligncenter size-full is-resized\"><a href=\"https:\/\/i0.wp.com\/blogdoeloiltoncajuhy.com.br\/site\/wp-content\/uploads\/2024\/01\/Ar-Condicionado_Foto_Freepik.webp\"><img data-recalc-dims=\"1\" fetchpriority=\"high\" decoding=\"async\" width=\"800\" height=\"449\" src=\"https:\/\/i0.wp.com\/blogdoeloiltoncajuhy.com.br\/site\/wp-content\/uploads\/2024\/01\/Ar-Condicionado_Foto_Freepik.webp?resize=800%2C449\" alt=\"\" class=\"wp-image-78851\" style=\"width:772px;height:auto\" srcset=\"https:\/\/i0.wp.com\/blogdoeloiltoncajuhy.com.br\/site\/wp-content\/uploads\/2024\/01\/Ar-Condicionado_Foto_Freepik.webp?w=888&amp;ssl=1 888w, https:\/\/i0.wp.com\/blogdoeloiltoncajuhy.com.br\/site\/wp-content\/uploads\/2024\/01\/Ar-Condicionado_Foto_Freepik.webp?resize=300%2C168&amp;ssl=1 300w, https:\/\/i0.wp.com\/blogdoeloiltoncajuhy.com.br\/site\/wp-content\/uploads\/2024\/01\/Ar-Condicionado_Foto_Freepik.webp?resize=768%2C431&amp;ssl=1 768w\" sizes=\"(max-width: 800px) 100vw, 800px\" \/><\/a><figcaption class=\"wp-element-caption\"><sub>Reprodu\u00e7\u00e3o<\/sub><\/figcaption><\/figure>\n\n\n\n<p>A rinite al\u00e9rgica \u00e9 uma condi\u00e7\u00e3o que afeta uma grande parcela da popula\u00e7\u00e3o mundial, com seus sintomas prejudicando a qualidade de vida de milh\u00f5es de pessoas. Estudo realizado pela Organiza\u00e7\u00e3o Mundial de Alergia (WAO) estima que cerca de 30% da popula\u00e7\u00e3o global sofra de doen\u00e7as al\u00e9rgicas, com a rinite sendo uma das mais comuns. Fatores ambientais, como poeira, \u00e1caros, polui\u00e7\u00e3o e varia\u00e7\u00f5es de umidade, s\u00e3o respons\u00e1veis por agravar os sintomas. Nesse contexto, o ar-condicionado surge como um importante aliado no controle dos sintomas, ajudando a reduzir a exposi\u00e7\u00e3o a al\u00e9rgenos e promovendo um ambiente mais saud\u00e1vel.<\/p>\n\n\n\n<p>Estudos cient\u00edficos t\u00eam demonstrado que o uso do ar-condicionado pode ser ben\u00e9fico para pessoas com rinite al\u00e9rgica, principalmente no controle da umidade e na filtragem do ar. Pesquisas indicam que a redu\u00e7\u00e3o da umidade relativa do ar pode diminuir a prolifera\u00e7\u00e3o de \u00e1caros e fungos, dois dos principais desencadeadores da rinite. Al\u00e9m disso, muitos modelos modernos de ar-condicionado hoje contam com o sistema de filtragem hepa, que permite a reten\u00e7\u00e3o de part\u00edculas contaminantes min\u00fasculas, a quase n\u00edvel completo, eliminando microorganismos como \u00e1caros, v\u00edrus e bact\u00e9rias, assim como part\u00edculas microsc\u00f3picas, a exemplo do p\u00f3len, poeira e poluentes.<\/p>\n\n\n\n<p><a href=\"https:\/\/whatsapp.com\/channel\/0029VaAT7tDLI8Yfj5y9Z50Z\"><strong><mark style=\"background-color:rgba(0, 0, 0, 0)\" class=\"has-inline-color has-vivid-red-color\">Siga nosso canal no WhatsApp e veja mais not\u00edcias<\/mark><\/strong><\/a><\/p>\n\n\n\n<p>De acordo com um estudo publicado na Journal of Allergy and Clinical Immunology (JACI), o uso de ar-condicionado em ambientes internos pode reduzir significativamente a quantidade de al\u00e9rgenos suspensos no ar, como p\u00f3len e esporos de mofo. O estudo tamb\u00e9m apontou que a filtragem do ar e o controle de temperatura e umidade contribuem para o al\u00edvio de sintomas em pessoas com rinite al\u00e9rgica, promovendo um ambiente mais seguro e saud\u00e1vel.<\/p>\n\n\n\n<p>Al\u00e9m disso, a American College of Allergy, Asthma and Immunology (ACAAI) tamb\u00e9m sugere que o controle de umidade e a utiliza\u00e7\u00e3o de filtros eficientes no ar-condicionado s\u00e3o fundamentais para a redu\u00e7\u00e3o de al\u00e9rgenos e para o al\u00edvio dos sintomas de rinite.<\/p>\n\n\n\n<blockquote class=\"wp-block-quote is-layout-flow wp-block-quote-is-layout-flow\">\n<p class=\"has-medium-font-size\"><strong><mark style=\"background-color:rgba(0, 0, 0, 0)\" class=\"has-inline-color has-black-color\">&#8220;O ar-condicionado remove o ar quente do ambiente e substitui por ar frio. Isso \u00e9 feito atrav\u00e9s de um ciclo de refrigera\u00e7\u00e3o, que filtra o ar, e isso \u00e9 bastante \u00fatil para pessoas com alergias&#8221;, afirma a Dr\u00aa Cristiane Passos Dias Levy, otorrinolaringologista do Hospital Paulista e especialista em alergias respirat\u00f3rias.<\/mark><\/strong><\/p>\n<\/blockquote>\n\n\n\n<h4 class=\"wp-block-heading\"><strong><mark style=\"background-color:rgba(0, 0, 0, 0)\" class=\"has-inline-color has-black-color\">Pontos de aten\u00e7\u00e3o<\/mark><\/strong><\/h4>\n\n\n\n<p>A m\u00e9dica, no entanto, destaca dois pontos de aten\u00e7\u00e3o que devem ser levados em conta. &#8220;Temperaturas muito baixas podem ressecar demais o ar, chegando a irritar as mucosas. Portanto, \u00e9 importante manter o corpo hidratado nesse tipo de ambiente, e buscar manter uma temperatura moderada, entre 22\u00b0C e 24\u00b0C. Al\u00e9m disso, \u00e9 fundamental que seja feita a limpeza regular do filtro do aparelho&#8221;, pondera a especialista.<\/p>\n\n\n\n<p>O per\u00edodo ideal depende muito da frequ\u00eancia do uso e das condi\u00e7\u00f5es do ambiente, conforme explica Romenig Bastos de Magalh\u00e3es, mestre em Engenharia El\u00e9trica e instrutor de treinamento da Gree Electric Appliances, l\u00edder mundial no segmento de ar-condicionado.<\/p>\n\n\n\n<blockquote class=\"wp-block-quote is-layout-flow wp-block-quote-is-layout-flow\">\n<p class=\"has-medium-font-size\"><strong><mark style=\"background-color:rgba(0, 0, 0, 0)\" class=\"has-inline-color has-black-color\">&#8220;A recomenda\u00e7\u00e3o geral \u00e9 limpar os filtros a cada 30 a 60 dias de uso cont\u00ednuo. Em ambientes mais polu\u00eddos, com maior quantidade de poeira ou em lares com animais de estima\u00e7\u00e3o, essa limpeza deve ser feita com mais frequ\u00eancia, a cada 30 dias. Isso porque, filtros sujos podem acumular poeira, bact\u00e9rias e at\u00e9 fungos, o que pode agravar os sintomas de quem sofre de rinite. Dessa forma, a manuten\u00e7\u00e3o adequada n\u00e3o s\u00f3 melhora a efici\u00eancia do aparelho, mas tamb\u00e9m garante um ar mais limpo e saud\u00e1vel&#8221;.<\/mark><\/strong><\/p>\n<\/blockquote>\n\n\n\n<p>Al\u00e9m da limpeza regular, Romenig destaca a import\u00e2ncia de os usu\u00e1rios seguirem as orienta\u00e7\u00f5es do fabricante para a troca dos filtros, que pode ser necess\u00e1ria ap\u00f3s alguns meses de uso. &#8220;Isso ajuda a garantir que o aparelho continue funcionando corretamente e que a qualidade do ar seja mantida&#8221;, refor\u00e7a.<\/p>\n\n\n\n<h4 class=\"wp-block-heading\"><strong><mark style=\"background-color:rgba(0, 0, 0, 0)\" class=\"has-inline-color has-black-color\">Dicas<\/mark><\/strong><\/h4>\n\n\n\n<p>Abaixo seguem as principais dicas dos especialistas:<\/p>\n\n\n\n<ul class=\"wp-block-list\">\n<li><strong><mark style=\"background-color:rgba(0, 0, 0, 0)\" class=\"has-inline-color has-black-color\">Limpeza dos Filtros:<\/mark><\/strong> Limpe os filtros do ar-condicionado a cada 30 a 60 dias, ou mais frequentemente em ambientes com muita poeira ou animais de estima\u00e7\u00e3o.<\/li>\n<\/ul>\n\n\n\n<ul class=\"wp-block-list\">\n<li><strong><mark style=\"background-color:rgba(0, 0, 0, 0)\" class=\"has-inline-color has-black-color\">Controle de Umidade:<\/mark><\/strong> Mantenha a umidade entre 40% e 60% para prevenir o crescimento de \u00e1caros e fungos, sem deixar o ambiente seco demais.<\/li>\n<\/ul>\n\n\n\n<ul class=\"wp-block-list\">\n<li><strong><mark style=\"background-color:rgba(0, 0, 0, 0)\" class=\"has-inline-color has-black-color\">Use Filtros de Alta Efici\u00eancia:<\/mark><\/strong> Prefira modelos com filtros hepa, que capturam al\u00e9rgenos como p\u00f3len e poeira, melhorando a qualidade do ar.<\/li>\n<\/ul>\n\n\n\n<ul class=\"wp-block-list\">\n<li><strong><mark style=\"background-color:rgba(0, 0, 0, 0)\" class=\"has-inline-color has-black-color\">Temperatura Moderada:<\/mark><\/strong> Evite temperaturas muito baixas. Mantenha o ambiente a cerca de 22\u00b0C a 24\u00b0C para evitar irrita\u00e7\u00e3o nas vias respirat\u00f3rias.<\/li>\n<\/ul>\n\n\n\n<ul class=\"wp-block-list\">\n<li><strong><mark style=\"background-color:rgba(0, 0, 0, 0)\" class=\"has-inline-color has-black-color\">Ventila\u00e7\u00e3o Regular:<\/mark><\/strong> Abra as janelas por alguns minutos para permitir a circula\u00e7\u00e3o de ar fresco, sempre nos hor\u00e1rios de menor polui\u00e7\u00e3o.<\/li>\n<\/ul>\n","protected":false},"excerpt":{"rendered":"<p>Mais do que refrescar ambientes, equipamento reduz a umidade e promove a filtragem constante do ar, evitando a prolifera\u00e7\u00e3o de \u00e1caros, fungos e, at\u00e9 mesmo, part\u00edculas microsc\u00f3picas, como p\u00f3len, poeira e poluentes. Blog do Eloilton Cajuhy \u2013 BEC A rinite al\u00e9rgica \u00e9 uma condi\u00e7\u00e3o que afeta uma grande parcela da popula\u00e7\u00e3o mundial, com seus sintomas [&hellip;]<\/p>\n","protected":false},"author":2,"featured_media":78853,"comment_status":"open","ping_status":"open","sticky":false,"template":"","format":"standard","meta":{"_acf_changed":false,"_monsterinsights_skip_tracking":false,"_monsterinsights_sitenote_active":false,"_monsterinsights_sitenote_note":"","_monsterinsights_sitenote_category":0,"_jetpack_memberships_contains_paid_content":false,"footnotes":"","jetpack_publicize_message":"","jetpack_publicize_feature_enabled":true,"jetpack_social_post_already_shared":true,"jetpack_social_options":{"image_generator_settings":{"template":"highway","enabled":false},"version":2}},"categories":[7],"tags":[],"class_list":["post-86669","post","type-post","status-publish","format-standard","has-post-thumbnail","hentry","category-saude"],"acf":[],"jetpack_publicize_connections":[],"jetpack_featured_media_url":"https:\/\/i0.wp.com\/blogdoeloiltoncajuhy.com.br\/site\/wp-content\/uploads\/2024\/01\/arcondicionado-foto-reproducao-nokia.png?fit=805%2C448&ssl=1","jetpack_sharing_enabled":true,"publishpress_future_workflow_manual_trigger":{"enabledWorkflows":[]},"_links":{"self":[{"href":"https:\/\/blogdoeloiltoncajuhy.com.br\/site\/wp-json\/wp\/v2\/posts\/86669","targetHints":{"allow":["GET"]}}],"collection":[{"href":"https:\/\/blogdoeloiltoncajuhy.com.br\/site\/wp-json\/wp\/v2\/posts"}],"about":[{"href":"https:\/\/blogdoeloiltoncajuhy.com.br\/site\/wp-json\/wp\/v2\/types\/post"}],"author":[{"embeddable":true,"href":"https:\/\/blogdoeloiltoncajuhy.com.br\/site\/wp-json\/wp\/v2\/users\/2"}],"replies":[{"embeddable":true,"href":"https:\/\/blogdoeloiltoncajuhy.com.br\/site\/wp-json\/wp\/v2\/comments?post=86669"}],"version-history":[{"count":2,"href":"https:\/\/blogdoeloiltoncajuhy.com.br\/site\/wp-json\/wp\/v2\/posts\/86669\/revisions"}],"predecessor-version":[{"id":86677,"href":"https:\/\/blogdoeloiltoncajuhy.com.br\/site\/wp-json\/wp\/v2\/posts\/86669\/revisions\/86677"}],"wp:featuredmedia":[{"embeddable":true,"href":"https:\/\/blogdoeloiltoncajuhy.com.br\/site\/wp-json\/wp\/v2\/media\/78853"}],"wp:attachment":[{"href":"https:\/\/blogdoeloiltoncajuhy.com.br\/site\/wp-json\/wp\/v2\/media?parent=86669"}],"wp:term":[{"taxonomy":"category","embeddable":true,"href":"https:\/\/blogdoeloiltoncajuhy.com.br\/site\/wp-json\/wp\/v2\/categories?post=86669"},{"taxonomy":"post_tag","embeddable":true,"href":"https:\/\/blogdoeloiltoncajuhy.com.br\/site\/wp-json\/wp\/v2\/tags?post=86669"}],"curies":[{"name":"wp","href":"https:\/\/api.w.org\/{rel}","templated":true}]}}