{"id":86664,"date":"2025-03-25T14:06:00","date_gmt":"2025-03-25T17:06:00","guid":{"rendered":"https:\/\/blogdoeloiltoncajuhy.com.br\/site\/?p=86664"},"modified":"2025-03-25T14:06:02","modified_gmt":"2025-03-25T17:06:02","slug":"emprego-confira-as-vagas-abertas-no-sinebahia-de-senhor-do-bonfim-para-quarta-feira-26-de-marco","status":"publish","type":"post","link":"https:\/\/blogdoeloiltoncajuhy.com.br\/site\/emprego-confira-as-vagas-abertas-no-sinebahia-de-senhor-do-bonfim-para-quarta-feira-26-de-marco\/","title":{"rendered":"Emprego: Confira as vagas abertas no Sinebahia de Senhor do Bonfim para quarta-feira, 26 de mar\u00e7o"},"content":{"rendered":"\n<p class=\"has-medium-font-size\"><strong>Os interessados devem comparecer ao Central Shopping a partir das 7h, portando documentos pessoais.<\/strong><\/p>\n\n\n\n<p><strong>Por Blog do Eloilton Cajuhy \u2013 BEC<\/strong><\/p>\n\n\n\n<figure class=\"wp-block-image aligncenter size-full is-resized\"><a href=\"https:\/\/i0.wp.com\/blogdoeloiltoncajuhy.com.br\/site\/wp-content\/uploads\/2022\/08\/vagas-emprego-carteira-de-trabalho_2.webp\"><img data-recalc-dims=\"1\" fetchpriority=\"high\" decoding=\"async\" width=\"800\" height=\"507\" src=\"https:\/\/i0.wp.com\/blogdoeloiltoncajuhy.com.br\/site\/wp-content\/uploads\/2022\/08\/vagas-emprego-carteira-de-trabalho_2.webp?resize=800%2C507\" alt=\"\" class=\"wp-image-67094\" style=\"width:699px;height:auto\" srcset=\"https:\/\/i0.wp.com\/blogdoeloiltoncajuhy.com.br\/site\/wp-content\/uploads\/2022\/08\/vagas-emprego-carteira-de-trabalho_2.webp?w=984&amp;ssl=1 984w, https:\/\/i0.wp.com\/blogdoeloiltoncajuhy.com.br\/site\/wp-content\/uploads\/2022\/08\/vagas-emprego-carteira-de-trabalho_2.webp?resize=300%2C190&amp;ssl=1 300w, https:\/\/i0.wp.com\/blogdoeloiltoncajuhy.com.br\/site\/wp-content\/uploads\/2022\/08\/vagas-emprego-carteira-de-trabalho_2.webp?resize=768%2C487&amp;ssl=1 768w\" sizes=\"(max-width: 800px) 100vw, 800px\" \/><\/a><figcaption class=\"wp-element-caption\"><sub>Confira as vagas abertas no Sinebahia de Senhor do Bonfim para quarta-feira, 26 de mar\u00e7o<\/sub><\/figcaption><\/figure>\n\n\n\n<p>O SineBahia e empresas de Senhor do Bonfim divulgaram as oportunidades de emprego dispon\u00edveis para quarta-feira-feira, dia 26 de mar\u00e7o. Os interessados devem comparecer ao \u00f3rg\u00e3o, localizado no Central Shopping, no Centro da cidade, a partir das 7h da manh\u00e3, portando documentos pessoais.<\/p>\n\n\n\n<p><a href=\"https:\/\/whatsapp.com\/channel\/0029VaAT7tDLI8Yfj5y9Z50Z\"><strong><mark style=\"background-color:rgba(0, 0, 0, 0)\" class=\"has-inline-color has-vivid-red-color\">Siga nosso canal no WhatsApp e veja mais not\u00edcias<\/mark><\/strong><\/a><\/p>\n\n\n\n<p>As vagas s\u00e3o destinadas a diversos setores e representam uma excelente oportunidade para aqueles que est\u00e3o em busca de coloca\u00e7\u00e3o no mercado de trabalho. Para se candidatar, \u00e9 necess\u00e1rio apresentar documentos como carteira de identidade, CPF, carteira de trabalho e comprovante de resid\u00eancia.<\/p>\n\n\n\n<p>O SineBahia \u00e9 conhecido por seu papel importante na intermedia\u00e7\u00e3o de m\u00e3o de obra, facilitando o encontro entre empregadores e trabalhadores. A divulga\u00e7\u00e3o antecipada das vagas permite que os candidatos se preparem com anteced\u00eancia, aumentando suas chances de sucesso no processo seletivo.<\/p>\n\n\n\n<figure class=\"wp-block-image aligncenter size-full is-resized\"><a href=\"https:\/\/i0.wp.com\/blogdoeloiltoncajuhy.com.br\/site\/wp-content\/uploads\/2021\/08\/Carteira-de-Trabalho_11082021.jpg\"><img data-recalc-dims=\"1\" decoding=\"async\" width=\"800\" height=\"533\" src=\"https:\/\/i0.wp.com\/blogdoeloiltoncajuhy.com.br\/site\/wp-content\/uploads\/2021\/08\/Carteira-de-Trabalho_11082021.jpg?resize=800%2C533\" alt=\"\" class=\"wp-image-58629\" style=\"width:704px;height:auto\" srcset=\"https:\/\/i0.wp.com\/blogdoeloiltoncajuhy.com.br\/site\/wp-content\/uploads\/2021\/08\/Carteira-de-Trabalho_11082021.jpg?w=1008&amp;ssl=1 1008w, https:\/\/i0.wp.com\/blogdoeloiltoncajuhy.com.br\/site\/wp-content\/uploads\/2021\/08\/Carteira-de-Trabalho_11082021.jpg?resize=300%2C200&amp;ssl=1 300w, https:\/\/i0.wp.com\/blogdoeloiltoncajuhy.com.br\/site\/wp-content\/uploads\/2021\/08\/Carteira-de-Trabalho_11082021.jpg?resize=768%2C512&amp;ssl=1 768w\" sizes=\"(max-width: 800px) 100vw, 800px\" \/><\/a><figcaption class=\"wp-element-caption\"><sub>Confira as vagas abertas no Sinebahia de Senhor do Bonfim para quarta-feira, 26 de mar\u00e7o<\/sub><\/figcaption><\/figure>\n\n\n\n<h2 class=\"wp-block-heading\"><strong><mark style=\"background-color:rgba(0, 0, 0, 0)\" class=\"has-inline-color has-vivid-red-color\">Confira a lista de oportunidades:<\/mark><\/strong><\/h2>\n\n\n\n<p><strong>EST\u00c1GIO<\/strong><br>Ensino m\u00e9dio completo<br>Cursando administra\u00e7\u00e3o<br>01 VAGA<br><\/p>\n\n\n\n<p><strong>SOLDADOR<\/strong><br>Ensino m\u00e9dio completo<br>Experi\u00eancia na \u00e1rea<br>01 VAGA<br><\/p>\n\n\n\n<p><strong>SERVI\u00c7OS GERAIS<\/strong><br>Ensino m\u00e9dio completo<br>Experi\u00eancia na \u00e1rea<br>01 VAGA<br><\/p>\n\n\n\n<p><strong>T\u00c9CNICO EM AN\u00c1LISES CL\u00cdNICAS<\/strong><br>Ensino m\u00e9dio completo<br>Exige experi\u00eancia<br>01 VAGA<br><\/p>\n\n\n\n<p><strong>ATENDENTE DE LOJA<\/strong><br>Ensino m\u00e9dio completo<br>Experi\u00eancia na \u00e1rea<br>01 VAGA<br><\/p>\n\n\n\n<p><strong>AUXILIAR DE PRODU\u00c7\u00c3O<\/strong><br>Ensino fundamental completo<br>Experi\u00eancia na \u00e1rea de costura, dobra e separa\u00e7\u00e3o de pedido<br>01 VAGA<br><\/p>\n\n\n\n<p><strong>DESIGNER<\/strong><br>Ensino m\u00e9dio completo<br>Experi\u00eancia na \u00e1rea<br>01 VAGA<br><\/p>\n\n\n\n<p><strong>GAR\u00c7OM<\/strong><br>Ensino fundamental completo<br>Experi\u00eancia na \u00e1rea<br>01 VAGA<br><\/p>\n\n\n\n<p><strong>VENDEDOR INTERNO<\/strong><br>Ensino m\u00e9dio completo<br>Experi\u00eancia na \u00e1rea<br>01 VAGA<br><\/p>\n\n\n\n<p><strong>T\u00c9CNICO DE ENFERMAGEM<\/strong><br>Ensino m\u00e9dio completo<br>Exige experi\u00eancia<br>01 VAGA<\/p>\n\n\n\n<p><strong>T\u00c9CNICO EM AN\u00c1LISES CL\u00cdNICAS<\/strong><br>Ensino m\u00e9dio completo<br>Exige experi\u00eancia<br>01 VAGA<br><\/p>\n\n\n\n<p><strong>AUXILIAR DE COZINHA<\/strong><br>Ensino fundamental completo<br>Exige experi\u00eancia<br>01 VAGA<br><\/p>\n\n\n\n<p><strong>VENDEDOR INTERNO<\/strong><br>Ensino m\u00e9dio completo<br>Experi\u00eancia na \u00e1rea<br>01 VAGA<\/p>\n","protected":false},"excerpt":{"rendered":"<p>Os interessados devem comparecer ao Central Shopping a partir das 7h, portando documentos pessoais. Por Blog do Eloilton Cajuhy \u2013 BEC O SineBahia e empresas de Senhor do Bonfim divulgaram as oportunidades de emprego dispon\u00edveis para quarta-feira-feira, dia 26 de mar\u00e7o. Os interessados devem comparecer ao \u00f3rg\u00e3o, localizado no Central Shopping, no Centro da cidade, [&hellip;]<\/p>\n","protected":false},"author":2,"featured_media":82264,"comment_status":"open","ping_status":"open","sticky":false,"template":"","format":"standard","meta":{"_acf_changed":false,"_monsterinsights_skip_tracking":false,"_monsterinsights_sitenote_active":false,"_monsterinsights_sitenote_note":"","_monsterinsights_sitenote_category":0,"_jetpack_memberships_contains_paid_content":false,"footnotes":"","jetpack_publicize_message":"","jetpack_publicize_feature_enabled":true,"jetpack_social_post_already_shared":true,"jetpack_social_options":{"image_generator_settings":{"template":"highway","default_image_id":0,"font":"","enabled":false},"version":2}},"categories":[32],"tags":[],"class_list":["post-86664","post","type-post","status-publish","format-standard","has-post-thumbnail","hentry","category-emprego"],"acf":[],"jetpack_publicize_connections":[],"jetpack_featured_media_url":"https:\/\/i0.wp.com\/blogdoeloiltoncajuhy.com.br\/site\/wp-content\/uploads\/2024\/08\/Carteira-de-Trabalho_Foto-Gabriel-Cabral-Folhapress.jpeg?fit=760%2C506&ssl=1","jetpack_sharing_enabled":true,"publishpress_future_workflow_manual_trigger":{"enabledWorkflows":[]},"_links":{"self":[{"href":"https:\/\/blogdoeloiltoncajuhy.com.br\/site\/wp-json\/wp\/v2\/posts\/86664","targetHints":{"allow":["GET"]}}],"collection":[{"href":"https:\/\/blogdoeloiltoncajuhy.com.br\/site\/wp-json\/wp\/v2\/posts"}],"about":[{"href":"https:\/\/blogdoeloiltoncajuhy.com.br\/site\/wp-json\/wp\/v2\/types\/post"}],"author":[{"embeddable":true,"href":"https:\/\/blogdoeloiltoncajuhy.com.br\/site\/wp-json\/wp\/v2\/users\/2"}],"replies":[{"embeddable":true,"href":"https:\/\/blogdoeloiltoncajuhy.com.br\/site\/wp-json\/wp\/v2\/comments?post=86664"}],"version-history":[{"count":1,"href":"https:\/\/blogdoeloiltoncajuhy.com.br\/site\/wp-json\/wp\/v2\/posts\/86664\/revisions"}],"predecessor-version":[{"id":86665,"href":"https:\/\/blogdoeloiltoncajuhy.com.br\/site\/wp-json\/wp\/v2\/posts\/86664\/revisions\/86665"}],"wp:featuredmedia":[{"embeddable":true,"href":"https:\/\/blogdoeloiltoncajuhy.com.br\/site\/wp-json\/wp\/v2\/media\/82264"}],"wp:attachment":[{"href":"https:\/\/blogdoeloiltoncajuhy.com.br\/site\/wp-json\/wp\/v2\/media?parent=86664"}],"wp:term":[{"taxonomy":"category","embeddable":true,"href":"https:\/\/blogdoeloiltoncajuhy.com.br\/site\/wp-json\/wp\/v2\/categories?post=86664"},{"taxonomy":"post_tag","embeddable":true,"href":"https:\/\/blogdoeloiltoncajuhy.com.br\/site\/wp-json\/wp\/v2\/tags?post=86664"}],"curies":[{"name":"wp","href":"https:\/\/api.w.org\/{rel}","templated":true}]}}