{"id":86658,"date":"2025-03-25T20:30:00","date_gmt":"2025-03-25T23:30:00","guid":{"rendered":"https:\/\/blogdoeloiltoncajuhy.com.br\/site\/?p=86658"},"modified":"2025-03-24T17:23:57","modified_gmt":"2025-03-24T20:23:57","slug":"a-forca-da-oracao-pela-familia","status":"publish","type":"post","link":"https:\/\/blogdoeloiltoncajuhy.com.br\/site\/a-forca-da-oracao-pela-familia\/","title":{"rendered":"A for\u00e7a da ora\u00e7\u00e3o pela fam\u00edlia"},"content":{"rendered":"\n<p><strong>Por Blog do Eloilton Cajuhy \u2013 BEC<\/strong><\/p>\n\n\n\n<figure class=\"wp-block-image aligncenter size-full\"><a href=\"https:\/\/i0.wp.com\/blogdoeloiltoncajuhy.com.br\/site\/wp-content\/uploads\/2025\/03\/Image-IA_Oracao_2025-03-24.jpeg?ssl=1\"><img data-recalc-dims=\"1\" fetchpriority=\"high\" decoding=\"async\" width=\"740\" height=\"423\" src=\"https:\/\/i0.wp.com\/blogdoeloiltoncajuhy.com.br\/site\/wp-content\/uploads\/2025\/03\/Image-IA_Oracao_2025-03-24.jpeg?resize=740%2C423&#038;ssl=1\" alt=\"\" class=\"wp-image-86659\" srcset=\"https:\/\/i0.wp.com\/blogdoeloiltoncajuhy.com.br\/site\/wp-content\/uploads\/2025\/03\/Image-IA_Oracao_2025-03-24.jpeg?w=740&amp;ssl=1 740w, https:\/\/i0.wp.com\/blogdoeloiltoncajuhy.com.br\/site\/wp-content\/uploads\/2025\/03\/Image-IA_Oracao_2025-03-24.jpeg?resize=300%2C171&amp;ssl=1 300w\" sizes=\"(max-width: 740px) 100vw, 740px\" \/><\/a><figcaption class=\"wp-element-caption\"><sub>Imagem: IA<\/sub><\/figcaption><\/figure>\n\n\n\n<p>A fam\u00edlia \u00e9 o nosso primeiro lar, o alicerce que sustenta nossas vidas. Em meio aos desafios di\u00e1rios, esquecemos que o maior presente que podemos oferecer \u00e0queles que amamos n\u00e3o est\u00e1 nas coisas materiais, mas sim na ora\u00e7\u00e3o.<\/p>\n\n\n\n<p><a href=\"https:\/\/whatsapp.com\/channel\/0029VaAT7tDLI8Yfj5y9Z50Z\"><strong><mark style=\"background-color:rgba(0, 0, 0, 0)\" class=\"has-inline-color has-vivid-red-color\">Siga nosso canal no WhatsApp e veja mais not\u00edcias<\/mark><\/strong><\/a><\/p>\n\n\n\n<p>Rezar pela fam\u00edlia \u00e9 um ato de amor e prote\u00e7\u00e3o. Quando nos colocamos de joelhos diante de Deus, apresentamos n\u00e3o apenas nossas necessidades, mas tamb\u00e9m nossos agradecimentos. A ora\u00e7\u00e3o fortalece la\u00e7os, traz conforto nos momentos dif\u00edceis e ilumina caminhos que pareciam sem sa\u00edda.<\/p>\n\n\n\n<p>Muitas vezes, queremos resolver tudo com nossas pr\u00f3prias for\u00e7as, mas h\u00e1 batalhas que s\u00f3 vencemos com f\u00e9. Quando intercedemos por nossa fam\u00edlia, entregamos a Deus o que est\u00e1 al\u00e9m do nosso alcance, confiando que Ele sempre cuida de n\u00f3s.<\/p>\n\n\n\n<p>Seja na alegria ou na dor, nunca deixe de orar por aqueles que ama. Porque quando voc\u00ea ora, sua fam\u00edlia se fortalece. E mesmo nos momentos de maior fraqueza, sua ora\u00e7\u00e3o ser\u00e1 o sustento que a manter\u00e1 de p\u00e9.<\/p>\n\n\n\n<p>Que possamos lembrar, todos os dias, que a ora\u00e7\u00e3o \u00e9 um presente invis\u00edvel, mas com um impacto eterno.<\/p>\n","protected":false},"excerpt":{"rendered":"<p>Por Blog do Eloilton Cajuhy \u2013 BEC A fam\u00edlia \u00e9 o nosso primeiro lar, o alicerce que sustenta nossas vidas. Em meio aos desafios di\u00e1rios, esquecemos que o maior presente que podemos oferecer \u00e0queles que amamos n\u00e3o est\u00e1 nas coisas materiais, mas sim na ora\u00e7\u00e3o. Siga nosso canal no WhatsApp e veja mais not\u00edcias Rezar [&hellip;]<\/p>\n","protected":false},"author":2,"featured_media":86659,"comment_status":"open","ping_status":"open","sticky":false,"template":"","format":"standard","meta":{"_acf_changed":false,"_monsterinsights_skip_tracking":false,"_monsterinsights_sitenote_active":false,"_monsterinsights_sitenote_note":"","_monsterinsights_sitenote_category":0,"_jetpack_memberships_contains_paid_content":false,"footnotes":"","jetpack_publicize_message":"","jetpack_publicize_feature_enabled":true,"jetpack_social_post_already_shared":true,"jetpack_social_options":{"image_generator_settings":{"template":"highway","default_image_id":0,"font":"","enabled":false},"version":2}},"categories":[9],"tags":[],"class_list":["post-86658","post","type-post","status-publish","format-standard","has-post-thumbnail","hentry","category-reflexao"],"acf":[],"jetpack_publicize_connections":[],"jetpack_featured_media_url":"https:\/\/i0.wp.com\/blogdoeloiltoncajuhy.com.br\/site\/wp-content\/uploads\/2025\/03\/Image-IA_Oracao_2025-03-24.jpeg?fit=740%2C423&ssl=1","jetpack_sharing_enabled":true,"publishpress_future_workflow_manual_trigger":{"enabledWorkflows":[]},"_links":{"self":[{"href":"https:\/\/blogdoeloiltoncajuhy.com.br\/site\/wp-json\/wp\/v2\/posts\/86658","targetHints":{"allow":["GET"]}}],"collection":[{"href":"https:\/\/blogdoeloiltoncajuhy.com.br\/site\/wp-json\/wp\/v2\/posts"}],"about":[{"href":"https:\/\/blogdoeloiltoncajuhy.com.br\/site\/wp-json\/wp\/v2\/types\/post"}],"author":[{"embeddable":true,"href":"https:\/\/blogdoeloiltoncajuhy.com.br\/site\/wp-json\/wp\/v2\/users\/2"}],"replies":[{"embeddable":true,"href":"https:\/\/blogdoeloiltoncajuhy.com.br\/site\/wp-json\/wp\/v2\/comments?post=86658"}],"version-history":[{"count":1,"href":"https:\/\/blogdoeloiltoncajuhy.com.br\/site\/wp-json\/wp\/v2\/posts\/86658\/revisions"}],"predecessor-version":[{"id":86660,"href":"https:\/\/blogdoeloiltoncajuhy.com.br\/site\/wp-json\/wp\/v2\/posts\/86658\/revisions\/86660"}],"wp:featuredmedia":[{"embeddable":true,"href":"https:\/\/blogdoeloiltoncajuhy.com.br\/site\/wp-json\/wp\/v2\/media\/86659"}],"wp:attachment":[{"href":"https:\/\/blogdoeloiltoncajuhy.com.br\/site\/wp-json\/wp\/v2\/media?parent=86658"}],"wp:term":[{"taxonomy":"category","embeddable":true,"href":"https:\/\/blogdoeloiltoncajuhy.com.br\/site\/wp-json\/wp\/v2\/categories?post=86658"},{"taxonomy":"post_tag","embeddable":true,"href":"https:\/\/blogdoeloiltoncajuhy.com.br\/site\/wp-json\/wp\/v2\/tags?post=86658"}],"curies":[{"name":"wp","href":"https:\/\/api.w.org\/{rel}","templated":true}]}}