{"id":86651,"date":"2025-03-24T16:23:16","date_gmt":"2025-03-24T19:23:16","guid":{"rendered":"https:\/\/blogdoeloiltoncajuhy.com.br\/site\/?p=86651"},"modified":"2025-03-24T16:23:19","modified_gmt":"2025-03-24T19:23:19","slug":"atletas-bonfinenses-que-fizeram-parte-dos-titulos-de-campeao-baiano-do-bahia","status":"publish","type":"post","link":"https:\/\/blogdoeloiltoncajuhy.com.br\/site\/atletas-bonfinenses-que-fizeram-parte-dos-titulos-de-campeao-baiano-do-bahia\/","title":{"rendered":"Atletas bonfinenses que fizeram parte dos t\u00edtulos de campe\u00e3o baiano do Bahia"},"content":{"rendered":"\n<p class=\"has-medium-font-size\"><strong>Levantamento do <em>Minha Cidade<\/em> mostra que tr\u00eas atletas de Senhor do Bonfim ajudaram o Tricolor de A\u00e7o em suas conquistas de t\u00edtulos estaduais.<\/strong><\/p>\n\n\n\n<p><strong>Por Blog do Eloilton Cajuhy \u2013 BEC<\/strong><\/p>\n\n\n\n<figure class=\"wp-block-image aligncenter size-full is-resized\"><a href=\"https:\/\/i0.wp.com\/blogdoeloiltoncajuhy.com.br\/site\/wp-content\/uploads\/2025\/03\/Atletas-Bonfim-Bahia-Minha-Cidade.jpeg?ssl=1\"><img data-recalc-dims=\"1\" fetchpriority=\"high\" decoding=\"async\" width=\"720\" height=\"586\" src=\"https:\/\/i0.wp.com\/blogdoeloiltoncajuhy.com.br\/site\/wp-content\/uploads\/2025\/03\/Atletas-Bonfim-Bahia-Minha-Cidade.jpeg?resize=720%2C586&#038;ssl=1\" alt=\"\" class=\"wp-image-86652\" style=\"width:617px;height:auto\" srcset=\"https:\/\/i0.wp.com\/blogdoeloiltoncajuhy.com.br\/site\/wp-content\/uploads\/2025\/03\/Atletas-Bonfim-Bahia-Minha-Cidade.jpeg?w=720&amp;ssl=1 720w, https:\/\/i0.wp.com\/blogdoeloiltoncajuhy.com.br\/site\/wp-content\/uploads\/2025\/03\/Atletas-Bonfim-Bahia-Minha-Cidade.jpeg?resize=300%2C244&amp;ssl=1 300w\" sizes=\"(max-width: 720px) 100vw, 720px\" \/><\/a><figcaption class=\"wp-element-caption\"><sub>Arte: Minha Cidade Senhor do Bonfim<\/sub><\/figcaption><\/figure>\n\n\n\n<p><a href=\"https:\/\/whatsapp.com\/channel\/0029VaAT7tDLI8Yfj5y9Z50Z\"><strong><mark style=\"background-color:rgba(0, 0, 0, 0)\" class=\"has-inline-color has-vivid-red-color\">Siga nosso canal no WhatsApp e veja mais not\u00edcias<\/mark><\/strong><\/a><\/p>\n\n\n\n<p>Ao empatar com o Vit\u00f3ria em 1 x 1, neste domingo (23), no Barrad\u00e3o, o Bahia conquistou seu 51\u00b0 t\u00edtulo do Campeonato Baiano. O <em>Minha Cidade Senhor do Bonfim<\/em>, perfil que conta a hist\u00f3ria de Bonfim nas redes sociais, mostrou nesta segunda-feira (24), que tr\u00eas atletas de nossa cidade fazem parte dessa hist\u00f3ria de triunfos, al\u00e9m de deixarem seus nomes marcados entre os 50 maiores artilheiros do clube.<\/p>\n\n\n\n<p><strong><mark style=\"background-color:rgba(0, 0, 0, 0)\" class=\"has-inline-color has-black-color\">Veja:<\/mark><\/strong><\/p>\n\n\n\n<ul class=\"wp-block-list\">\n<li><strong><mark style=\"background-color:rgba(0, 0, 0, 0)\" class=\"has-inline-color has-black-color\">Pedro Amorim<\/mark><\/strong> balan\u00e7ou as redes 52 vezes e foi campe\u00e3o baiano em 1938.<\/li>\n<\/ul>\n\n\n\n<ul class=\"wp-block-list\">\n<li><strong><mark style=\"background-color:rgba(0, 0, 0, 0)\" class=\"has-inline-color has-black-color\">Camerino<\/mark><\/strong> marcou 58 gols e ajudou o Tricolor a conquistar o Baiano de 1944.<\/li>\n<\/ul>\n\n\n\n<ul class=\"wp-block-list\">\n<li><strong><mark style=\"background-color:rgba(0, 0, 0, 0)\" class=\"has-inline-color has-black-color\">Bob\u00f4<\/mark><\/strong>, eterno \u00eddolo tricolor, fez 80 gols e venceu os Baianos de 1986, 1987 e 1988.<\/li>\n<\/ul>\n","protected":false},"excerpt":{"rendered":"<p>Levantamento do Minha Cidade mostra que tr\u00eas atletas de Senhor do Bonfim ajudaram o Tricolor de A\u00e7o em suas conquistas de t\u00edtulos estaduais. Por Blog do Eloilton Cajuhy \u2013 BEC Siga nosso canal no WhatsApp e veja mais not\u00edcias Ao empatar com o Vit\u00f3ria em 1 x 1, neste domingo (23), no Barrad\u00e3o, o Bahia [&hellip;]<\/p>\n","protected":false},"author":2,"featured_media":86652,"comment_status":"open","ping_status":"open","sticky":false,"template":"","format":"standard","meta":{"_acf_changed":false,"_monsterinsights_skip_tracking":false,"_monsterinsights_sitenote_active":false,"_monsterinsights_sitenote_note":"","_monsterinsights_sitenote_category":0,"_jetpack_memberships_contains_paid_content":false,"footnotes":"","jetpack_publicize_message":"","jetpack_publicize_feature_enabled":true,"jetpack_social_post_already_shared":true,"jetpack_social_options":{"image_generator_settings":{"template":"highway","default_image_id":0,"font":"","enabled":false},"version":2}},"categories":[6],"tags":[],"class_list":["post-86651","post","type-post","status-publish","format-standard","has-post-thumbnail","hentry","category-esportes"],"acf":[],"jetpack_publicize_connections":[],"jetpack_featured_media_url":"https:\/\/i0.wp.com\/blogdoeloiltoncajuhy.com.br\/site\/wp-content\/uploads\/2025\/03\/Atletas-Bonfim-Bahia-Minha-Cidade.jpeg?fit=720%2C586&ssl=1","jetpack_sharing_enabled":true,"publishpress_future_workflow_manual_trigger":{"enabledWorkflows":[]},"_links":{"self":[{"href":"https:\/\/blogdoeloiltoncajuhy.com.br\/site\/wp-json\/wp\/v2\/posts\/86651","targetHints":{"allow":["GET"]}}],"collection":[{"href":"https:\/\/blogdoeloiltoncajuhy.com.br\/site\/wp-json\/wp\/v2\/posts"}],"about":[{"href":"https:\/\/blogdoeloiltoncajuhy.com.br\/site\/wp-json\/wp\/v2\/types\/post"}],"author":[{"embeddable":true,"href":"https:\/\/blogdoeloiltoncajuhy.com.br\/site\/wp-json\/wp\/v2\/users\/2"}],"replies":[{"embeddable":true,"href":"https:\/\/blogdoeloiltoncajuhy.com.br\/site\/wp-json\/wp\/v2\/comments?post=86651"}],"version-history":[{"count":1,"href":"https:\/\/blogdoeloiltoncajuhy.com.br\/site\/wp-json\/wp\/v2\/posts\/86651\/revisions"}],"predecessor-version":[{"id":86653,"href":"https:\/\/blogdoeloiltoncajuhy.com.br\/site\/wp-json\/wp\/v2\/posts\/86651\/revisions\/86653"}],"wp:featuredmedia":[{"embeddable":true,"href":"https:\/\/blogdoeloiltoncajuhy.com.br\/site\/wp-json\/wp\/v2\/media\/86652"}],"wp:attachment":[{"href":"https:\/\/blogdoeloiltoncajuhy.com.br\/site\/wp-json\/wp\/v2\/media?parent=86651"}],"wp:term":[{"taxonomy":"category","embeddable":true,"href":"https:\/\/blogdoeloiltoncajuhy.com.br\/site\/wp-json\/wp\/v2\/categories?post=86651"},{"taxonomy":"post_tag","embeddable":true,"href":"https:\/\/blogdoeloiltoncajuhy.com.br\/site\/wp-json\/wp\/v2\/tags?post=86651"}],"curies":[{"name":"wp","href":"https:\/\/api.w.org\/{rel}","templated":true}]}}