{"id":86648,"date":"2025-03-24T15:55:24","date_gmt":"2025-03-24T18:55:24","guid":{"rendered":"https:\/\/blogdoeloiltoncajuhy.com.br\/site\/?p=86648"},"modified":"2025-03-24T15:55:26","modified_gmt":"2025-03-24T18:55:26","slug":"homem-morre-em-pindobacu-apos-disparo-acidental-pm-apreende-arma-para-investigacao","status":"publish","type":"post","link":"https:\/\/blogdoeloiltoncajuhy.com.br\/site\/homem-morre-em-pindobacu-apos-disparo-acidental-pm-apreende-arma-para-investigacao\/","title":{"rendered":"Homem morre em Pindoba\u00e7u ap\u00f3s disparo acidental; PM apreende arma para investiga\u00e7\u00e3o"},"content":{"rendered":"\n<p class=\"has-medium-font-size\"><strong>Caso foi registrado no in\u00edcio da tarde desta segunda-feira (24).<\/strong><\/p>\n\n\n\n<p><strong>Por Blog do Eloilton Cajuhy \u2013 BEC<\/strong><\/p>\n\n\n\n<figure class=\"wp-block-image aligncenter size-full\"><a href=\"https:\/\/i0.wp.com\/blogdoeloiltoncajuhy.com.br\/site\/wp-content\/uploads\/2025\/03\/PM_apreensao-de-arma-em-Pindobacu-2025-03-24.jpeg?ssl=1\"><img data-recalc-dims=\"1\" fetchpriority=\"high\" decoding=\"async\" width=\"800\" height=\"400\" src=\"https:\/\/i0.wp.com\/blogdoeloiltoncajuhy.com.br\/site\/wp-content\/uploads\/2025\/03\/PM_apreensao-de-arma-em-Pindobacu-2025-03-24.jpeg?resize=800%2C400&#038;ssl=1\" alt=\"\" class=\"wp-image-86649\" srcset=\"https:\/\/i0.wp.com\/blogdoeloiltoncajuhy.com.br\/site\/wp-content\/uploads\/2025\/03\/PM_apreensao-de-arma-em-Pindobacu-2025-03-24.jpeg?w=800&amp;ssl=1 800w, https:\/\/i0.wp.com\/blogdoeloiltoncajuhy.com.br\/site\/wp-content\/uploads\/2025\/03\/PM_apreensao-de-arma-em-Pindobacu-2025-03-24.jpeg?resize=300%2C150&amp;ssl=1 300w, https:\/\/i0.wp.com\/blogdoeloiltoncajuhy.com.br\/site\/wp-content\/uploads\/2025\/03\/PM_apreensao-de-arma-em-Pindobacu-2025-03-24.jpeg?resize=768%2C384&amp;ssl=1 768w\" sizes=\"(max-width: 800px) 100vw, 800px\" \/><\/a><figcaption class=\"wp-element-caption\"><sub>Foto: Pol\u00edcia Militar<\/sub><\/figcaption><\/figure>\n\n\n\n<p>A Pol\u00edcia Militar, atrav\u00e9s do 5\u00ba Pelot\u00e3o de Pindoba\u00e7u, registrou uma morte na tarde desta segunda-feira (24), no interior daquele munic\u00edpio.<\/p>\n\n\n\n<p>De acordo com informa\u00e7\u00f5es da 54\u00aa CIPM, com sede em Campo Formoso, por volta das 13h, <strong><mark style=\"background-color:rgba(0, 0, 0, 0)\" class=\"has-inline-color has-black-color\">Ailton Rodrigues da Silva<\/mark><\/strong>, deu entrada no Hospital Municipal de Pindoba\u00e7u, ferido com um tiro de espingarda de fabrica\u00e7\u00e3o artesanal, disparado da sua pr\u00f3pria arma de fogo.<\/p>\n\n\n\n<p><a href=\"https:\/\/whatsapp.com\/channel\/0029VaAT7tDLI8Yfj5y9Z50Z\"><strong><mark style=\"background-color:rgba(0, 0, 0, 0)\" class=\"has-inline-color has-vivid-red-color\">Siga nosso canal no WhatsApp e veja mais not\u00edcias<\/mark><\/strong><\/a><\/p>\n\n\n\n<p>Ainda de acordo com a PM, o fato teria ocorrido dentro da resid\u00eancia de Ailton. Ele foi socorrido pelo Samu e chegou sem vida ao hospital.<\/p>\n\n\n\n<p>A fam\u00edlia informou que a v\u00edtima havia ido \u00e0 ro\u00e7a para a atividade de ca\u00e7a, portando sua espingarda e, de volta \u00e0 sua resid\u00eancia, durante manuseio, a arma veio a disparar contra si.<\/p>\n\n\n\n<p>A espingarda foi apreendida pela pol\u00edcia, que iniciar\u00e1 investiga\u00e7\u00e3o para apurar as circunst\u00e2ncias da morte de Ailton Rodrigues da Silva.<\/p>\n","protected":false},"excerpt":{"rendered":"<p>Caso foi registrado no in\u00edcio da tarde desta segunda-feira (24). Por Blog do Eloilton Cajuhy \u2013 BEC A Pol\u00edcia Militar, atrav\u00e9s do 5\u00ba Pelot\u00e3o de Pindoba\u00e7u, registrou uma morte na tarde desta segunda-feira (24), no interior daquele munic\u00edpio. De acordo com informa\u00e7\u00f5es da 54\u00aa CIPM, com sede em Campo Formoso, por volta das 13h, Ailton [&hellip;]<\/p>\n","protected":false},"author":2,"featured_media":86649,"comment_status":"open","ping_status":"open","sticky":false,"template":"","format":"standard","meta":{"_acf_changed":false,"_monsterinsights_skip_tracking":false,"_monsterinsights_sitenote_active":false,"_monsterinsights_sitenote_note":"","_monsterinsights_sitenote_category":0,"_jetpack_memberships_contains_paid_content":false,"footnotes":"","jetpack_publicize_message":"","jetpack_publicize_feature_enabled":true,"jetpack_social_post_already_shared":true,"jetpack_social_options":{"image_generator_settings":{"template":"highway","default_image_id":0,"font":"","enabled":false},"version":2}},"categories":[15],"tags":[],"class_list":["post-86648","post","type-post","status-publish","format-standard","has-post-thumbnail","hentry","category-policia"],"acf":[],"jetpack_publicize_connections":[],"jetpack_featured_media_url":"https:\/\/i0.wp.com\/blogdoeloiltoncajuhy.com.br\/site\/wp-content\/uploads\/2025\/03\/PM_apreensao-de-arma-em-Pindobacu-2025-03-24.jpeg?fit=800%2C400&ssl=1","jetpack_sharing_enabled":true,"publishpress_future_workflow_manual_trigger":{"enabledWorkflows":[]},"_links":{"self":[{"href":"https:\/\/blogdoeloiltoncajuhy.com.br\/site\/wp-json\/wp\/v2\/posts\/86648","targetHints":{"allow":["GET"]}}],"collection":[{"href":"https:\/\/blogdoeloiltoncajuhy.com.br\/site\/wp-json\/wp\/v2\/posts"}],"about":[{"href":"https:\/\/blogdoeloiltoncajuhy.com.br\/site\/wp-json\/wp\/v2\/types\/post"}],"author":[{"embeddable":true,"href":"https:\/\/blogdoeloiltoncajuhy.com.br\/site\/wp-json\/wp\/v2\/users\/2"}],"replies":[{"embeddable":true,"href":"https:\/\/blogdoeloiltoncajuhy.com.br\/site\/wp-json\/wp\/v2\/comments?post=86648"}],"version-history":[{"count":1,"href":"https:\/\/blogdoeloiltoncajuhy.com.br\/site\/wp-json\/wp\/v2\/posts\/86648\/revisions"}],"predecessor-version":[{"id":86650,"href":"https:\/\/blogdoeloiltoncajuhy.com.br\/site\/wp-json\/wp\/v2\/posts\/86648\/revisions\/86650"}],"wp:featuredmedia":[{"embeddable":true,"href":"https:\/\/blogdoeloiltoncajuhy.com.br\/site\/wp-json\/wp\/v2\/media\/86649"}],"wp:attachment":[{"href":"https:\/\/blogdoeloiltoncajuhy.com.br\/site\/wp-json\/wp\/v2\/media?parent=86648"}],"wp:term":[{"taxonomy":"category","embeddable":true,"href":"https:\/\/blogdoeloiltoncajuhy.com.br\/site\/wp-json\/wp\/v2\/categories?post=86648"},{"taxonomy":"post_tag","embeddable":true,"href":"https:\/\/blogdoeloiltoncajuhy.com.br\/site\/wp-json\/wp\/v2\/tags?post=86648"}],"curies":[{"name":"wp","href":"https:\/\/api.w.org\/{rel}","templated":true}]}}