{"id":86644,"date":"2025-03-24T08:55:24","date_gmt":"2025-03-24T11:55:24","guid":{"rendered":"https:\/\/blogdoeloiltoncajuhy.com.br\/site\/?p=86644"},"modified":"2025-03-24T15:31:20","modified_gmt":"2025-03-24T18:31:20","slug":"cantor-netinho-revela-que-esta-com-com-cancer","status":"publish","type":"post","link":"https:\/\/blogdoeloiltoncajuhy.com.br\/site\/cantor-netinho-revela-que-esta-com-com-cancer\/","title":{"rendered":"Cantor Netinho revela que est\u00e1 com c\u00e2ncer"},"content":{"rendered":"\n<p class=\"has-medium-font-size\"><strong>An\u00fancio foi feito atrav\u00e9s da divulga\u00e7\u00e3o do boletim m\u00e9dico no site oficial do artista, no s\u00e1bado (22).<\/strong><\/p>\n\n\n\n<p><strong>Por g1 BA<\/strong><\/p>\n\n\n\n<figure class=\"wp-block-image aligncenter size-full\"><a href=\"https:\/\/i0.wp.com\/blogdoeloiltoncajuhy.com.br\/site\/wp-content\/uploads\/2025\/03\/Cantor-Netinho-no-Carnaval-de-Salvador-de-2016-%E2%80%94-Foto-Edgar-de-Souza-G1.jpeg?ssl=1\"><img data-recalc-dims=\"1\" fetchpriority=\"high\" decoding=\"async\" width=\"720\" height=\"439\" src=\"https:\/\/i0.wp.com\/blogdoeloiltoncajuhy.com.br\/site\/wp-content\/uploads\/2025\/03\/Cantor-Netinho-no-Carnaval-de-Salvador-de-2016-%E2%80%94-Foto-Edgar-de-Souza-G1.jpeg?resize=720%2C439&#038;ssl=1\" alt=\"\" class=\"wp-image-86645\" srcset=\"https:\/\/i0.wp.com\/blogdoeloiltoncajuhy.com.br\/site\/wp-content\/uploads\/2025\/03\/Cantor-Netinho-no-Carnaval-de-Salvador-de-2016-%E2%80%94-Foto-Edgar-de-Souza-G1.jpeg?w=720&amp;ssl=1 720w, https:\/\/i0.wp.com\/blogdoeloiltoncajuhy.com.br\/site\/wp-content\/uploads\/2025\/03\/Cantor-Netinho-no-Carnaval-de-Salvador-de-2016-%E2%80%94-Foto-Edgar-de-Souza-G1.jpeg?resize=300%2C183&amp;ssl=1 300w\" sizes=\"(max-width: 720px) 100vw, 720px\" \/><\/a><figcaption class=\"wp-element-caption\"><sub>Cantor Netinho durante apresenta\u00e7\u00e3o no Carnaval de Salvador, no ano de 2016 \u2014 Foto: Edgar de Souza\/G1<\/sub><\/figcaption><\/figure>\n\n\n\n<p>O cantor Netinho, de 58 anos, foi diagnosticado com c\u00e2ncer do sistema linf\u00e1tico. O an\u00fancio foi feito atrav\u00e9s da divulga\u00e7\u00e3o do boletim m\u00e9dico no site oficial do artista, no s\u00e1bado (22).<\/p>\n\n\n\n<p>O comunicado, assinado pela diretoria m\u00e9dica do Hospital Alian\u00e7a Star, em Salvador, detalha que ap\u00f3s a descoberta do linfoma, Netinho est\u00e1 com &#8220;acompanhamento onco-hematol\u00f3gico&#8221;, sob coordena\u00e7\u00e3o da m\u00e9dica Gl\u00f3ria Bonfim, e segue com suporte m\u00e9dico especializado.<\/p>\n\n\n\n<p>A nota n\u00e3o informa o est\u00e1gio da doen\u00e7a, nem como o tratamento que ser\u00e1 feito. Procurada pelo <strong>g1<\/strong>, a assessoria de comunica\u00e7\u00e3o do artista disse que todas as informa\u00e7\u00f5es sobre o assunto est\u00e3o na p\u00e1gina do cantor.<\/p>\n\n\n\n<p>No mesmo comunicado, a unidade informou que Netinho recebeu alta hospitalar. Ele deu entrada no Hospital Alian\u00e7a Star no dia 25 de fevereiro, ap\u00f3s sentir fortes dores nas pernas. Na ocasi\u00e3o, o baiano revelou que precisou desmarcar os shows que estavam agendados para o Carnaval deste ano. Ele detalhou que faria seis apresenta\u00e7\u00f5es em cinco dias.<\/p>\n\n\n\n<p><a href=\"https:\/\/whatsapp.com\/channel\/0029VaAT7tDLI8Yfj5y9Z50Z\"><strong><mark style=\"background-color:rgba(0, 0, 0, 0)\" class=\"has-inline-color has-vivid-red-color\">Siga nosso canal no WhatsApp e veja mais not\u00edcias<\/mark><\/strong><\/a><\/p>\n\n\n\n<h4 class=\"wp-block-heading\"><strong><mark style=\"background-color:rgba(0, 0, 0, 0)\" class=\"has-inline-color has-black-color\">Interna\u00e7\u00e3o<\/mark><\/strong><\/h4>\n\n\n\n<figure class=\"wp-block-image aligncenter size-full\"><a href=\"https:\/\/i0.wp.com\/blogdoeloiltoncajuhy.com.br\/site\/wp-content\/uploads\/2025\/02\/Netinho_Reproducao-g1-BA.png\"><img data-recalc-dims=\"1\" decoding=\"async\" width=\"289\" height=\"447\" src=\"https:\/\/i0.wp.com\/blogdoeloiltoncajuhy.com.br\/site\/wp-content\/uploads\/2025\/02\/Netinho_Reproducao-g1-BA.png?resize=289%2C447\" alt=\"\" class=\"wp-image-86145\" srcset=\"https:\/\/i0.wp.com\/blogdoeloiltoncajuhy.com.br\/site\/wp-content\/uploads\/2025\/02\/Netinho_Reproducao-g1-BA.png?w=289&amp;ssl=1 289w, https:\/\/i0.wp.com\/blogdoeloiltoncajuhy.com.br\/site\/wp-content\/uploads\/2025\/02\/Netinho_Reproducao-g1-BA.png?resize=194%2C300&amp;ssl=1 194w\" sizes=\"(max-width: 289px) 100vw, 289px\" \/><\/a><figcaption class=\"wp-element-caption\"><sub>Reprodu\u00e7\u00e3o \/ g1 BA<\/sub><\/figcaption><\/figure>\n\n\n\n<p>No dia 26 de fevereiro, Netinho relatou nas redes sociais que sentiu dor nas costas e dificuldades para andar ap\u00f3s fazer tr\u00eas shows no fim de semana, em cidades de Alagoas e Pernambuco.<\/p>\n\n\n\n<p>O site oficial detalha que as dores surgiram no momento em que ele se deslocava para cortar os cabelos e pegar os figurinos que vestiria no carnaval.<\/p>\n\n\n\n<p>&#8220;Meu m\u00e9dico, Dr. Paran\u00e1, quando me examinou, pediu para me internar porque ele disse que tenho o corpo muito mexido pela medicina por causa de tudo que eu passei em 2013&#8221;, disse ele.<\/p>\n\n\n\n<p>Naquele ano, o artista sofreu problemas vasculares no abd\u00f4men, depois teve complica\u00e7\u00f5es por conta de uma bi\u00f3psia hep\u00e1tica, com sangramento no f\u00edgado.<\/p>\n\n\n\n<blockquote class=\"wp-block-quote is-layout-flow wp-block-quote-is-layout-flow\">\n<p class=\"has-medium-font-size\"><strong><mark style=\"background-color:rgba(0, 0, 0, 0)\" class=\"has-inline-color has-black-color\">&#8220;J\u00e1 fiz tr\u00eas cirurgias no c\u00e9rebro, tenho quatro stents, uma v\u00e1lvula cerebral. Ele precisa, nesse momento, investigar fundo a dor para saber a causa porque pode ser uma coisa pior ou n\u00e3o. Ent\u00e3o, estou fazendo uma s\u00e9rie de exames, exames criteriosos&#8221;.<\/mark><\/strong><\/p>\n<\/blockquote>\n\n\n\n<p>Conforme o Instituto Nacional do C\u00e2ncer (Inca), linfoma ou Doen\u00e7a de Hodgkin \u00e9 um tipo de c\u00e2ncer que se origina no sistema linf\u00e1tico, conjunto composto por \u00f3rg\u00e3os (linfonodos ou g\u00e2nglios) e tecidos que produzem as c\u00e9lulas respons\u00e1veis pela imunidade e vasos que conduzem essas c\u00e9lulas atrav\u00e9s do corpo.<\/p>\n\n\n\n<p>A doen\u00e7a surge quando uma c\u00e9lula de defesa do corpo, ou linf\u00f3cito, se transforma em uma c\u00e9lula maligna capaz de se multiplicar descontroladamente. A c\u00e9lula maligna come\u00e7a a produzir, nos linfonodos, c\u00f3pias id\u00eanticas, tamb\u00e9m chamadas de clones. Com o passar do tempo, essas c\u00e9lulas malignas podem se disseminar para tecidos pr\u00f3ximos e atingir outras partes do corpo, se n\u00e3o tratadas.<\/p>\n\n\n\n<p>A doen\u00e7a inicia geralmente no pesco\u00e7o e na regi\u00e3o do t\u00f3rax chamada mediastino. O linfoma pode aparecer em qualquer faixa et\u00e1ria, por\u00e9m \u00e9 mais comum entre adolescentes e adultos jovens (15 a 29 anos), adultos (30 a 39 anos) e idosos (75 anos ou mais). Ainda de acordo com o Inca, homens t\u00eam maior propens\u00e3o a desenvolver a enfermidade, em compara\u00e7\u00e3o com as mulheres.<\/p>\n\n\n\n<p>A incid\u00eancia de casos novos permaneceu est\u00e1vel nas \u00faltimas cinco d\u00e9cadas, enquanto a mortalidade foi reduzida em mais de 60% desde o in\u00edcio dos anos 1970 devido aos avan\u00e7os no tratamento. A maioria dos pacientes com linfoma pode ser curada com o tratamento dispon\u00edvel atualmente.<\/p>\n","protected":false},"excerpt":{"rendered":"<p>An\u00fancio foi feito atrav\u00e9s da divulga\u00e7\u00e3o do boletim m\u00e9dico no site oficial do artista, no s\u00e1bado (22). Por g1 BA O cantor Netinho, de 58 anos, foi diagnosticado com c\u00e2ncer do sistema linf\u00e1tico. O an\u00fancio foi feito atrav\u00e9s da divulga\u00e7\u00e3o do boletim m\u00e9dico no site oficial do artista, no s\u00e1bado (22). O comunicado, assinado pela [&hellip;]<\/p>\n","protected":false},"author":2,"featured_media":86645,"comment_status":"open","ping_status":"open","sticky":false,"template":"","format":"standard","meta":{"_acf_changed":false,"_monsterinsights_skip_tracking":false,"_monsterinsights_sitenote_active":false,"_monsterinsights_sitenote_note":"","_monsterinsights_sitenote_category":0,"_jetpack_memberships_contains_paid_content":false,"footnotes":"","jetpack_publicize_message":"","jetpack_publicize_feature_enabled":true,"jetpack_social_post_already_shared":true,"jetpack_social_options":{"image_generator_settings":{"template":"highway","default_image_id":0,"font":"","enabled":false},"version":2}},"categories":[8],"tags":[],"class_list":["post-86644","post","type-post","status-publish","format-standard","has-post-thumbnail","hentry","category-cultura"],"acf":[],"jetpack_publicize_connections":[],"jetpack_featured_media_url":"https:\/\/i0.wp.com\/blogdoeloiltoncajuhy.com.br\/site\/wp-content\/uploads\/2025\/03\/Cantor-Netinho-no-Carnaval-de-Salvador-de-2016-%E2%80%94-Foto-Edgar-de-Souza-G1.jpeg?fit=720%2C439&ssl=1","jetpack_sharing_enabled":true,"publishpress_future_workflow_manual_trigger":{"enabledWorkflows":[]},"_links":{"self":[{"href":"https:\/\/blogdoeloiltoncajuhy.com.br\/site\/wp-json\/wp\/v2\/posts\/86644","targetHints":{"allow":["GET"]}}],"collection":[{"href":"https:\/\/blogdoeloiltoncajuhy.com.br\/site\/wp-json\/wp\/v2\/posts"}],"about":[{"href":"https:\/\/blogdoeloiltoncajuhy.com.br\/site\/wp-json\/wp\/v2\/types\/post"}],"author":[{"embeddable":true,"href":"https:\/\/blogdoeloiltoncajuhy.com.br\/site\/wp-json\/wp\/v2\/users\/2"}],"replies":[{"embeddable":true,"href":"https:\/\/blogdoeloiltoncajuhy.com.br\/site\/wp-json\/wp\/v2\/comments?post=86644"}],"version-history":[{"count":2,"href":"https:\/\/blogdoeloiltoncajuhy.com.br\/site\/wp-json\/wp\/v2\/posts\/86644\/revisions"}],"predecessor-version":[{"id":86647,"href":"https:\/\/blogdoeloiltoncajuhy.com.br\/site\/wp-json\/wp\/v2\/posts\/86644\/revisions\/86647"}],"wp:featuredmedia":[{"embeddable":true,"href":"https:\/\/blogdoeloiltoncajuhy.com.br\/site\/wp-json\/wp\/v2\/media\/86645"}],"wp:attachment":[{"href":"https:\/\/blogdoeloiltoncajuhy.com.br\/site\/wp-json\/wp\/v2\/media?parent=86644"}],"wp:term":[{"taxonomy":"category","embeddable":true,"href":"https:\/\/blogdoeloiltoncajuhy.com.br\/site\/wp-json\/wp\/v2\/categories?post=86644"},{"taxonomy":"post_tag","embeddable":true,"href":"https:\/\/blogdoeloiltoncajuhy.com.br\/site\/wp-json\/wp\/v2\/tags?post=86644"}],"curies":[{"name":"wp","href":"https:\/\/api.w.org\/{rel}","templated":true}]}}