{"id":86636,"date":"2025-03-23T20:48:40","date_gmt":"2025-03-23T23:48:40","guid":{"rendered":"https:\/\/blogdoeloiltoncajuhy.com.br\/site\/?p=86636"},"modified":"2025-03-23T20:48:42","modified_gmt":"2025-03-23T23:48:42","slug":"papa-francisco-acena-para-fieis-e-deixa-o-hospital-apos-quase-40-dias-internado","status":"publish","type":"post","link":"https:\/\/blogdoeloiltoncajuhy.com.br\/site\/papa-francisco-acena-para-fieis-e-deixa-o-hospital-apos-quase-40-dias-internado\/","title":{"rendered":"Papa Francisco acena para fi\u00e9is e deixa o hospital ap\u00f3s quase 40 dias internado"},"content":{"rendered":"\n<p class=\"has-medium-font-size\"><strong>M\u00e9dicos afirmaram que pneumonia bilateral foi curada, mas que Francisco precisar\u00e1 tomar alguns cuidados e repousar por dois meses.<\/strong><\/p>\n\n\n\n<p><strong>Por g1<\/strong><\/p>\n\n\n\n<figure class=\"wp-block-image aligncenter size-full\"><a href=\"https:\/\/i0.wp.com\/blogdoeloiltoncajuhy.com.br\/site\/wp-content\/uploads\/2025\/03\/Papa-Francisco-faz-primeira-aparicao-publica-apos-quase-40-dias-internado-%E2%80%94-Foto-Yara-Nardi-Reuters.jpeg?ssl=1\"><img data-recalc-dims=\"1\" fetchpriority=\"high\" decoding=\"async\" width=\"800\" height=\"533\" src=\"https:\/\/i0.wp.com\/blogdoeloiltoncajuhy.com.br\/site\/wp-content\/uploads\/2025\/03\/Papa-Francisco-faz-primeira-aparicao-publica-apos-quase-40-dias-internado-%E2%80%94-Foto-Yara-Nardi-Reuters.jpeg?resize=800%2C533&#038;ssl=1\" alt=\"\" class=\"wp-image-86637\" srcset=\"https:\/\/i0.wp.com\/blogdoeloiltoncajuhy.com.br\/site\/wp-content\/uploads\/2025\/03\/Papa-Francisco-faz-primeira-aparicao-publica-apos-quase-40-dias-internado-%E2%80%94-Foto-Yara-Nardi-Reuters.jpeg?w=984&amp;ssl=1 984w, https:\/\/i0.wp.com\/blogdoeloiltoncajuhy.com.br\/site\/wp-content\/uploads\/2025\/03\/Papa-Francisco-faz-primeira-aparicao-publica-apos-quase-40-dias-internado-%E2%80%94-Foto-Yara-Nardi-Reuters.jpeg?resize=300%2C200&amp;ssl=1 300w, https:\/\/i0.wp.com\/blogdoeloiltoncajuhy.com.br\/site\/wp-content\/uploads\/2025\/03\/Papa-Francisco-faz-primeira-aparicao-publica-apos-quase-40-dias-internado-%E2%80%94-Foto-Yara-Nardi-Reuters.jpeg?resize=768%2C512&amp;ssl=1 768w\" sizes=\"(max-width: 800px) 100vw, 800px\" \/><\/a><figcaption class=\"wp-element-caption\"><sub>Papa Francisco faz primeira apari\u00e7\u00e3o p\u00fablica ap\u00f3s quase 40 dias internado \u2014 Foto: Yara Nardi\/Reuters<\/sub><\/figcaption><\/figure>\n\n\n\n<p>Ap\u00f3s quase 40 dias internado, o Papa Francisco recebeu alta neste domingo (23). Antes, o pont\u00edfice apareceu na sacada do hospital e acenou para os fi\u00e9is. Pouco depois, ele deixou o hospital no banco da frente do carro em dire\u00e7\u00e3o ao Vaticano.<\/p>\n\n\n\n<p>Francisco tem 88 anos e foi internado no hospital Gemelli, em Roma, em 14 de fevereiro, para tratar problemas respirat\u00f3rios.<\/p>\n\n\n\n<p><a href=\"https:\/\/whatsapp.com\/channel\/0029VaAT7tDLI8Yfj5y9Z50Z\"><strong><mark style=\"background-color:rgba(0, 0, 0, 0)\" class=\"has-inline-color has-vivid-red-color\">Siga nosso canal no WhatsApp e veja mais not\u00edcias<\/mark><\/strong><\/a><\/p>\n\n\n\n<p>Ap\u00f3s voltar para casa, Francisco ter\u00e1 que manter alguns cuidados e ficar em repouso por dois meses. Ele tamb\u00e9m ter\u00e1 de ser submetido a tratamentos de fisioterapia respirat\u00f3ria e exerc\u00edcios de fala \u2014 os m\u00e9dicos disseram que ele est\u00e1 com a voz afetada por conta do per\u00edodo prolongado em que recebeu aux\u00edlio de oxig\u00eanio de alto fluxo atrav\u00e9s de equipamentos n\u00e3o invasivos.<\/p>\n\n\n\n<p>A equipe m\u00e9dica disse esperar que o pont\u00edfice recupere a voz aos poucos, embora n\u00e3o tenham estimado um prazo para isso. Ele tamb\u00e9m poder\u00e1 voltar a sus atividades de forma gradual, mas com &#8220;um estilo de vida mais calmo&#8221;, disse o chefe da equipe m\u00e9dica, Sergio Alfieri, m\u00e9dico da equipe de Francisco e diretor do hospital Gemelli, no s\u00e1bado (22).<\/p>\n\n\n\n<figure class=\"wp-block-image aligncenter size-full\"><a href=\"https:\/\/i0.wp.com\/blogdoeloiltoncajuhy.com.br\/site\/wp-content\/uploads\/2025\/03\/Papa-Francisco-no-carro-apos-receber-alta-%E2%80%94-Foto-Stefano-Costantino-AP-Photo.jpeg?ssl=1\"><img data-recalc-dims=\"1\" decoding=\"async\" width=\"800\" height=\"533\" src=\"https:\/\/i0.wp.com\/blogdoeloiltoncajuhy.com.br\/site\/wp-content\/uploads\/2025\/03\/Papa-Francisco-no-carro-apos-receber-alta-%E2%80%94-Foto-Stefano-Costantino-AP-Photo.jpeg?resize=800%2C533&#038;ssl=1\" alt=\"\" class=\"wp-image-86638\" srcset=\"https:\/\/i0.wp.com\/blogdoeloiltoncajuhy.com.br\/site\/wp-content\/uploads\/2025\/03\/Papa-Francisco-no-carro-apos-receber-alta-%E2%80%94-Foto-Stefano-Costantino-AP-Photo.jpeg?w=984&amp;ssl=1 984w, https:\/\/i0.wp.com\/blogdoeloiltoncajuhy.com.br\/site\/wp-content\/uploads\/2025\/03\/Papa-Francisco-no-carro-apos-receber-alta-%E2%80%94-Foto-Stefano-Costantino-AP-Photo.jpeg?resize=300%2C200&amp;ssl=1 300w, https:\/\/i0.wp.com\/blogdoeloiltoncajuhy.com.br\/site\/wp-content\/uploads\/2025\/03\/Papa-Francisco-no-carro-apos-receber-alta-%E2%80%94-Foto-Stefano-Costantino-AP-Photo.jpeg?resize=768%2C512&amp;ssl=1 768w\" sizes=\"(max-width: 800px) 100vw, 800px\" \/><\/a><figcaption class=\"wp-element-caption\"><sub>O Papa Francisco no carro ap\u00f3s receber alta \u2014 Foto: Stefano Costantino\/AP Photo<\/sub><\/figcaption><\/figure>\n\n\n\n<p>A equipe desaconselhou ainda encontros frequentes com pessoas, principalmente grandes grupos, para evitar o contato com novos v\u00edrus, e atividades de esfor\u00e7o. A equipe afirmou que papa est\u00e1 completamente curado da pneumonia dupla, mas que alguns v\u00edrus permanecem em seu pulm\u00e3o.<\/p>\n\n\n\n<blockquote class=\"wp-block-quote is-layout-flow wp-block-quote-is-layout-flow\">\n<p class=\"has-medium-font-size\"><strong><mark style=\"background-color:rgba(0, 0, 0, 0)\" class=\"has-inline-color has-black-color\">&#8220;Ele ficou muito contente. H\u00e1 uns tr\u00eas, quatro dias, ele estava perguntando: &#8216;Quando vou pra casa&#8217;?&#8221;, disseram os m\u00e9dicos. &#8220;O papa foi um paciente exemplar. Ouviu nossas sugest\u00f5es. Ent\u00e3o n\u00f3s concordamos (com a alta) quando achamos que era um momento certo&#8221;, complementou.<\/mark><\/strong><\/p>\n<\/blockquote>\n\n\n\n<p>Ainda segundo a equipe, Francisco &#8220;manteve o bom humor&#8221; ao longo dos dias de interna\u00e7\u00e3o, com exce\u00e7\u00e3o de alguns momentos quando seu quadro de sa\u00fade se agravou.<\/p>\n","protected":false},"excerpt":{"rendered":"<p>M\u00e9dicos afirmaram que pneumonia bilateral foi curada, mas que Francisco precisar\u00e1 tomar alguns cuidados e repousar por dois meses. Por g1 Ap\u00f3s quase 40 dias internado, o Papa Francisco recebeu alta neste domingo (23). Antes, o pont\u00edfice apareceu na sacada do hospital e acenou para os fi\u00e9is. Pouco depois, ele deixou o hospital no banco [&hellip;]<\/p>\n","protected":false},"author":2,"featured_media":86637,"comment_status":"open","ping_status":"open","sticky":false,"template":"","format":"standard","meta":{"_acf_changed":false,"_monsterinsights_skip_tracking":false,"_monsterinsights_sitenote_active":false,"_monsterinsights_sitenote_note":"","_monsterinsights_sitenote_category":0,"_jetpack_memberships_contains_paid_content":false,"footnotes":"","jetpack_publicize_message":"","jetpack_publicize_feature_enabled":true,"jetpack_social_post_already_shared":true,"jetpack_social_options":{"image_generator_settings":{"template":"highway","default_image_id":0,"font":"","enabled":false},"version":2}},"categories":[1],"tags":[],"class_list":["post-86636","post","type-post","status-publish","format-standard","has-post-thumbnail","hentry","category-noticias"],"acf":[],"jetpack_publicize_connections":[],"jetpack_featured_media_url":"https:\/\/i0.wp.com\/blogdoeloiltoncajuhy.com.br\/site\/wp-content\/uploads\/2025\/03\/Papa-Francisco-faz-primeira-aparicao-publica-apos-quase-40-dias-internado-%E2%80%94-Foto-Yara-Nardi-Reuters.jpeg?fit=984%2C656&ssl=1","jetpack_sharing_enabled":true,"publishpress_future_workflow_manual_trigger":{"enabledWorkflows":[]},"_links":{"self":[{"href":"https:\/\/blogdoeloiltoncajuhy.com.br\/site\/wp-json\/wp\/v2\/posts\/86636","targetHints":{"allow":["GET"]}}],"collection":[{"href":"https:\/\/blogdoeloiltoncajuhy.com.br\/site\/wp-json\/wp\/v2\/posts"}],"about":[{"href":"https:\/\/blogdoeloiltoncajuhy.com.br\/site\/wp-json\/wp\/v2\/types\/post"}],"author":[{"embeddable":true,"href":"https:\/\/blogdoeloiltoncajuhy.com.br\/site\/wp-json\/wp\/v2\/users\/2"}],"replies":[{"embeddable":true,"href":"https:\/\/blogdoeloiltoncajuhy.com.br\/site\/wp-json\/wp\/v2\/comments?post=86636"}],"version-history":[{"count":1,"href":"https:\/\/blogdoeloiltoncajuhy.com.br\/site\/wp-json\/wp\/v2\/posts\/86636\/revisions"}],"predecessor-version":[{"id":86639,"href":"https:\/\/blogdoeloiltoncajuhy.com.br\/site\/wp-json\/wp\/v2\/posts\/86636\/revisions\/86639"}],"wp:featuredmedia":[{"embeddable":true,"href":"https:\/\/blogdoeloiltoncajuhy.com.br\/site\/wp-json\/wp\/v2\/media\/86637"}],"wp:attachment":[{"href":"https:\/\/blogdoeloiltoncajuhy.com.br\/site\/wp-json\/wp\/v2\/media?parent=86636"}],"wp:term":[{"taxonomy":"category","embeddable":true,"href":"https:\/\/blogdoeloiltoncajuhy.com.br\/site\/wp-json\/wp\/v2\/categories?post=86636"},{"taxonomy":"post_tag","embeddable":true,"href":"https:\/\/blogdoeloiltoncajuhy.com.br\/site\/wp-json\/wp\/v2\/tags?post=86636"}],"curies":[{"name":"wp","href":"https:\/\/api.w.org\/{rel}","templated":true}]}}