{"id":86629,"date":"2025-03-23T00:10:00","date_gmt":"2025-03-23T03:10:00","guid":{"rendered":"https:\/\/blogdoeloiltoncajuhy.com.br\/site\/?p=86629"},"modified":"2025-03-22T16:08:03","modified_gmt":"2025-03-22T19:08:03","slug":"plenario-da-camara-deve-votar-projetos-de-interesse-da-bancada-feminina-para-ampliar-direitos-de-mulheres-e-criancas","status":"publish","type":"post","link":"https:\/\/blogdoeloiltoncajuhy.com.br\/site\/plenario-da-camara-deve-votar-projetos-de-interesse-da-bancada-feminina-para-ampliar-direitos-de-mulheres-e-criancas\/","title":{"rendered":"Plen\u00e1rio da C\u00e2mara deve votar projetos de interesse da bancada feminina para ampliar direitos de mulheres e crian\u00e7as"},"content":{"rendered":"\n<p><strong>Blog do Eloilton Cajuhy \u2013 BEC<\/strong><\/p>\n\n\n\n<figure class=\"wp-block-image aligncenter size-full\"><a href=\"https:\/\/i0.wp.com\/blogdoeloiltoncajuhy.com.br\/site\/wp-content\/uploads\/2024\/09\/Camara-dos-Deputados-Foto-Geraldo-Magela-Agencia-Senado.png\"><img data-recalc-dims=\"1\" fetchpriority=\"high\" decoding=\"async\" width=\"740\" height=\"520\" src=\"https:\/\/i0.wp.com\/blogdoeloiltoncajuhy.com.br\/site\/wp-content\/uploads\/2024\/09\/Camara-dos-Deputados-Foto-Geraldo-Magela-Agencia-Senado.png?resize=740%2C520\" alt=\"\" class=\"wp-image-82715\" srcset=\"https:\/\/i0.wp.com\/blogdoeloiltoncajuhy.com.br\/site\/wp-content\/uploads\/2024\/09\/Camara-dos-Deputados-Foto-Geraldo-Magela-Agencia-Senado.png?w=740&amp;ssl=1 740w, https:\/\/i0.wp.com\/blogdoeloiltoncajuhy.com.br\/site\/wp-content\/uploads\/2024\/09\/Camara-dos-Deputados-Foto-Geraldo-Magela-Agencia-Senado.png?resize=300%2C211&amp;ssl=1 300w\" sizes=\"(max-width: 740px) 100vw, 740px\" \/><\/a><figcaption class=\"wp-element-caption\"><sub>Foto: Geraldo Magela\/Ag\u00eancia Senado<\/sub><\/figcaption><\/figure>\n\n\n\n<p>Para celebrar o m\u00eas das mulheres, na pr\u00f3xima ter\u00e7a-feira (25) a pauta do plen\u00e1rio ser\u00e1 dedicada \u00e0 vota\u00e7\u00e3o de projetos indicados pela bancada feminina. Devem ser votados: a proposta (PL 3914\/23) que institui o crime de viol\u00eancia patrimonial contra a crian\u00e7a e o adolescente; o projeto (PL 942\/24) que aumenta a pena para o crime de fornecer a crian\u00e7a ou a adolescente bebida alco\u00f3lica e outras drogas; proposta (PL 4306\/20) que permite a crian\u00e7a e adolescente pedir a exclus\u00e3o de informa\u00e7\u00f5es publicadas na internet que possam causar constrangimentos; e projeto (PL 4272\/21) que cria o sistema nacional de acompanhamento da pessoa com suspeita ou diagn\u00f3stico de c\u00e2ncer.<\/p>\n\n\n\n<p>A deputada Tal\u00edria Petrone (Psol-RJ) lembra que mar\u00e7o \u00e9 um m\u00eas importante para avan\u00e7ar com a agenda das mulheres.<\/p>\n\n\n\n<p>&#8220;S\u00e3o v\u00e1rios projetos que envolvem a amplia\u00e7\u00e3o dos direitos da gente que \u00e9 mulher \u2013 e das meninas tamb\u00e9m! Desde prote\u00e7\u00e3o \u00e0 dignidade das meninas, enfrentando a viol\u00eancia sexual contra as meninas. Prote\u00e7\u00e3o da mulher no ambiente digital; tem um projeto bastante importante tamb\u00e9m relativo \u00e0 preven\u00e7\u00e3o ao c\u00e2ncer que atinge muitas mulheres, em especial c\u00e2ncer de mama, c\u00e2ncer de colo de \u00fatero&#8221;.<\/p>\n\n\n\n<p><a href=\"https:\/\/whatsapp.com\/channel\/0029VaAT7tDLI8Yfj5y9Z50Z\"><strong><mark style=\"background-color:rgba(0, 0, 0, 0)\" class=\"has-inline-color has-vivid-red-color\">Siga nosso canal no WhatsApp e veja mais not\u00edcias<\/mark><\/strong><\/a><\/p>\n\n\n\n<p>Para celebrar o Dia do Oficial e das Oficialas de Justi\u00e7a, os l\u00edderes inclu\u00edram mais uma mat\u00e9ria nesta lista. \u00c9 o projeto (PL 4015\/23) que aumenta as penas para homic\u00eddios contra magistrados e membros do Minist\u00e9rio P\u00fablico. Aprovado na C\u00e2mara, ele retorna do Senado com a inclus\u00e3o de oficiais de justi\u00e7a e defensores p\u00fablicos. Os deputados Coronel Meira (PL-PE); e Defensor St\u00e9lio Dener (Republicanos-RR) explicam.<\/p>\n\n\n\n<p>Coronel Meira: &#8220;A gente poder dia 25, dia do oficial e oficiala de justi\u00e7a do Brasil, federal e estadual, a gente poder votar e, tamb\u00e9m, em conjunto com toda a Defensoria P\u00fablica do Brasil. Ent\u00e3o, s\u00e3o duas categorias que est\u00e3o na ponta, atendendo ao cidad\u00e3o, ao povo brasileiro. E que merecem ter esse risco de vida esta garantia, que j\u00e1 tem inclusive a Justi\u00e7a brasileira, que foi aprovada nesta casa no ano passado.&#8221;<\/p>\n\n\n\n<p>Defensor St\u00e9lio Dener: &#8220;O magistrado e o promotor de Justi\u00e7a eles j\u00e1 est\u00e3o protegidos em rela\u00e7\u00e3o \u00e0 sua integridade f\u00edsica por esta lei. Agora tamb\u00e9m o defensor p\u00fablico a defensora p\u00fablica, e os oficiais de justi\u00e7a de todo o Brasil estar\u00e3o tamb\u00e9m protegidos.&#8221;<\/p>\n\n\n\n<p>Poder\u00e3o ser votados, ainda, projetos como o que cria a Lei do Mar de prote\u00e7\u00e3o ao bioma marinho brasileiro (PL 6969\/13); e o (PL 4149\/04) que aumenta as penas para criminosos flagrados com armas de uso restrito.<\/p>\n\n\n\n<p>Esses e outros debates e vota\u00e7\u00f5es voc\u00ea acompanha no portal da C\u00e2mara, na R\u00e1dio e na TV C\u00e2mara, no canal no YouTube e nas redes sociais da C\u00e2mara dos Deputados.<\/p>\n","protected":false},"excerpt":{"rendered":"<p>Blog do Eloilton Cajuhy \u2013 BEC Para celebrar o m\u00eas das mulheres, na pr\u00f3xima ter\u00e7a-feira (25) a pauta do plen\u00e1rio ser\u00e1 dedicada \u00e0 vota\u00e7\u00e3o de projetos indicados pela bancada feminina. Devem ser votados: a proposta (PL 3914\/23) que institui o crime de viol\u00eancia patrimonial contra a crian\u00e7a e o adolescente; o projeto (PL 942\/24) que [&hellip;]<\/p>\n","protected":false},"author":2,"featured_media":86115,"comment_status":"open","ping_status":"open","sticky":false,"template":"","format":"standard","meta":{"_acf_changed":false,"_monsterinsights_skip_tracking":false,"_monsterinsights_sitenote_active":false,"_monsterinsights_sitenote_note":"","_monsterinsights_sitenote_category":0,"_jetpack_memberships_contains_paid_content":false,"footnotes":"","jetpack_publicize_message":"","jetpack_publicize_feature_enabled":true,"jetpack_social_post_already_shared":true,"jetpack_social_options":{"image_generator_settings":{"template":"highway","enabled":false},"version":2}},"categories":[3],"tags":[],"class_list":["post-86629","post","type-post","status-publish","format-standard","has-post-thumbnail","hentry","category-politica"],"acf":[],"jetpack_publicize_connections":[],"jetpack_featured_media_url":"https:\/\/i0.wp.com\/blogdoeloiltoncajuhy.com.br\/site\/wp-content\/uploads\/2025\/02\/Camara-dos-Deputados-%E2%80%94-Foto_Vinicius-Loures-Camara-dos-Deputados_270225.png?fit=819%2C505&ssl=1","jetpack_sharing_enabled":true,"publishpress_future_workflow_manual_trigger":{"enabledWorkflows":[]},"_links":{"self":[{"href":"https:\/\/blogdoeloiltoncajuhy.com.br\/site\/wp-json\/wp\/v2\/posts\/86629","targetHints":{"allow":["GET"]}}],"collection":[{"href":"https:\/\/blogdoeloiltoncajuhy.com.br\/site\/wp-json\/wp\/v2\/posts"}],"about":[{"href":"https:\/\/blogdoeloiltoncajuhy.com.br\/site\/wp-json\/wp\/v2\/types\/post"}],"author":[{"embeddable":true,"href":"https:\/\/blogdoeloiltoncajuhy.com.br\/site\/wp-json\/wp\/v2\/users\/2"}],"replies":[{"embeddable":true,"href":"https:\/\/blogdoeloiltoncajuhy.com.br\/site\/wp-json\/wp\/v2\/comments?post=86629"}],"version-history":[{"count":1,"href":"https:\/\/blogdoeloiltoncajuhy.com.br\/site\/wp-json\/wp\/v2\/posts\/86629\/revisions"}],"predecessor-version":[{"id":86630,"href":"https:\/\/blogdoeloiltoncajuhy.com.br\/site\/wp-json\/wp\/v2\/posts\/86629\/revisions\/86630"}],"wp:featuredmedia":[{"embeddable":true,"href":"https:\/\/blogdoeloiltoncajuhy.com.br\/site\/wp-json\/wp\/v2\/media\/86115"}],"wp:attachment":[{"href":"https:\/\/blogdoeloiltoncajuhy.com.br\/site\/wp-json\/wp\/v2\/media?parent=86629"}],"wp:term":[{"taxonomy":"category","embeddable":true,"href":"https:\/\/blogdoeloiltoncajuhy.com.br\/site\/wp-json\/wp\/v2\/categories?post=86629"},{"taxonomy":"post_tag","embeddable":true,"href":"https:\/\/blogdoeloiltoncajuhy.com.br\/site\/wp-json\/wp\/v2\/tags?post=86629"}],"curies":[{"name":"wp","href":"https:\/\/api.w.org\/{rel}","templated":true}]}}