{"id":86584,"date":"2025-03-21T08:40:17","date_gmt":"2025-03-21T11:40:17","guid":{"rendered":"https:\/\/blogdoeloiltoncajuhy.com.br\/site\/?p=86584"},"modified":"2025-03-21T08:41:15","modified_gmt":"2025-03-21T11:41:15","slug":"no-dia-mundial-da-saude-bucal-odontologa-reforca-a-importancia-de-habitos-saudaveis-e-de-rotina-de-cuidados-bucais","status":"publish","type":"post","link":"https:\/\/blogdoeloiltoncajuhy.com.br\/site\/no-dia-mundial-da-saude-bucal-odontologa-reforca-a-importancia-de-habitos-saudaveis-e-de-rotina-de-cuidados-bucais\/","title":{"rendered":"No Dia Mundial da Sa\u00fade Bucal, odont\u00f3loga refor\u00e7a a import\u00e2ncia de h\u00e1bitos saud\u00e1veis e de rotina de cuidados bucais"},"content":{"rendered":"\n<p><strong>Blog do Eloilton Cajuhy &#8211; BEC<\/strong><\/p>\n\n\n\n<p><a href=\"https:\/\/whatsapp.com\/channel\/0029VaAT7tDLI8Yfj5y9Z50Z\"><strong><mark style=\"background-color:rgba(0, 0, 0, 0)\" class=\"has-inline-color has-vivid-red-color\">Siga nosso canal no WhatsApp e veja mais not\u00edcias<\/mark><\/strong><\/a><\/p>\n\n\n\n<p><\/p>\n\n\n\n<figure class=\"wp-block-image aligncenter size-full\"><a href=\"https:\/\/i0.wp.com\/blogdoeloiltoncajuhy.com.br\/site\/wp-content\/uploads\/2025\/03\/Saude-Bucal-Reproducao.jpeg?ssl=1\"><img data-recalc-dims=\"1\" fetchpriority=\"high\" decoding=\"async\" width=\"750\" height=\"500\" src=\"https:\/\/i0.wp.com\/blogdoeloiltoncajuhy.com.br\/site\/wp-content\/uploads\/2025\/03\/Saude-Bucal-Reproducao.jpeg?resize=750%2C500&#038;ssl=1\" alt=\"\" class=\"wp-image-86585\" srcset=\"https:\/\/i0.wp.com\/blogdoeloiltoncajuhy.com.br\/site\/wp-content\/uploads\/2025\/03\/Saude-Bucal-Reproducao.jpeg?w=750&amp;ssl=1 750w, https:\/\/i0.wp.com\/blogdoeloiltoncajuhy.com.br\/site\/wp-content\/uploads\/2025\/03\/Saude-Bucal-Reproducao.jpeg?resize=300%2C200&amp;ssl=1 300w\" sizes=\"(max-width: 750px) 100vw, 750px\" \/><\/a><figcaption class=\"wp-element-caption\"><sub>Reprodu\u00e7\u00e3o<\/sub><\/figcaption><\/figure>\n\n\n\n<p>Os cuidados com a boca v\u00e3o muito al\u00e9m da est\u00e9tica. Por ser uma porta de entrada para a sa\u00fade geral do corpo, os cuidados devem ser redobrados. Isso porque, quando o cuidado \u00e9 negligenciado, mais do que uma c\u00e1rie, problemas ainda maiores podem surgir, como doen\u00e7as cardiovasculares. Para refor\u00e7ar a import\u00e2ncia dos cuidados com a boca e, assim, garantir bem-estar e qualidade de vida, \u00e9 celebrado em 20 de mar\u00e7o, o <strong><mark style=\"background-color:rgba(0, 0, 0, 0)\" class=\"has-inline-color has-black-color\">Dia Mundial da Sa\u00fade Bucal.<\/mark><\/strong><\/p>\n\n\n\n<blockquote class=\"wp-block-quote is-layout-flow wp-block-quote-is-layout-flow\">\n<p class=\"has-medium-font-size\"><strong><mark style=\"background-color:rgba(0, 0, 0, 0)\" class=\"has-inline-color has-black-color\">\u201cCuidar da sa\u00fade bucal \u00e9 preservar a sa\u00fade e o bem-estar de todo o organismo. Al\u00e9m de melhorar a autoestima, tamb\u00e9m evita c\u00e1rie, gengivite e outros problemas para a sa\u00fade geral do paciente\u201d, afirma a odont\u00f3loga do SESI Sa\u00fade, Daniela Falcadi.<\/mark><\/strong><\/p>\n<\/blockquote>\n\n\n\n<p>Al\u00e9m disso, a especialista pontua que manter os dentes e gengivas saud\u00e1veis contribui para uma boa alimenta\u00e7\u00e3o, auxilia na dic\u00e7\u00e3o e na comunica\u00e7\u00e3o, al\u00e9m de prevenir doen\u00e7as que podem afetar n\u00e3o apenas a boca, mas tamb\u00e9m acarretar problemas de sa\u00fade mais s\u00e9rios.<\/p>\n\n\n\n<p>O descuido com a sa\u00fade bucal pode acarretar problemas graves, como endocardite bacteriana, pneumonia, artrite reum\u00e1tica e at\u00e9 mesmo complica\u00e7\u00f5es na gesta\u00e7\u00e3o. \u201cAs bact\u00e9rias presentes na boca podem entrar na corrente sangu\u00ednea e atingir \u00f3rg\u00e3os vitais. Por exemplo: a gengivite pode fazer com que a bact\u00e9ria penetre na corrente sangu\u00ednea e chegue ao cora\u00e7\u00e3o causando a endocardite bacteriana. Um outro exemplo de complica\u00e7\u00e3o por falta de cuidado bucal \u00e9 a falta de cuidado durante a gesta\u00e7\u00e3o, em que gestantes com doen\u00e7as periodontais correm o risco maior de ter parto prematuro e o beb\u00ea nascer com baixo peso. Al\u00e9m disso, a doen\u00e7a periodontal pode estar associada \u00e0 impot\u00eancia e ao aumento do risco de o paciente desenvolver diabetes\u201d, alerta a odont\u00f3loga.<\/p>\n\n\n\n<p>Para evitar problemas como esses, a profissional de sa\u00fade refor\u00e7a que a preven\u00e7\u00e3o \u00e9 fundamental.<\/p>\n\n\n\n<blockquote class=\"wp-block-quote is-layout-flow wp-block-quote-is-layout-flow\">\n<p class=\"has-medium-font-size\"><strong><mark style=\"background-color:rgba(0, 0, 0, 0)\" class=\"has-inline-color has-black-color\">\u201cUma escova\u00e7\u00e3o dent\u00e1ria correta, o uso do fio dental e visitas peri\u00f3dicas ao dentista s\u00e3o medidas simples e eficazes para evitar doen\u00e7as bucais e manter a sa\u00fade em dia\u201d, pontua.<\/mark><\/strong><\/p>\n<\/blockquote>\n","protected":false},"excerpt":{"rendered":"<p>Blog do Eloilton Cajuhy &#8211; BEC Siga nosso canal no WhatsApp e veja mais not\u00edcias Os cuidados com a boca v\u00e3o muito al\u00e9m da est\u00e9tica. Por ser uma porta de entrada para a sa\u00fade geral do corpo, os cuidados devem ser redobrados. Isso porque, quando o cuidado \u00e9 negligenciado, mais do que uma c\u00e1rie, problemas [&hellip;]<\/p>\n","protected":false},"author":2,"featured_media":86585,"comment_status":"open","ping_status":"open","sticky":false,"template":"","format":"standard","meta":{"_acf_changed":false,"_monsterinsights_skip_tracking":false,"_monsterinsights_sitenote_active":false,"_monsterinsights_sitenote_note":"","_monsterinsights_sitenote_category":0,"_jetpack_memberships_contains_paid_content":false,"footnotes":"","jetpack_publicize_message":"","jetpack_publicize_feature_enabled":true,"jetpack_social_post_already_shared":false,"jetpack_social_options":{"image_generator_settings":{"template":"highway","enabled":false},"version":2}},"categories":[7],"tags":[],"class_list":["post-86584","post","type-post","status-publish","format-standard","has-post-thumbnail","hentry","category-saude"],"acf":[],"jetpack_publicize_connections":[],"jetpack_featured_media_url":"https:\/\/i0.wp.com\/blogdoeloiltoncajuhy.com.br\/site\/wp-content\/uploads\/2025\/03\/Saude-Bucal-Reproducao.jpeg?fit=750%2C500&ssl=1","jetpack_sharing_enabled":true,"publishpress_future_workflow_manual_trigger":{"enabledWorkflows":[]},"_links":{"self":[{"href":"https:\/\/blogdoeloiltoncajuhy.com.br\/site\/wp-json\/wp\/v2\/posts\/86584","targetHints":{"allow":["GET"]}}],"collection":[{"href":"https:\/\/blogdoeloiltoncajuhy.com.br\/site\/wp-json\/wp\/v2\/posts"}],"about":[{"href":"https:\/\/blogdoeloiltoncajuhy.com.br\/site\/wp-json\/wp\/v2\/types\/post"}],"author":[{"embeddable":true,"href":"https:\/\/blogdoeloiltoncajuhy.com.br\/site\/wp-json\/wp\/v2\/users\/2"}],"replies":[{"embeddable":true,"href":"https:\/\/blogdoeloiltoncajuhy.com.br\/site\/wp-json\/wp\/v2\/comments?post=86584"}],"version-history":[{"count":2,"href":"https:\/\/blogdoeloiltoncajuhy.com.br\/site\/wp-json\/wp\/v2\/posts\/86584\/revisions"}],"predecessor-version":[{"id":86587,"href":"https:\/\/blogdoeloiltoncajuhy.com.br\/site\/wp-json\/wp\/v2\/posts\/86584\/revisions\/86587"}],"wp:featuredmedia":[{"embeddable":true,"href":"https:\/\/blogdoeloiltoncajuhy.com.br\/site\/wp-json\/wp\/v2\/media\/86585"}],"wp:attachment":[{"href":"https:\/\/blogdoeloiltoncajuhy.com.br\/site\/wp-json\/wp\/v2\/media?parent=86584"}],"wp:term":[{"taxonomy":"category","embeddable":true,"href":"https:\/\/blogdoeloiltoncajuhy.com.br\/site\/wp-json\/wp\/v2\/categories?post=86584"},{"taxonomy":"post_tag","embeddable":true,"href":"https:\/\/blogdoeloiltoncajuhy.com.br\/site\/wp-json\/wp\/v2\/tags?post=86584"}],"curies":[{"name":"wp","href":"https:\/\/api.w.org\/{rel}","templated":true}]}}